{"id":18318,"date":"2025-05-06T22:30:38","date_gmt":"2025-05-06T21:30:38","guid":{"rendered":"http:\/\/culturaliagz.com\/?p=18318"},"modified":"2025-05-06T22:31:31","modified_gmt":"2025-05-06T21:31:31","slug":"que-parece-un-principio-o-novo-e-honesto-ep-de-gala-i-ovidio-ve-a-luz","status":"publish","type":"post","link":"http:\/\/culturaliagz.com\/?p=18318","title":{"rendered":"&#8220;Que parece un principio&#8221;, o novo e honesto EP de Gala i Ovidio, ve a luz"},"content":{"rendered":"\n<p><\/p>\n\n\n<div class=\"wp-block-image\">\n<figure class=\"aligncenter size-full\"><a href=\"http:\/\/culturaliagz.com\/wp-content\/uploads\/2025\/05\/QUE-PARECE-UN-PRINCIPIO_EP2.jpeg\" target=\"_blank\" rel=\"noreferrer noopener\"><img loading=\"lazy\" decoding=\"async\" width=\"600\" height=\"600\" src=\"http:\/\/culturaliagz.com\/wp-content\/uploads\/2025\/05\/QUE-PARECE-UN-PRINCIPIO_EP2.jpeg\" alt=\"\" class=\"wp-image-18319\" srcset=\"http:\/\/culturaliagz.com\/wp-content\/uploads\/2025\/05\/QUE-PARECE-UN-PRINCIPIO_EP2.jpeg 600w, http:\/\/culturaliagz.com\/wp-content\/uploads\/2025\/05\/QUE-PARECE-UN-PRINCIPIO_EP2-480x480.jpeg 480w\" sizes=\"auto, (min-width: 0px) and (max-width: 480px) 480px, (min-width: 481px) 600px, 100vw\" \/><\/a><\/figure>\n<\/div>\n\n\n<p><\/p>\n\n\n\n<p><\/p>\n\n\n\n<p class=\"has-text-align-justify\" style=\"font-size:17px\">DENTRO DEL PUBL\u00cdCASE&nbsp;<em>FANTASMAS QUE SE OCULTAN<\/em>, O TEMA PRINCIPAL DO TRABALLO<\/p>\n\n\n\n<p><\/p>\n\n\n\n<p class=\"has-text-align-justify\">Un final que parece un principio. Esta \u00e9 a frase que se crea ao xuntar os t\u00edtulos dos dous EP de&nbsp;<strong>Gala i Ovidio<\/strong>&nbsp;que sa\u00edron no \u00faltimos tres meses, as primeiras canci\u00f3ns da s\u00faa traxectoria, os primeiros pasos xuntos deste d\u00fao formado por Aida Tarr\u00edo e Ra\u00fcl Refree.&nbsp; Hoxe, baixo ese&nbsp;<strong><em><u><a href=\"https:\/\/ffm.to\/quepareceunprincipio\" target=\"_blank\" rel=\"noreferrer noopener\">Que parece un principio<\/a><\/u><\/em><\/strong>, abren un novo cami\u00f1o na s\u00faa traxectoria.<\/p>\n\n\n\n<p class=\"has-text-align-justify\">Este segundo EP, unha colecci\u00f3n de seis canci\u00f3ns das que xa co\u00f1eciamos dous adiantos,&nbsp;<strong><em><u><a href=\"https:\/\/ffm.to\/siquiero_?fbclid=PAZXh0bgNhZW0CMTEAAacD3nw0Fe78aP5x1oSeaLZPN5GOvpCp-IYEIlKHSGgLrN4bUhrla3CrheZmKQ_aem_XQlqGaIxkZxbpio85J_b6w\" target=\"_blank\" rel=\"noreferrer noopener\">S\u00ed quiero<\/a><\/u><\/em><\/strong>&nbsp;e&nbsp;<strong><em><u><a href=\"https:\/\/orcd.co\/nopuedo_gio\" target=\"_blank\" rel=\"noreferrer noopener\">No puedo<\/a><\/u><\/em><\/strong>, \u00e9 un novo xiro musical cara a terreos da canci\u00f3n pop, sempre experimentando coas texturas e emocionando coas melod\u00edas e as letras. A\u00ednda que a primeira entrega, o primeiro dos dous EPs, trataba o concepto da perda, o baleiro e o final, a fogueira onde se queiman os barcos para comezar unha nova vida,&nbsp;<strong><em><u><a href=\"https:\/\/ffm.to\/quepareceunprincipio\" target=\"_blank\" rel=\"noreferrer noopener\">Que parece un principio<\/a><\/u><\/em><\/strong>&nbsp;narra a procura dunha nova vida, a ferida en proceso de curaci\u00f3n e a dificultade de atopar o amor cando non se est\u00e1 preparado. Uns textos que na voz de Aida resoan honestos e emocionantes e l\u00e9vannos a imaxinar unha viaxe persoal que, ilustrado por un concepto musical tan arriscado como redondo e profundo, par\u00e9cenos tan \u00fanico que o facemos noso. Quen non tivo que volver comezar algunha vez? Quen non se sentiu incapaz de amar de novo?<\/p>\n\n\n\n<p class=\"has-text-align-justify\">Do mesmo xeito que en&nbsp;<strong><em><u><a href=\"https:\/\/ffm.to\/unfinal_\" target=\"_blank\" rel=\"noreferrer noopener\">Un final<\/a><\/u><\/em><\/strong>,&nbsp;<strong><em><u><a href=\"https:\/\/ffm.to\/quepareceunprincipio\" target=\"_blank\" rel=\"noreferrer noopener\">Que parece un principio<\/a><\/u><\/em><\/strong>&nbsp;acaba cunha canci\u00f3n tradicional, unha espadelada, que conducida por sorpresa ao terreo do&nbsp;<em>noise<\/em>, mesmo do&nbsp;<em>metal<\/em>, e da enerx\u00eda extrema l\u00e9mbranos as ra\u00edces do grupo, onde se atoparon e cal \u00e9 sempre \u00e9 punto de partida e a orixe musical destes dous m\u00fasicos que xuntos deron vida a unha das formaci\u00f3ns m\u00e1is excitantes do ano.<\/p>\n\n\n\n<p><\/p>\n\n\n<div class=\"wp-block-image\">\n<figure class=\"aligncenter size-full is-resized\"><a href=\"http:\/\/culturaliagz.com\/wp-content\/uploads\/2025\/05\/image.jpg\" target=\"_blank\" rel=\"noreferrer noopener\"><img loading=\"lazy\" decoding=\"async\" width=\"600\" height=\"431\" src=\"http:\/\/culturaliagz.com\/wp-content\/uploads\/2025\/05\/image.jpg\" alt=\"\" class=\"wp-image-18321\" style=\"width:600px;height:auto\" srcset=\"http:\/\/culturaliagz.com\/wp-content\/uploads\/2025\/05\/image.jpg 600w, http:\/\/culturaliagz.com\/wp-content\/uploads\/2025\/05\/image-480x345.jpg 480w\" sizes=\"auto, (min-width: 0px) and (max-width: 480px) 480px, (min-width: 481px) 600px, 100vw\" \/><\/a><figcaption class=\"wp-element-caption\"><em>Foto: Beto Pinto<\/em><\/figcaption><\/figure>\n<\/div>\n\n\n<p><\/p>\n\n\n\n<p><strong><em>Fantasmas que se ocultan<\/em>, focus track do EP<\/strong><\/p>\n\n\n\n<p class=\"has-text-align-justify\"><strong><em>Fantasmas que se ocultan<\/em><\/strong>&nbsp;exerce como canci\u00f3n principal do segundo EP de Gala i Ovidio, vendo a luz dentro do traballo discogr\u00e1fico. O d\u00fao entrega con este tema unha melod\u00eda redonda e emocional que \u00e9 sen d\u00fabida unha das canci\u00f3ns m\u00e1is pop do seu repertorio e unha peza que mostra un rexistro que non viramos antes. Guitarras arpexadas que se mesturan con ritmos electr\u00f3nicos e \u00f3rganos esnaquizados para dar forma a unha homenaxe evidente \u00e1 cidade onde se co\u00f1eceron, Santiago de Compostela, e a todas as pantasmas que, como en calquera cidade, se agochan nos recunchos das r\u00faas laber\u00ednticas que forman o seu casco antigo. Unha cidade, un pasado e unha espera que non remata nunca, Gala i Ovidio e unha viaxe que xusto est\u00e1 a empezar pero que xa deu algunhas das mellores canci\u00f3ns do ano.<\/p>\n\n\n\n<p><\/p>\n\n\n<div class=\"wp-block-image\">\n<figure class=\"aligncenter size-full is-resized\"><a href=\"http:\/\/culturaliagz.com\/wp-content\/uploads\/2025\/05\/Gala-i-Ovidio-EP2-QUE-PARECE-UN-PRINCIPIO-x-Pol-Gonzalez-Novell.jpeg\" target=\"_blank\" rel=\"noreferrer noopener\"><img loading=\"lazy\" decoding=\"async\" width=\"600\" height=\"400\" src=\"http:\/\/culturaliagz.com\/wp-content\/uploads\/2025\/05\/Gala-i-Ovidio-EP2-QUE-PARECE-UN-PRINCIPIO-x-Pol-Gonzalez-Novell.jpeg\" alt=\"\" class=\"wp-image-18320\" style=\"width:600px;height:auto\" srcset=\"http:\/\/culturaliagz.com\/wp-content\/uploads\/2025\/05\/Gala-i-Ovidio-EP2-QUE-PARECE-UN-PRINCIPIO-x-Pol-Gonzalez-Novell.jpeg 600w, http:\/\/culturaliagz.com\/wp-content\/uploads\/2025\/05\/Gala-i-Ovidio-EP2-QUE-PARECE-UN-PRINCIPIO-x-Pol-Gonzalez-Novell-480x320.jpeg 480w\" sizes=\"auto, (min-width: 0px) and (max-width: 480px) 480px, (min-width: 481px) 600px, 100vw\" \/><\/a><figcaption class=\"wp-element-caption\"><em>Foto: Pol Gonz\u00e1lez Novell<\/em><\/figcaption><\/figure>\n<\/div>\n\n\n<p><\/p>\n\n\n\n<p><\/p>\n\n\n\n<p><strong>Aida Tarr\u00edo<\/strong><\/p>\n\n\n\n<p class=\"has-text-align-justify\"><a href=\"https:\/\/www.instagram.com\/aidatarrio\/\" target=\"_blank\" rel=\"noreferrer noopener\">Aida<\/a>, integrante do grupo&nbsp;<a href=\"https:\/\/open.spotify.com\/intl-es\/artist\/1iHb53TMjvMaXZm0s4RWZi?si=9uMcAodTRlOnXDQi49n0pQ\" target=\"_blank\" rel=\"noreferrer noopener\">Tanxugueiras<\/a>, \u00e9 unha artista multidisciplinar que combina o seu talento vocal xunto \u00e1 s\u00faa destreza no baile. Compaxina a s\u00faa presenza no grupo m\u00e1is importante da m\u00fasica galega actual con proxectos persoais que exploran diferentes expresi\u00f3ns art\u00edsticas.&nbsp;<a href=\"https:\/\/www.instagram.com\/aidatarrio\/\" target=\"_blank\" rel=\"noreferrer noopener\">Aida<\/a>&nbsp;transita con naturalidade entre a m\u00fasica e a danza, sendo int\u00e9rprete en destacadas creaci\u00f3ns esc\u00e9nicas da prestixiosa Compa\u00f1\u00eda Fran Sieira ou xunto ao reco\u00f1ecido core\u00f3grafo Dani Rodr\u00edguez. A s\u00faa formaci\u00f3n e traxectoria est\u00e1n vinculadas \u00e1 m\u00fasica tradicional galega, da que \u00e9 docente e expo\u00f1ente, levando a s\u00faa cultura e tradici\u00f3n ata novos l\u00edmites.<\/p>\n\n\n\n<p><strong>Ra\u00fcl Refree<\/strong><\/p>\n\n\n\n<p class=\"has-text-align-justify\"><a href=\"https:\/\/open.spotify.com\/intl-es\/artist\/5TPIp7TiaJOVn2sZ4s4JDy?si=7xIW_5OgQRq6grvjzBErvQ\">Ra\u00fcl <\/a><a href=\"https:\/\/open.spotify.com\/intl-es\/artist\/5TPIp7TiaJOVn2sZ4s4JDy?si=7xIW_5OgQRq6grvjzBErvQ\" target=\"_blank\" rel=\"noreferrer noopener\">Refree<\/a>&nbsp;\u00e9 un dos produtores europeos m\u00e1is aclamados da \u00faltima d\u00e9cada. A s\u00faa amplitude estil\u00edstica e versatilidade lev\u00e1ronlle a ter un perfil que vai desde m\u00fasico experimental a produtor de estrelas do pop ou compositor de bandas sonoras premiadas, como \u201cLa Mes\u00edas\u201d ou \u201cUn a\u00f1o, una noche\u201d<\/p>\n\n\n\n<p class=\"has-text-align-justify\">Interesado desde os seus inicios na renovaci\u00f3n da m\u00fasica tradicional,&nbsp;<a href=\"https:\/\/open.spotify.com\/intl-es\/artist\/5TPIp7TiaJOVn2sZ4s4JDy?si=7xIW_5OgQRq6grvjzBErvQ\" target=\"_blank\" rel=\"noreferrer noopener\">Ra\u00fcl Refree<\/a>&nbsp;converteuse nos \u00faltimos anos no nome de referencia do novo flamenco en Espa\u00f1a traballando xunto a nomes como Rosal\u00eda, Roc\u00edo M\u00e1rquez ou Ni\u00f1o de Elche. O seu \u00e1lbum con Rosal\u00eda, Los \u00c1ngeles, foi Disco de Ouro en varias ocasi\u00f3ns. Estrelas como Ricky Martin reivindican o seu talento mentres el segue apostando por novos talentos por descubrir, como Rodrigo Cuevas, Guitarricadelafuente ou Maestro Espada.<\/p>\n\n\n\n<p><\/p>\n\n\n\n<p><\/p>\n","protected":false},"excerpt":{"rendered":"<p>DENTRO DEL PUBL\u00cdCASE&nbsp;FANTASMAS QUE SE OCULTAN, O TEMA PRINCIPAL DO TRABALLO Un final que parece un principio. Esta \u00e9 a frase que se crea ao xuntar os t\u00edtulos dos dous [&hellip;]<\/p>\n","protected":false},"author":1,"featured_media":0,"comment_status":"open","ping_status":"open","sticky":false,"template":"","format":"standard","meta":{"_et_pb_use_builder":"","_et_pb_old_content":"","_et_gb_content_width":"","_jetpack_memberships_contains_paid_content":false,"footnotes":""},"categories":[23,7,6,57,1],"tags":[2753,2996,2756,2997,2754],"class_list":["post-18318","post","type-post","status-publish","format-standard","hentry","category-autoresas","category-creacion","category-novas","category-outras-artes","category-xeral","tag-aida-tarrio","tag-fantasmas-que-se-ocultan","tag-gala-i-ovidio","tag-que-parece-un-principio","tag-raul-refree"],"jetpack_featured_media_url":"","jetpack_sharing_enabled":true,"_links":{"self":[{"href":"http:\/\/culturaliagz.com\/index.php?rest_route=\/wp\/v2\/posts\/18318","targetHints":{"allow":["GET"]}}],"collection":[{"href":"http:\/\/culturaliagz.com\/index.php?rest_route=\/wp\/v2\/posts"}],"about":[{"href":"http:\/\/culturaliagz.com\/index.php?rest_route=\/wp\/v2\/types\/post"}],"author":[{"embeddable":true,"href":"http:\/\/culturaliagz.com\/index.php?rest_route=\/wp\/v2\/users\/1"}],"replies":[{"embeddable":true,"href":"http:\/\/culturaliagz.com\/index.php?rest_route=%2Fwp%2Fv2%2Fcomments&post=18318"}],"version-history":[{"count":2,"href":"http:\/\/culturaliagz.com\/index.php?rest_route=\/wp\/v2\/posts\/18318\/revisions"}],"predecessor-version":[{"id":18323,"href":"http:\/\/culturaliagz.com\/index.php?rest_route=\/wp\/v2\/posts\/18318\/revisions\/18323"}],"wp:attachment":[{"href":"http:\/\/culturaliagz.com\/index.php?rest_route=%2Fwp%2Fv2%2Fmedia&parent=18318"}],"wp:term":[{"taxonomy":"category","embeddable":true,"href":"http:\/\/culturaliagz.com\/index.php?rest_route=%2Fwp%2Fv2%2Fcategories&post=18318"},{"taxonomy":"post_tag","embeddable":true,"href":"http:\/\/culturaliagz.com\/index.php?rest_route=%2Fwp%2Fv2%2Ftags&post=18318"}],"curies":[{"name":"wp","href":"https:\/\/api.w.org\/{rel}","templated":true}]}}