{"id":18143,"date":"2025-04-20T10:01:00","date_gmt":"2025-04-20T09:01:00","guid":{"rendered":"http:\/\/culturaliagz.com\/?p=18143"},"modified":"2025-04-20T00:40:01","modified_gmt":"2025-04-19T23:40:01","slug":"alvela-o-novo-disco-de-faia-estara-disponible-nas-plataformas-dixitais-a-partir-do-23-de-abril","status":"publish","type":"post","link":"http:\/\/culturaliagz.com\/?p=18143","title":{"rendered":"\u2018Alvela\u2019, o novo disco de FAIA, estar\u00e1 dispo\u00f1ible nas plataformas dixitais a partir do 23 de abril"},"content":{"rendered":"\n<p><\/p>\n\n\n\n<figure class=\"wp-block-image size-full is-resized\"><a href=\"http:\/\/culturaliagz.com\/wp-content\/uploads\/2025\/04\/Faia-FOTO-Arancha-Brandon-scaled.jpeg\" target=\"_blank\" rel=\"noreferrer noopener\"><img loading=\"lazy\" decoding=\"async\" width=\"1829\" height=\"2560\" src=\"http:\/\/culturaliagz.com\/wp-content\/uploads\/2025\/04\/Faia-FOTO-Arancha-Brandon-scaled.jpeg\" alt=\"\" class=\"wp-image-18144\" style=\"width:783px;height:auto\" srcset=\"http:\/\/culturaliagz.com\/wp-content\/uploads\/2025\/04\/Faia-FOTO-Arancha-Brandon-scaled.jpeg 1829w, http:\/\/culturaliagz.com\/wp-content\/uploads\/2025\/04\/Faia-FOTO-Arancha-Brandon-1280x1792.jpeg 1280w, http:\/\/culturaliagz.com\/wp-content\/uploads\/2025\/04\/Faia-FOTO-Arancha-Brandon-980x1372.jpeg 980w, http:\/\/culturaliagz.com\/wp-content\/uploads\/2025\/04\/Faia-FOTO-Arancha-Brandon-480x672.jpeg 480w\" sizes=\"auto, (min-width: 0px) and (max-width: 480px) 480px, (min-width: 481px) and (max-width: 980px) 980px, (min-width: 981px) and (max-width: 1280px) 1280px, (min-width: 1281px) 1829px, 100vw\" \/><\/a><\/figure>\n\n\n\n<p><\/p>\n\n\n\n<p><\/p>\n\n\n\n<ul class=\"wp-block-list\">\n<li><strong>Ata agora public\u00e1ronse, ademais do sinxelo \u2019E se queres\u2019, os temas \u2018Dona Alvela\u2019, \u2018Escrib\u00edache\u2019 e \u2018Teno sono\u2019 a trav\u00e9s das redes sociais da artista&nbsp;<\/strong><\/li>\n\n\n\n<li><strong>O lanzamento de \u2018Alvela\u2019 coincide co concerto presentaci\u00f3n, tam\u00e9n o&nbsp;23 de abril&nbsp;no Teatro Principal de Santiago, que xa esgotou as entradas dispo\u00f1ibles&nbsp;<\/strong><\/li>\n\n\n\n<li><strong>A partir de hoxe, martes 15, \u00e9 posible adquirir localidades con visibilidade reducida, a metade de prezo, na Zona C&nbsp;<\/strong><\/li>\n<\/ul>\n\n\n\n<p class=\"has-text-align-justify\"><br><strong><em>Alvela<\/em><\/strong>, o&nbsp;<strong>novo disco de FAIA<\/strong>, estar\u00e1&nbsp;<strong>dispo\u00f1ible nas principais plataformas dixitais a partir das 00.00 horas do vindeiro&nbsp;23 de abril<\/strong>. Tr\u00e1tase dun traballo complexo e sutil que transita pola experiencia da maternidade, a memoria do corpo e as violencias que o atravesan, mais tam\u00e9n sobre a forza que reside no \u00edntimo, no desexo e no pracer.&nbsp;<br><br>Son dez os temas que conforman o LP, dos que xa se co\u00f1ecen&nbsp;<em><a href=\"https:\/\/open.spotify.com\/intl-es\/track\/3jPnfLjJ2DknC6CtisdVEI\" target=\"_blank\" rel=\"noreferrer noopener\">E se queres<\/a><\/em>, o primeiro adianto; ademais de&nbsp;<em><a href=\"https:\/\/open.spotify.com\/intl-es\/track\/4TsWW5gH2ncRyh6ehhe6mH\">Dona Alvela<\/a><\/em>, que parte dunha peza do romanceiro tradicional e que aborda a violencia sobre a muller no momento do parto, e <em><a href=\"https:\/\/open.spotify.com\/intl-es\/track\/30Fp1sHX4fbN7z3vQbxrLn\" target=\"_blank\" rel=\"noreferrer noopener\">Escri<\/a><\/em><a href=\"https:\/\/open.spotify.com\/intl-es\/track\/30Fp1sHX4fbN7z3vQbxrLn\"><em>b\u00edache<\/em><\/a>, que procede do repertorio de Erminda Miramontes. A propia FAIA foi dando a co\u00f1ecer estes temas no seu perfil de Instragram a trav\u00e9s dunhas animaci\u00f3ns elaboradas pola artista pl\u00e1stica Blanca Gracia. Esta mesma ma\u00f1\u00e1 a creadora v\u00e9n de publicar o derradeiro avance de&nbsp;<strong><em>Alvela<\/em><\/strong>, o arrolo tradicional&nbsp;<a href=\"https:\/\/open.spotify.com\/intl-es\/album\/6bRsBapixkW1z8WRq6NVLP\" target=\"_blank\" rel=\"noreferrer noopener\"><em>Te\u00f1o sono<\/em><\/a>, unha peza na que a arpa sost\u00e9n, coa s\u00faa r\u00edtmica, o car\u00e1cter circular, case m\u00e1ntrico, dun canto a d\u00fao. &nbsp;<br><br>O&nbsp;23 de abril&nbsp;desvelarase nas principais plataformas dixitais o resto do disco, que sair\u00e1 proximamente en formato vinilo, ata completar os dez que integran&nbsp;<strong><em>Alvela<\/em><\/strong>, un traballo producido por Hevi (Malandr\u00f3meda, Fluzo) e que conta coas colaboraci\u00f3ns de Bleuenn Le Friec, Ant\u00eda Ameixeiras, Ant\u00eda Mu\u00ed\u00f1o, De Vacas ou Suelen Estar Quartet. O concepto visual do \u00e1lbum foi elaborado xunto con Melania Freire e as acuarelas e as animaci\u00f3ns que acompa\u00f1an as canci\u00f3ns son obra de Blanca Gracia. A poeta Ant\u00eda Otero acompa\u00f1ou na conceptualizaci\u00f3n xeral e no seguimento do proceso do disco.&nbsp;<br><br><strong>As canci\u00f3ns de&nbsp;<em>Alvela&nbsp;<\/em><\/strong><\/p>\n\n\n\n<ol class=\"wp-block-list\">\n<li>E se queres&nbsp;<\/li>\n\n\n\n<li>Escrib\u00edache&nbsp;<\/li>\n\n\n\n<li>Coc\u00f3n&nbsp;<\/li>\n\n\n\n<li>Dona Alvela&nbsp;<\/li>\n\n\n\n<li>Mixurri\u00f1a &nbsp;<\/li>\n\n\n\n<li>Tot\u00f3n&nbsp;<\/li>\n\n\n\n<li>O romance&nbsp;<\/li>\n\n\n\n<li>Te\u00f1o sono&nbsp;<\/li>\n\n\n\n<li>Maruxi\u00f1a&nbsp;<\/li>\n\n\n\n<li>Canta rola &nbsp;<\/li>\n<\/ol>\n\n\n\n<p class=\"has-text-align-justify\"><strong>Entradas esgotadas&nbsp;<\/strong><br><br>O lanzamento de Alvela nas plataformas o d\u00eda&nbsp;<strong>23 de abril<\/strong>&nbsp;coincidir\u00e1 co c<strong>oncerto de presentaci\u00f3n no Teatro Principal de Santiago<\/strong>, un evento encadrado na programaci\u00f3n musical de Compostela Cultura. A\u00ednda que as entradas para o concerto est\u00e1n&nbsp;<strong>esgotadas<\/strong>, \u00e9 posible adquirir localidades con visibilidade reducida a metade de prezo desde hoxe, 15 de abril, na Zona C -c\u00f3mpre lembrar que, por mor dos festivos, s\u00f3 estar\u00e1 aberta hoxe, ma\u00f1\u00e1 e, de novo, o&nbsp;martes 22&nbsp;de abril-. No caso de que non se esgoten estes boletos, o p\u00fablico poder\u00e1 coller as \u00faltimas butacas na billeteira do teatro unha hora antes do comezo do concerto.&nbsp;<br><br>Na presentaci\u00f3n p\u00fablica de Alvela no Teatro Principal, FAIA estar\u00e1 acompa\u00f1ada da arpista bretoa Bleuenn Le Friec e mais do cuarteto vigu\u00e9s de cordas Suelen Estar Quartet, integrado por Elena V\u00e1zquez (viol\u00edn), Mar\u00eda Jos\u00e9 P\u00e1mpano (viol\u00edn\/viola), Macarena Montesinos (violonchelo) e Sa\u00fal Puga (contrabaixo). A proposta musical completarase co vestiario de Melania Freire e co dese\u00f1o de luz a cargo de Nonon Lab.&nbsp;<br><br><strong>Sobre FAIA&nbsp;<\/strong><br><br>FAIA D\u00edaz Novo \u00e9 cantante, creadora e historiadora da arte. Compaxina a s\u00faa carreira musical en solitario coa participaci\u00f3n en grupos como De Vacas, o Coro Encaixe e o tr\u00edo Nacho.Faia.Lar. No 2018 publicou o seu primeiro disco en solitario,&nbsp;<em>Ao cabo leir\u00edn<\/em>, unha autoedici\u00f3n en vinilo centrada no cancioneiro tradicional e reinterpretado en clave feminista e contempor\u00e1nea. Este abril presenta&nbsp;<em>Alvela<\/em>, o seu segundo traballo.&nbsp;<br><br><br><strong>CONCERTO DE PRESENTACI\u00d3N DE \u2018ALVELA\u2019 | ENTRADAS ESGOTADAS&nbsp;<\/strong><br><br>23 de abril&nbsp;|&nbsp;20.30 h&nbsp;| Teatro Principal (Santiago de Compostela)&nbsp;<br><br>Venda de entradas con visibilidade reducida:&nbsp;<\/p>\n\n\n\n<ul class=\"wp-block-list\">\n<li>Zona C \u00b7 Punto de Informaci\u00f3n Cultural (15, 16, 22 e 23 de abril, 11-14 h e&nbsp;16-19 h)&nbsp;<\/li>\n\n\n\n<li>Despacho de billetes do Teatro Principal (o d\u00eda do concerto dende as&nbsp;19.30 h)<\/li>\n<\/ul>\n\n\n\n<p><strong>TEMAS PUBLICADOS DE \u2018ALVELA\u2019:&nbsp;&nbsp;<\/strong><\/p>\n\n\n\n<ul class=\"wp-block-list\">\n<li><em>E se queres<\/em>:&nbsp;<a href=\"https:\/\/open.spotify.com\/intl-es\/track\/3jPnfLjJ2DknC6CtisdVEI\" target=\"_blank\" rel=\"noreferrer noopener\">https:\/\/open.spotify.com\/intl-es\/track\/3jPnfLjJ2DknC6CtisdVEI<\/a><\/li>\n\n\n\n<li><em>Dona Alvela<\/em>:&nbsp;<a href=\"https:\/\/open.spotify.com\/intl-es\/track\/4TsWW5gH2ncRyh6ehhe6mH\" target=\"_blank\" rel=\"noreferrer noopener\">https:\/\/open.spotify.com\/intl-es\/track\/4TsWW5gH2ncRyh6ehhe6mH<\/a><\/li>\n\n\n\n<li><em>Escrib\u00edache<\/em>:&nbsp;<a href=\"https:\/\/open.spotify.com\/intl-es\/track\/30Fp1sHX4fbN7z3vQbxrLn\" target=\"_blank\" rel=\"noreferrer noopener\">https:\/\/open.spotify.com\/intl-es\/track\/30Fp1sHX4fbN7z3vQbxrLn<\/a><\/li>\n\n\n\n<li><em>Te\u00f1o sono<\/em>:&nbsp;<a href=\"https:\/\/open.spotify.com\/intl-es\/album\/6bRsBapixkW1z8WRq6NVLP\" target=\"_blank\" rel=\"noreferrer noopener\">https:\/\/open.spotify.com\/intl-es\/album\/6bRsBapixkW1z8WRq6NVLP<\/a><\/li>\n<\/ul>\n\n\n\n<p><strong>VIDEOCLIP \u2018E SE QUERES\u2019 |<\/strong>\u00a0<a href=\"https:\/\/youtu.be\/vcjRdVp8bqc\" target=\"_blank\" rel=\"noreferrer noopener\">https:\/\/youtu.be\/vcjRdVp8bqc<\/a><\/p>\n\n\n\n<p><\/p>\n\n\n\n<p><\/p>\n\n\n\n<figure class=\"wp-block-embed is-type-video is-provider-youtube wp-block-embed-youtube wp-embed-aspect-16-9 wp-has-aspect-ratio\"><div class=\"wp-block-embed__wrapper\">\n<iframe loading=\"lazy\" title=\"FAIA - E se queres\" width=\"1080\" height=\"608\" src=\"https:\/\/www.youtube.com\/embed\/vcjRdVp8bqc?feature=oembed\" frameborder=\"0\" allow=\"accelerometer; autoplay; clipboard-write; encrypted-media; gyroscope; picture-in-picture; web-share\" referrerpolicy=\"strict-origin-when-cross-origin\" allowfullscreen><\/iframe>\n<\/div><\/figure>\n","protected":false},"excerpt":{"rendered":"<p>Alvela, o&nbsp;novo disco de FAIA, estar\u00e1&nbsp;dispo\u00f1ible nas principais plataformas dixitais a partir das 00.00 horas do vindeiro&nbsp;23 de abril. Tr\u00e1tase dun traballo complexo e sutil que transita pola experiencia da [&hellip;]<\/p>\n","protected":false},"author":1,"featured_media":0,"comment_status":"open","ping_status":"open","sticky":false,"template":"","format":"standard","meta":{"_et_pb_use_builder":"","_et_pb_old_content":"","_et_gb_content_width":"","_jetpack_memberships_contains_paid_content":false,"footnotes":""},"categories":[23,7,6,57,1],"tags":[2846,2956,2847,2957,421,2958],"class_list":["post-18143","post","type-post","status-publish","format-standard","hentry","category-autoresas","category-creacion","category-novas","category-outras-artes","category-xeral","tag-alvela","tag-dona-alvela","tag-e-se-queres","tag-escribiache","tag-faia-diaz","tag-teno-sono"],"jetpack_featured_media_url":"","jetpack_sharing_enabled":true,"_links":{"self":[{"href":"http:\/\/culturaliagz.com\/index.php?rest_route=\/wp\/v2\/posts\/18143","targetHints":{"allow":["GET"]}}],"collection":[{"href":"http:\/\/culturaliagz.com\/index.php?rest_route=\/wp\/v2\/posts"}],"about":[{"href":"http:\/\/culturaliagz.com\/index.php?rest_route=\/wp\/v2\/types\/post"}],"author":[{"embeddable":true,"href":"http:\/\/culturaliagz.com\/index.php?rest_route=\/wp\/v2\/users\/1"}],"replies":[{"embeddable":true,"href":"http:\/\/culturaliagz.com\/index.php?rest_route=%2Fwp%2Fv2%2Fcomments&post=18143"}],"version-history":[{"count":3,"href":"http:\/\/culturaliagz.com\/index.php?rest_route=\/wp\/v2\/posts\/18143\/revisions"}],"predecessor-version":[{"id":18148,"href":"http:\/\/culturaliagz.com\/index.php?rest_route=\/wp\/v2\/posts\/18143\/revisions\/18148"}],"wp:attachment":[{"href":"http:\/\/culturaliagz.com\/index.php?rest_route=%2Fwp%2Fv2%2Fmedia&parent=18143"}],"wp:term":[{"taxonomy":"category","embeddable":true,"href":"http:\/\/culturaliagz.com\/index.php?rest_route=%2Fwp%2Fv2%2Fcategories&post=18143"},{"taxonomy":"post_tag","embeddable":true,"href":"http:\/\/culturaliagz.com\/index.php?rest_route=%2Fwp%2Fv2%2Ftags&post=18143"}],"curies":[{"name":"wp","href":"https:\/\/api.w.org\/{rel}","templated":true}]}}