{"id":18105,"date":"2025-04-12T22:41:20","date_gmt":"2025-04-12T21:41:20","guid":{"rendered":"http:\/\/culturaliagz.com\/?p=18105"},"modified":"2025-04-12T22:43:23","modified_gmt":"2025-04-12T21:43:23","slug":"o-galego-mellorara-a-sua-presenza-no-mundo-dixital-grazas-aos-10-000-fragmentos-de-voz-do-validaton","status":"publish","type":"post","link":"http:\/\/culturaliagz.com\/?p=18105","title":{"rendered":"O galego mellorar\u00e1 a s\u00faa presenza no mundo dixital grazas aos 10.000 fragmentos de voz do Validat\u00f3n"},"content":{"rendered":"\n<p><\/p>\n\n\n\n<p><\/p>\n\n\n<div class=\"wp-block-image\">\n<figure class=\"aligncenter size-large\"><a href=\"http:\/\/culturaliagz.com\/wp-content\/uploads\/2025\/04\/Ganadores-Validaton-2025.jpeg\"><img loading=\"lazy\" decoding=\"async\" width=\"1024\" height=\"768\" src=\"http:\/\/culturaliagz.com\/wp-content\/uploads\/2025\/04\/Ganadores-Validaton-2025-1024x768.jpeg\" alt=\"\" class=\"wp-image-18106\" srcset=\"http:\/\/culturaliagz.com\/wp-content\/uploads\/2025\/04\/Ganadores-Validaton-2025-980x735.jpeg 980w, http:\/\/culturaliagz.com\/wp-content\/uploads\/2025\/04\/Ganadores-Validaton-2025-480x360.jpeg 480w\" sizes=\"auto, (min-width: 0px) and (max-width: 480px) 480px, (min-width: 481px) and (max-width: 980px) 980px, (min-width: 981px) 1024px, 100vw\" \/><\/a><figcaption class=\"wp-element-caption\"><em>Ga\u00f1adores das distintas categor\u00edas e representantes de Atlantic Ponte e Imaxin Software<\/em><\/figcaption><\/figure>\n<\/div>\n\n\n<p><\/p>\n\n\n\n<p><\/p>\n\n\n\n<p> <\/p>\n\n\n\n<ul class=\"wp-block-list\">\n<li><strong>O Validat\u00f3n, no que participaron unha trintena de persoas, \u00e9 un marat\u00f3n de validaci\u00f3n e gravaci\u00f3n de fragmentos de voz en galego doados \u00e1 plataforma p\u00fablica Common Voice<\/strong><\/li>\n\n\n\n<li><strong>Esta segunda edici\u00f3n, organizada polo Instituto da Lingua Galega (ILG) e o Proxecto N\u00f3s, engadiu 13 horas de contribuci\u00f3n aos datos de voz en galego en Common Voice<\/strong><\/li>\n<\/ul>\n\n\n\n<p class=\"has-text-align-justify\">O\u00a0<strong>Validat\u00f3n 2025<\/strong>\u00a0pechou a s\u00faa segunda edici\u00f3n cun balance de 10.000 fragmentos de audio revisados e gravados durante a fase en li\u00f1a que supo\u00f1en 13 horas de contribuci\u00f3n aos datos de voz en galego en Common Voice: 6 de gravaci\u00f3n e 7 de validaci\u00f3n. Ademais, na fase presencial celebrada este xoves 10 de abril, os participantes crearon un total de 1920 frases que se engadir\u00e1n \u00e1 plataforma para a s\u00faa lectura.<\/p>\n\n\n\n<p class=\"has-text-align-justify\">A actividade, organizada polo&nbsp;<a href=\"https:\/\/ilg.usc.gal\/es\" target=\"_blank\" rel=\"noreferrer noopener\">Instituto da Lingua Galega (ILG)<\/a>&nbsp;e mais o&nbsp;<a href=\"https:\/\/nos.gal\/gl\/proxecto-nos\/recursos\" target=\"_blank\" rel=\"noreferrer noopener\">Proxecto N\u00f3s<\/a>, estaba dirixida a estudantes da Facultade de Filolox\u00eda da Universidade de Santiago de Compostela (USC) e premiou a participaci\u00f3n en tres categor\u00edas: V\u00edctor Pose en gravaci\u00f3n de fragmentos de voz, \u00c1lex Rodr\u00edguez Guisantes en validaci\u00f3n de audios e Luc\u00eda L\u00f3pez Lires en xeraci\u00f3n de frases. Tam\u00e9n foi reco\u00f1ecida como campioa global Noa Sobrino Lamas por ser a persoa con m\u00e1is contribuci\u00f3ns totais. Todos eles recibiron premios en met\u00e1lico grazas ao apoio de Atlantic Ponte e Imaxin Software. En total, unha trintena de persoas participaron nesta segunda edici\u00f3n do Validat\u00f3n<\/p>\n\n\n\n<p class=\"has-text-align-justify\">Para adestrar modelos de reco\u00f1ecemento da fala c\u00f3mpre utilizar grandes corpus de datos orais, pero a maior\u00eda, en especial os que usan as grandes compa\u00f1\u00edas, son datos pechados e non est\u00e1n dispo\u00f1ibles. Neste sentido, Common Voice, ao ser unha plataforma p\u00fablica de datos de voz alimentada por persoas voluntarias de todo o mundo, axuda a que as tecnolox\u00edas sexan accesibles para quen as queira desenvolver. As persoas contrib\u00faen a Common Voice doando a s\u00faa voz e tam\u00e9n xulgando como v\u00e1lidas ou non as doaz\u00f3ns feitas por outras persoas. X\u00e9rase as\u00ed ese corpus p\u00fablico que permitir\u00e1 que no futuro distintas aplicaci\u00f3ns inform\u00e1ticas poidan comprender as persoas que falen en galego.<\/p>\n\n\n\n<p><\/p>\n\n\n<div class=\"wp-block-image\">\n<figure class=\"aligncenter size-large is-resized\"><a href=\"http:\/\/culturaliagz.com\/wp-content\/uploads\/2025\/04\/Validaton-2025.jpeg\" target=\"_blank\" rel=\"noreferrer noopener\"><img loading=\"lazy\" decoding=\"async\" width=\"1024\" height=\"768\" src=\"http:\/\/culturaliagz.com\/wp-content\/uploads\/2025\/04\/Validaton-2025-1024x768.jpeg\" alt=\"\" class=\"wp-image-18107\" style=\"width:783px;height:auto\" srcset=\"http:\/\/culturaliagz.com\/wp-content\/uploads\/2025\/04\/Validaton-2025-980x735.jpeg 980w, http:\/\/culturaliagz.com\/wp-content\/uploads\/2025\/04\/Validaton-2025-480x360.jpeg 480w\" sizes=\"auto, (min-width: 0px) and (max-width: 480px) 480px, (min-width: 481px) and (max-width: 980px) 980px, (min-width: 981px) 1024px, 100vw\" \/><\/a><figcaption class=\"wp-element-caption\"><em>Participantes do Validat\u00f3n 2025<\/em><\/figcaption><\/figure>\n<\/div>\n\n\n<p><\/p>\n\n\n\n<p><strong>Outras iniciativas<\/strong><\/p>\n\n\n\n<p class=\"has-text-align-justify\">Al\u00e9n do Validat\u00f3n, os coordinadores do Proxecto N\u00f3s lembran que o p\u00fablico xeral tam\u00e9n pode contribu\u00edr a mellorar a presenza do galego no mundo dixital doando a s\u00faa voz a trav\u00e9s de&nbsp;<a href=\"https:\/\/doagalego.nos.gal\/\" target=\"_blank\" rel=\"noreferrer noopener\"><strong>AgasallaN\u00f3s<\/strong><\/a>. Esta campa\u00f1a pretende rexistrar diferentes variedades fon\u00e9ticas do galego para que as aplicaci\u00f3ns baseadas no reco\u00f1ecemento da fala dean identificado toda a riqueza da nosa lingua. O obxectivo \u00e9 recompilar gravaci\u00f3ns que representen diferentes idades, x\u00e9neros e variedades dialectais. Toda a informaci\u00f3n p\u00f3dese atopar na web doagalego.nos.gal.<\/p>\n\n\n\n<p class=\"has-text-align-justify\">Outra iniciativa, reservada ao alumnado de grao da Universidade de Santiago de Compostela, consiste na participaci\u00f3n nunha actividade formativa de recollida e validaci\u00f3n de datos de voz en galego certificada pola USC como formaci\u00f3n a trav\u00e9s do reco\u00f1ecemento dun cr\u00e9dito ECTS.<\/p>\n\n\n\n<p><strong>AgasallaN\u00f3s:<\/strong>&nbsp;<a href=\"https:\/\/doagalego.nos.gal\/\" target=\"_blank\" rel=\"noreferrer noopener\">https:\/\/doagalego.nos.gal<\/a><\/p>\n\n\n\n<p><strong>Cr\u00e9dito ECTS:<\/strong>\u00a0<a href=\"https:\/\/ilg.usc.gal\/gl\/actividades\/recollida_validacion_datos_de_voz_galego\" target=\"_blank\" rel=\"noreferrer noopener\">https:\/\/ilg.usc.gal\/gl\/actividades\/recollida_validacion_datos_de_voz_galego<\/a><\/p>\n\n\n\n<p><\/p>\n\n\n\n<p><\/p>\n\n\n\n<div class=\"wp-block-file\"><a id=\"wp-block-file--media-f5445202-5c7c-4572-875d-bd6c5302c8bd\" href=\"http:\/\/culturaliagz.com\/wp-content\/uploads\/2025\/04\/AgasallaNOS-Elisa-Fernandez-Rei.mp3\">AgasallaNOS-Elisa-Fernandez-Rei<\/a><a href=\"http:\/\/culturaliagz.com\/wp-content\/uploads\/2025\/04\/AgasallaNOS-Elisa-Fernandez-Rei.mp3\" class=\"wp-block-file__button wp-element-button\" download aria-describedby=\"wp-block-file--media-f5445202-5c7c-4572-875d-bd6c5302c8bd\">Descarga<\/a><\/div>\n\n\n\n<div class=\"wp-block-file\"><a id=\"wp-block-file--media-2cee548e-928d-421d-8441-ed939339a708\" href=\"http:\/\/culturaliagz.com\/wp-content\/uploads\/2025\/04\/Que-e-o-Validaton-Elisa-Fernandez-Rei.mp3\">Que-e-o-Validaton-Elisa-Fernandez-Rei<\/a><a href=\"http:\/\/culturaliagz.com\/wp-content\/uploads\/2025\/04\/Que-e-o-Validaton-Elisa-Fernandez-Rei.mp3\" class=\"wp-block-file__button wp-element-button\" download aria-describedby=\"wp-block-file--media-2cee548e-928d-421d-8441-ed939339a708\">Descarga<\/a><\/div>\n","protected":false},"excerpt":{"rendered":"<p>O\u00a0Validat\u00f3n 2025\u00a0pechou a s\u00faa segunda edici\u00f3n cun balance de 10.000 fragmentos de audio revisados e gravados durante a fase en li\u00f1a que supo\u00f1en 13 horas de contribuci\u00f3n aos datos de [&hellip;]<\/p>\n","protected":false},"author":1,"featured_media":0,"comment_status":"open","ping_status":"open","sticky":false,"template":"","format":"standard","meta":{"_et_pb_use_builder":"","_et_pb_old_content":"","_et_gb_content_width":"","_jetpack_memberships_contains_paid_content":false,"footnotes":""},"categories":[23,7,6,57,1],"tags":[2948,2951,2950,2801,2949],"class_list":["post-18105","post","type-post","status-publish","format-standard","hentry","category-autoresas","category-creacion","category-novas","category-outras-artes","category-xeral","tag-agasallanos","tag-elisa-fernandez-rei","tag-instituto-da-lingua-galega","tag-proxecto-nos","tag-validaton"],"jetpack_featured_media_url":"","jetpack_sharing_enabled":true,"_links":{"self":[{"href":"http:\/\/culturaliagz.com\/index.php?rest_route=\/wp\/v2\/posts\/18105","targetHints":{"allow":["GET"]}}],"collection":[{"href":"http:\/\/culturaliagz.com\/index.php?rest_route=\/wp\/v2\/posts"}],"about":[{"href":"http:\/\/culturaliagz.com\/index.php?rest_route=\/wp\/v2\/types\/post"}],"author":[{"embeddable":true,"href":"http:\/\/culturaliagz.com\/index.php?rest_route=\/wp\/v2\/users\/1"}],"replies":[{"embeddable":true,"href":"http:\/\/culturaliagz.com\/index.php?rest_route=%2Fwp%2Fv2%2Fcomments&post=18105"}],"version-history":[{"count":1,"href":"http:\/\/culturaliagz.com\/index.php?rest_route=\/wp\/v2\/posts\/18105\/revisions"}],"predecessor-version":[{"id":18110,"href":"http:\/\/culturaliagz.com\/index.php?rest_route=\/wp\/v2\/posts\/18105\/revisions\/18110"}],"wp:attachment":[{"href":"http:\/\/culturaliagz.com\/index.php?rest_route=%2Fwp%2Fv2%2Fmedia&parent=18105"}],"wp:term":[{"taxonomy":"category","embeddable":true,"href":"http:\/\/culturaliagz.com\/index.php?rest_route=%2Fwp%2Fv2%2Fcategories&post=18105"},{"taxonomy":"post_tag","embeddable":true,"href":"http:\/\/culturaliagz.com\/index.php?rest_route=%2Fwp%2Fv2%2Ftags&post=18105"}],"curies":[{"name":"wp","href":"https:\/\/api.w.org\/{rel}","templated":true}]}}