{"id":18007,"date":"2025-04-02T21:29:09","date_gmt":"2025-04-02T20:29:09","guid":{"rendered":"http:\/\/culturaliagz.com\/?p=18007"},"modified":"2025-04-02T21:29:12","modified_gmt":"2025-04-02T20:29:12","slug":"elefante-elegante-avanza-alta-costura-o-seu-novo-espectaculo-a-alumnado-de-culleredo","status":"publish","type":"post","link":"http:\/\/culturaliagz.com\/?p=18007","title":{"rendered":"Elefante Elegante avanza \u2018Alta costura\u2019, o seu novo espect\u00e1culo, a alumnado de Culleredo"},"content":{"rendered":"\n<p><\/p>\n\n\n\n<p><\/p>\n\n\n\n<figure class=\"wp-block-image size-full\"><a href=\"http:\/\/culturaliagz.com\/wp-content\/uploads\/2025\/04\/ENSAIOS-Alta-costura-\u00a9-Carolina-Diguele-2.jpeg\" target=\"_blank\" rel=\"noreferrer noopener\"><img loading=\"lazy\" decoding=\"async\" width=\"1920\" height=\"1080\" src=\"http:\/\/culturaliagz.com\/wp-content\/uploads\/2025\/04\/ENSAIOS-Alta-costura-\u00a9-Carolina-Diguele-2.jpeg\" alt=\"\" class=\"wp-image-18008\" srcset=\"http:\/\/culturaliagz.com\/wp-content\/uploads\/2025\/04\/ENSAIOS-Alta-costura-\u00a9-Carolina-Diguele-2.jpeg 1920w, http:\/\/culturaliagz.com\/wp-content\/uploads\/2025\/04\/ENSAIOS-Alta-costura-\u00a9-Carolina-Diguele-2-300x169.jpeg 300w, http:\/\/culturaliagz.com\/wp-content\/uploads\/2025\/04\/ENSAIOS-Alta-costura-\u00a9-Carolina-Diguele-2-1024x576.jpeg 1024w, http:\/\/culturaliagz.com\/wp-content\/uploads\/2025\/04\/ENSAIOS-Alta-costura-\u00a9-Carolina-Diguele-2-768x432.jpeg 768w, http:\/\/culturaliagz.com\/wp-content\/uploads\/2025\/04\/ENSAIOS-Alta-costura-\u00a9-Carolina-Diguele-2-1536x864.jpeg 1536w, http:\/\/culturaliagz.com\/wp-content\/uploads\/2025\/04\/ENSAIOS-Alta-costura-\u00a9-Carolina-Diguele-2-1080x608.jpeg 1080w, http:\/\/culturaliagz.com\/wp-content\/uploads\/2025\/04\/ENSAIOS-Alta-costura-\u00a9-Carolina-Diguele-2-1280x720.jpeg 1280w, http:\/\/culturaliagz.com\/wp-content\/uploads\/2025\/04\/ENSAIOS-Alta-costura-\u00a9-Carolina-Diguele-2-980x551.jpeg 980w, http:\/\/culturaliagz.com\/wp-content\/uploads\/2025\/04\/ENSAIOS-Alta-costura-\u00a9-Carolina-Diguele-2-480x270.jpeg 480w\" sizes=\"auto, (max-width: 1920px) 100vw, 1920px\" \/><\/a><\/figure>\n\n\n\n<p><\/p>\n\n\n\n<p><\/p>\n\n\n\n<ul class=\"wp-block-list\">\n<li><strong>A compa\u00f1\u00eda liderada por Mar\u00eda Torres e Gon\u00e7alo Guerreiro presenta a s\u00faa \u00faltima creaci\u00f3n no Edificio de Servizos M\u00faltiples do Burgo a estudantes de secundaria do 2 ao&nbsp;11 de abril, \u00e1s 11.30 horas, cun proceso de mediaci\u00f3n que incl\u00fae coloquios posfunci\u00f3n<\/strong><\/li>\n\n\n\n<li><strong>Con&nbsp;<em>Alta costura<\/em>, un espect\u00e1culo de teatro visual sobre a industria \u2018fast fashion\u2019,Elefante Elegante convida a reflexionar sobre o consumo de roupa actual<\/strong><\/li>\n\n\n\n<li><strong>A estrea absoluta de&nbsp;<em>Alta costura<\/em>&nbsp;para p\u00fablico xeral ser\u00e1 no Auditorio Cine Alovi das Pontes o&nbsp;s\u00e1bado 24 de maio<\/strong><\/li>\n<\/ul>\n\n\n\n<p class=\"has-text-align-justify\"><br><\/p>\n\n\n\n<p class=\"has-text-align-justify\">A compa\u00f1\u00eda de teatro f\u00edsico<strong>\u00a0<a href=\"https:\/\/elefanteelegante.net\/gl\/\" target=\"_blank\" rel=\"noreferrer noopener\">Elefante Elegante<\/a>\u00a0aborda o fen\u00f3meno da industria \u201cfast fashion\u201d coa s\u00faa \u00faltima creaci\u00f3n, <em>Alta costura<\/em><\/strong>. Esta nova peza dos creadores Mar\u00eda Torres e Gon\u00e7alo Guerreiro \u00e9 unha obra de teatro visual ir\u00f3nica e po\u00e9tica sobre a moda e a s\u00faa estreita relaci\u00f3n co consumo.\u00a0<em>Alta costura<\/em>, con direcci\u00f3n esc\u00e9nica de Gon\u00e7alo Guerreiro, est\u00e1 protagonizada por Sof\u00eda Espi\u00f1eira, Raquel Crespo, Pablo S\u00e1nchez e Mar\u00eda Torres, a partir dun texto escrito por Tiago Alves Costa.<\/p>\n\n\n\n<p class=\"has-text-align-justify\">O Edificio de Servizos M\u00faltiples do Burgo, en Culledero, acolle esta semana e a pr\u00f3xima (os d\u00edas 2, 3, 4, 7, 8, 9, 10 e&nbsp;11 de abril), \u00e1s&nbsp;11.30 h, funci\u00f3ns escolares de&nbsp;<em>Alta costura<\/em>. Unha vez finalizado o espect\u00e1culo, a compa\u00f1\u00eda ofrecer\u00e1 coloquios posfunci\u00f3n onde se recoller\u00e1n e intercambiar\u00e1n opini\u00f3ns co alumnado de 3\u00aa e 4\u00ba de secundaria do IES Rego deTrabe e do IES Eduardo Blanco Amor. Precisamente, os estudantes deste \u00faltimo centro participaron no proceso de mediaci\u00f3n da obra, acompa\u00f1ando de preto todo o proceso creativo.<\/p>\n\n\n\n<p class=\"has-text-align-justify\">Con estas funci\u00f3ns escolares, Elefante Elegante remata a s\u00faa residencia art\u00edstica no concello de Culleredo, coprodutor de&nbsp;<em>Alta costura<\/em>, espect\u00e1culo que conta, tam\u00e9n, coa colaboraci\u00f3n do Concello das Pontes e cunha subvenci\u00f3n da Axencia Galega das Industrias Culturais (AGADIC). Xa en maio, a partir do d\u00eda 18, a compa\u00f1\u00eda desenvolver\u00e1 unha semana de residencia t\u00e9cnica no Auditorio Cine Alovi das Pontes.<strong>&nbsp;A estrea absoluta de&nbsp;<em>Alta costura<\/em>, con p\u00fablico xeral, ter\u00e1 lugar, precisamente, neste espazo, o&nbsp;s\u00e1bado 24 de maio, \u00e1s 20.00 horas. As entradas po\u00f1eranse proximamente \u00e1 venda<\/strong>.<\/p>\n\n\n\n<p class=\"has-text-align-justify\"><em>Alta costura<\/em>&nbsp;\u00e9 un espect\u00e1culo ir\u00f3nico e po\u00e9tico sobre a moda e a s\u00faa estreita relaci\u00f3n co consumo, o reco\u00f1ecemento social, a contaminaci\u00f3n, a sa\u00fade e as condici\u00f3ns laborais. A peza d\u00e1 unha especial importancia aos mecanismos de venda e \u00e1 relaci\u00f3n contempor\u00e1nea que o gran p\u00fablico ten co acto de mercar e de tirar roupa. Tr\u00e1tase dunha creaci\u00f3n de teatro de movemento que se det\u00e9n detalladamente na industria \u201cfast fashion\u201d: a l\u00f3xica do mercado, as emoci\u00f3ns vencelladas \u00e1 necesidade de adquirir m\u00e1is roupa e a rapidez con que os produtos son desvalorizados e se transforman en residuos altamente contaminantes. Nesta nova creaci\u00f3n Elefante Elegante convida a reflexionar sobre as consecuencias dos nosos h\u00e1bitos de consumo de roupa desde unha \u00f3ptica non exenta de humor, unha constante en todas as obras da compa\u00f1\u00eda.<\/p>\n\n\n\n<p><strong>SOBRE A COMPA\u00d1\u00cdA<\/strong><\/p>\n\n\n\n<p class=\"has-text-align-justify\"><a href=\"https:\/\/elefanteelegante.net\/gl\/\" target=\"_blank\" rel=\"noreferrer noopener\">Elefante Elegante<\/a>&nbsp;nace do desexo de desenvolver unha linguaxe pl\u00e1stica, po\u00e9tica e universal que non dependa exclusivamente do texto e que permita indagar sobre tem\u00e1ticas de car\u00e1cter social e existencial. As s\u00faas creaci\u00f3ns xorden do di\u00e1logo do teatro f\u00edsico coa danza, a m\u00fasica e as artes visuais. Os espect\u00e1culos de Elefante Elegante est\u00e1n baseados na relaci\u00f3n do corpo co espazo e reflicten unha rigorosa investigaci\u00f3n de xestos, movementos e imaxes.<\/p>\n\n\n\n<p class=\"has-text-align-justify\">A compa\u00f1\u00eda, que este ano celebra 25 anos de actividade, foi fundada por Mar\u00eda Torres e Gon\u00e7alo Guerreiro en B\u00e9lxica, onde permanecer\u00eda ata 2007, data da s\u00faa instalaci\u00f3n en Galicia. Na actualidade, Elefante Elegante ten a s\u00faa sede no concello de Culleredo, na Coru\u00f1a, onde \u00e9 compa\u00f1\u00eda residente. As s\u00faas obras xa percorreron boa parte da xeograf\u00eda espa\u00f1ola e tam\u00e9n escenarios de Italia, Portugal, Alema\u00f1a e Colombia. Elefante Elegante atesoura varios premios Mar\u00eda Casares, sendo o m\u00e1is recente o recibido no 2024 pola mellor direcci\u00f3n de movemento da obra&nbsp;<em>Un hotel de primeira sobre o r\u00edo<\/em>, do Centro Dram\u00e1tico Galego.<\/p>\n\n\n\n<p><strong>ALTA COSTURA | Novo espect\u00e1culo de Elefante Elegante<\/strong><\/p>\n\n\n\n<p class=\"has-text-align-justify\"><strong>PREESTREA<\/strong>&nbsp;(funci\u00f3ns escolares con alumnado do IES Rego de Trabe e IES Eduardo Blanco Amor)<br>2, 3, 4, 7, 8, 9, 10 e&nbsp;11 de abril&nbsp;|&nbsp;11.30 h&nbsp;| Edificio de Servizos M\u00faltiples do Burgo (Culleredo)<\/p>\n\n\n\n<p class=\"has-text-align-justify\"><strong>ESTREA<\/strong><br>S\u00e1bado 24&nbsp;maio |&nbsp;20.00 h&nbsp;| Auditorio Cine Alovi (As Pontes) | Entradas proximamente \u00e1 venda<\/p>\n\n\n\n<p><\/p>\n\n\n\n<p><\/p>\n\n\n<a href=\"http:\/\/culturaliagz.com\/wp-content\/uploads\/2025\/04\/20250402-NP-Alta-costura-preestrea-Elefante-Elegante.pdf\" class=\"pdfemb-viewer\" style=\"\" data-width=\"max\" data-height=\"max\" data-toolbar=\"bottom\" data-toolbar-fixed=\"off\">20250402-NP-Alta-costura-preestrea-Elefante-Elegante<\/a>","protected":false},"excerpt":{"rendered":"<p>A compa\u00f1\u00eda de teatro f\u00edsico\u00a0Elefante Elegante\u00a0aborda o fen\u00f3meno da industria \u201cfast fashion\u201d coa s\u00faa \u00faltima creaci\u00f3n, Alta costura. Esta nova peza dos creadores Mar\u00eda Torres e Gon\u00e7alo Guerreiro \u00e9 unha [&hellip;]<\/p>\n","protected":false},"author":1,"featured_media":0,"comment_status":"open","ping_status":"open","sticky":false,"template":"","format":"standard","meta":{"_et_pb_use_builder":"","_et_pb_old_content":"","_et_gb_content_width":"","_jetpack_memberships_contains_paid_content":false,"footnotes":""},"categories":[23,7,6,57,1],"tags":[2893,2154,2894,1106],"class_list":["post-18007","post","type-post","status-publish","format-standard","hentry","category-autoresas","category-creacion","category-novas","category-outras-artes","category-xeral","tag-alta-costura","tag-concello-de-culleredo","tag-edificio-de-servizos-multiples-do-burgo","tag-elefante-elegante"],"jetpack_featured_media_url":"","jetpack_sharing_enabled":true,"_links":{"self":[{"href":"http:\/\/culturaliagz.com\/index.php?rest_route=\/wp\/v2\/posts\/18007","targetHints":{"allow":["GET"]}}],"collection":[{"href":"http:\/\/culturaliagz.com\/index.php?rest_route=\/wp\/v2\/posts"}],"about":[{"href":"http:\/\/culturaliagz.com\/index.php?rest_route=\/wp\/v2\/types\/post"}],"author":[{"embeddable":true,"href":"http:\/\/culturaliagz.com\/index.php?rest_route=\/wp\/v2\/users\/1"}],"replies":[{"embeddable":true,"href":"http:\/\/culturaliagz.com\/index.php?rest_route=%2Fwp%2Fv2%2Fcomments&post=18007"}],"version-history":[{"count":1,"href":"http:\/\/culturaliagz.com\/index.php?rest_route=\/wp\/v2\/posts\/18007\/revisions"}],"predecessor-version":[{"id":18010,"href":"http:\/\/culturaliagz.com\/index.php?rest_route=\/wp\/v2\/posts\/18007\/revisions\/18010"}],"wp:attachment":[{"href":"http:\/\/culturaliagz.com\/index.php?rest_route=%2Fwp%2Fv2%2Fmedia&parent=18007"}],"wp:term":[{"taxonomy":"category","embeddable":true,"href":"http:\/\/culturaliagz.com\/index.php?rest_route=%2Fwp%2Fv2%2Fcategories&post=18007"},{"taxonomy":"post_tag","embeddable":true,"href":"http:\/\/culturaliagz.com\/index.php?rest_route=%2Fwp%2Fv2%2Ftags&post=18007"}],"curies":[{"name":"wp","href":"https:\/\/api.w.org\/{rel}","templated":true}]}}