{"id":17656,"date":"2025-02-23T10:35:00","date_gmt":"2025-02-23T09:35:00","guid":{"rendered":"http:\/\/culturaliagz.com\/?p=17656"},"modified":"2025-02-23T10:31:23","modified_gmt":"2025-02-23T09:31:23","slug":"andanzas-do-suso-de-lamelina-na-procura-do-esquecemento","status":"publish","type":"post","link":"http:\/\/culturaliagz.com\/?p=17656","title":{"rendered":"Andanzas do Suso de Lameli\u00f1a. NA PROCURA DO ESQUECEMENTO"},"content":{"rendered":"[et_pb_section admin_label=&#8221;section&#8221;]\n\t\t\t[et_pb_row admin_label=&#8221;row&#8221;]\n\t\t\t\t[et_pb_column type=&#8221;4_4&#8243;][et_pb_text admin_label=&#8221;Text&#8221;]\n<p><\/p>\n\n\n\n<p><\/p>\n\n\n<div class=\"wp-block-image\">\n<figure class=\"alignright size-medium\"><a href=\"http:\/\/culturaliagz.com\/wp-content\/uploads\/2021\/11\/D0D3B433-167F-4987-80C9-35A78DD28377.jpeg\" target=\"_blank\" rel=\"noreferrer noopener\"><img loading=\"lazy\" decoding=\"async\" width=\"225\" height=\"300\" src=\"http:\/\/culturaliagz.com\/wp-content\/uploads\/2021\/11\/D0D3B433-167F-4987-80C9-35A78DD28377-225x300.jpeg\" alt=\"\" class=\"wp-image-8740\" srcset=\"http:\/\/culturaliagz.com\/wp-content\/uploads\/2021\/11\/D0D3B433-167F-4987-80C9-35A78DD28377-225x300.jpeg 225w, http:\/\/culturaliagz.com\/wp-content\/uploads\/2021\/11\/D0D3B433-167F-4987-80C9-35A78DD28377.jpeg 469w\" sizes=\"auto, (max-width: 225px) 100vw, 225px\" \/><\/a><\/figure>\n<\/div>\n\n\n<p class=\"has-text-align-right\" style=\"font-size:22px\"><strong><a href=\"http:\/\/culturaliagz.com\/category\/andanzas-do-suso-de-lamelina\" target=\"_blank\" rel=\"noreferrer noopener\">Andanzas do Suso de Lameli\u00f1a<\/a><\/strong><\/p>\n\n\n\n<p class=\"has-text-align-right has-medium-font-size\"><em><a href=\"http:\/\/galegos.galiciadigital.com\/es\/jesus-trashorras-nogueira\" target=\"_blank\" rel=\"noreferrer noopener\">Suso de Lameli\u00f1a<\/a><\/em><\/p>\n\n\n\n<p class=\"has-text-align-right\" style=\"font-size:17px\">NA PROCURA DO ESQUECEMENTO<\/p>\n\n\n\n<p><\/p>\n\n\n\n<p><\/p>\n\n\n\n<p><\/p>\n\n\n\n<p><br><\/p>\n\n\n\n<p class=\"has-text-align-justify\"><br><\/p>\n\n\n\n<p class=\"has-text-align-justify\">Segundo esperta, de novo, como adoita sucederlle desde hai tempo, s\u00e9ntese atrapado por esa xa familiar congoxa que non o abandona desde hai anos. A depresi\u00f3n de cada ma\u00f1\u00e1, esa cruel sentinela, arr\u00e1strao de volta a un mundo do que xa non agarda ren. Mais hai algo a celebrar: outro d\u00eda m\u00e1is queda atr\u00e1s e con el un menos que resta no seu inexorable cami\u00f1o.<\/p>\n\n\n\n<p class=\"has-text-align-justify\">Nin un m\u00edsero raio de sol entra no cuarto. Porta e xanela ben pechadas son as causantes de tal feito. Un costume que lle v\u00e9n da infancia cando a s\u00faa nai obrig\u00e1bao a durmir na m\u00e1is completa escuridade.<\/p>\n\n\n\n<p class=\"has-text-align-justify\">Pensa en dar media volta e tentar volver durmir, pero xa non acouga no leito. Dirixe a man, tr\u00e9mula e torpe, cara a mesi\u00f1a de noite e faise co m\u00f3bil. As dez. Levaba varias noites sen apenas pegar ollo, pero esta foi completa; m\u00e1is de doce horas de sono ininterrompido.<\/p>\n\n\n\n<p class=\"has-text-align-justify\">Acende a luz e fica mirando cara ao teito. V\u00e9nselle \u00e1 cabeza a voz mel\u00f3dica de Serrat e a man de pintura que necesita o teito. Cre ver dese\u00f1ado no mesmo un lagarto arnal e a infancia pres\u00e9ntaselle coa viveza dun so\u00f1o. Canto lle gustaban aqueles animali\u00f1os, que atrapaba cun lazos feito de herbas e logo met\u00edaos nunha gaiola, onde os cuidaba con agarimo!<\/p>\n\n\n\n<p class=\"has-text-align-justify\">Agora, el tam\u00e9n se sent\u00eda un arnal encerrado na s\u00faa gaiola, o cuarto.<\/p>\n\n\n\n<p class=\"has-text-align-justify\">\u00c9rguese con pouco \u00e1nimo e arr\u00e1strase ao ba\u00f1o. D\u00e1lle medo o espello e, sen atreverse a ollar para el, levanta a tapa do retrete e senta. Leva dous d\u00edas sen cagar e esta ma\u00f1\u00e1, malia todos os esforzos, tampouco \u00e9 capaz. Vou ter que tomar a p\u00edlula esta noite,\u00a0murmura para si.\u00a0<\/p>\n\n\n\n<p class=\"has-text-align-justify\">Deixa o retrete e marcha cara ao lavabo,&nbsp;de esguello mira para aquela especie de verme noxento que lle devolve o espello. Hoxe \u00e9 un verme, pero outras veces vese como unha cascuda, unha cobra, unha sapagueira&#8230; Correndo lava cara e mans e dir\u00edxese \u00e1 coci\u00f1a.<\/p>\n\n\n\n<p class=\"has-text-align-justify\">Abre a neveira, nin un&nbsp;cart\u00f3n de leite&nbsp;queda. Na lacena s\u00f3 d\u00faas madalenas e no froiteiro, unha laranxa medio manida. Tras dar boa conta do frugal almorzo regresa ao cuarto.<\/p>\n\n\n\n<p class=\"has-text-align-justify\">Non lle queda m\u00e1is remedio que ir ao super, pero non lle apetece nada. Desde que o botaron do traballo a r\u00faa conveteuse na s\u00faa maior enemiga. Comeza a desprenderse do pixama pero muda de prop\u00f3sito e regresa\u00a0\u00e1 coci\u00f1a. Menos mal que a\u00ednda queda media botella de whisky; determina esquecerse\u00a0deste mundo infame. E non impactar\u00e1 dunha vez o asteroide 2024YR4, e remata con este planeta sen necesidade de facelo\u00a0sufrir tanto?, preguntase,\u00a0mentres bota un bo grolo de l\u00edquido reparador\u00a0e se mete de novo na cama. Tempo ter\u00e1 para facer a compra. Colle da mesi\u00f1a \u201cSumisi\u00f3n\u201d de Michel Houellebecq e disponse a rematar de ler o derradeiro cap\u00edtulo: \u201cA fin da viaxe\u201d.<\/p>\n[\/et_pb_text][\/et_pb_column]\n\t\t\t[\/et_pb_row]\n\t\t[\/et_pb_section]","protected":false},"excerpt":{"rendered":"<p>[et_pb_section admin_label=&#8221;section&#8221;] [et_pb_row admin_label=&#8221;row&#8221;] [et_pb_column type=&#8221;4_4&#8243;][et_pb_text admin_label=&#8221;Text&#8221;] Andanzas do Suso de Lameli\u00f1a Suso de Lameli\u00f1a NA PROCURA DO ESQUECEMENTO Segundo esperta, de novo, como adoita sucederlle desde hai tempo, s\u00e9ntese [&hellip;]<\/p>\n","protected":false},"author":39,"featured_media":0,"comment_status":"open","ping_status":"open","sticky":false,"template":"","format":"standard","meta":{"_et_pb_use_builder":"on","_et_pb_old_content":"<!-- wp:paragraph -->\n<p><\/p>\n<!-- \/wp:paragraph -->\n\n<!-- wp:paragraph -->\n<p><\/p>\n<!-- \/wp:paragraph -->\n\n<!-- wp:image {\"align\":\"right\",\"id\":8740,\"sizeSlug\":\"medium\",\"linkDestination\":\"media\"} -->\n<figure class=\"wp-block-image alignright size-medium\"><a href=\"http:\/\/culturaliagz.com\/wp-content\/uploads\/2021\/11\/D0D3B433-167F-4987-80C9-35A78DD28377.jpeg\" target=\"_blank\" rel=\"noreferrer noopener\"><img src=\"http:\/\/culturaliagz.com\/wp-content\/uploads\/2021\/11\/D0D3B433-167F-4987-80C9-35A78DD28377-225x300.jpeg\" alt=\"\" class=\"wp-image-8740\"\/><\/a><\/figure>\n<!-- \/wp:image -->\n\n<!-- wp:paragraph {\"align\":\"right\",\"style\":{\"typography\":{\"fontSize\":\"22px\"}}} -->\n<p class=\"has-text-align-right\" style=\"font-size:22px\"><strong><a href=\"http:\/\/culturaliagz.com\/category\/andanzas-do-suso-de-lamelina\" target=\"_blank\" rel=\"noreferrer noopener\">Andanzas do Suso de Lameli\u00f1a<\/a><\/strong><\/p>\n<!-- \/wp:paragraph -->\n\n<!-- wp:paragraph {\"align\":\"right\",\"fontSize\":\"medium\"} -->\n<p class=\"has-text-align-right has-medium-font-size\"><em><a href=\"http:\/\/galegos.galiciadigital.com\/es\/jesus-trashorras-nogueira\" target=\"_blank\" rel=\"noreferrer noopener\">Suso de Lameli\u00f1a<\/a><\/em><\/p>\n<!-- \/wp:paragraph -->\n\n<!-- wp:paragraph {\"align\":\"right\",\"style\":{\"typography\":{\"fontSize\":\"17px\"}}} -->\n<p class=\"has-text-align-right\" style=\"font-size:17px\">NA PROCURA DO ESQUECEMENTO<\/p>\n<!-- \/wp:paragraph -->\n\n<!-- wp:paragraph -->\n<p><\/p>\n<!-- \/wp:paragraph -->\n\n<!-- wp:paragraph -->\n<p><\/p>\n<!-- \/wp:paragraph -->\n\n<!-- wp:paragraph -->\n<p><\/p>\n<!-- \/wp:paragraph -->\n\n<!-- wp:paragraph -->\n<p><br><\/p>\n<!-- \/wp:paragraph -->\n\n<!-- wp:paragraph {\"align\":\"justify\"} -->\n<p class=\"has-text-align-justify\"><br><\/p>\n<!-- \/wp:paragraph -->\n\n<!-- wp:paragraph {\"align\":\"justify\"} -->\n<p class=\"has-text-align-justify\">Segundo esperta, de novo, como adoita sucederlle desde hai tempo, s\u00e9ntese atrapado por esa xa familiar congoxa que non o abandona desde hai anos. A depresi\u00f3n de cada ma\u00f1\u00e1, esa cruel sentinela, arr\u00e1strao de volta a un mundo do que xa non agarda ren. Mais hai algo a celebrar: outro d\u00eda m\u00e1is queda atr\u00e1s e con el un menos que resta no seu inexorable cami\u00f1o.<\/p>\n<!-- \/wp:paragraph -->\n\n<!-- wp:paragraph {\"align\":\"justify\"} -->\n<p class=\"has-text-align-justify\">Nin un m\u00edsero raio de sol entra no cuarto. Porta e xanela ben pechadas son as causantes de tal feito. Un costume que lle v\u00e9n da infancia cando a s\u00faa nai obrig\u00e1bao a durmir na m\u00e1is completa escuridade.<\/p>\n<!-- \/wp:paragraph -->\n\n<!-- wp:paragraph {\"align\":\"justify\"} -->\n<p class=\"has-text-align-justify\">Pensa en dar media volta e tentar volver durmir, pero xa non acouga no leito. Dirixe a man, tr\u00e9mula e torpe, cara a mesi\u00f1a de noite e faise co m\u00f3bil. As dez. Levaba varias noites sen apenas pegar ollo, pero esta foi completa; m\u00e1is de doce horas de sono ininterrompido.<\/p>\n<!-- \/wp:paragraph -->\n\n<!-- wp:paragraph {\"align\":\"justify\"} -->\n<p class=\"has-text-align-justify\">Acende a luz e fica mirando cara ao teito. V\u00e9nselle \u00e1 cabeza a voz mel\u00f3dica de Serrat e a man de pintura que necesita o teito. Cre ver dese\u00f1ado no mesmo un lagarto arnal e a infancia pres\u00e9ntaselle coa viveza dun so\u00f1o. Canto lle gustaban aqueles animali\u00f1os, que atrapaba cun lazos feito de herbas e logo met\u00edaos nunha gaiola, onde os cuidaba con agarimo!<\/p>\n<!-- \/wp:paragraph -->\n\n<!-- wp:paragraph {\"align\":\"justify\"} -->\n<p class=\"has-text-align-justify\">Agora, el tam\u00e9n se sent\u00eda un arnal encerrado na s\u00faa gaiola, o cuarto.<\/p>\n<!-- \/wp:paragraph -->\n\n<!-- wp:paragraph {\"align\":\"justify\"} -->\n<p class=\"has-text-align-justify\">\u00c9rguese con pouco \u00e1nimo e arr\u00e1strase ao ba\u00f1o. D\u00e1lle medo o espello e, sen atreverse a ollar para el, levanta a tapa do retrete e senta. Leva dous d\u00edas sen cagar e esta ma\u00f1\u00e1, malia todos os esforzos, tampouco \u00e9 capaz. Vou ter que tomar a p\u00edlula esta noite,\u00a0murmura para si.\u00a0<\/p>\n<!-- \/wp:paragraph -->\n\n<!-- wp:paragraph {\"align\":\"justify\"} -->\n<p class=\"has-text-align-justify\">Deixa o retrete e marcha cara ao lavabo,&nbsp;de esguello mira para aquela especie de verme noxento que lle devolve o espello. Hoxe \u00e9 un verme, pero outras veces vese como unha cascuda, unha cobra, unha sapagueira... Correndo lava cara e mans e dir\u00edxese \u00e1 coci\u00f1a.<\/p>\n<!-- \/wp:paragraph -->\n\n<!-- wp:paragraph {\"align\":\"justify\"} -->\n<p class=\"has-text-align-justify\">Abre a neveira, nin un&nbsp;cart\u00f3n de leite&nbsp;queda. Na lacena s\u00f3 d\u00faas madalenas e no froiteiro, unha laranxa medio manida. Tras dar boa conta do frugal almorzo regresa ao cuarto.<\/p>\n<!-- \/wp:paragraph -->\n\n<!-- wp:paragraph {\"align\":\"justify\"} -->\n<p class=\"has-text-align-justify\">Non lle queda m\u00e1is remedio que ir ao super, pero non lle apetece nada. Desde que o botaron do traballo a r\u00faa conveteuse na s\u00faa maior enemiga. Comeza a desprenderse do pixama pero muda de prop\u00f3sito e regresa\u00a0\u00e1 coci\u00f1a. Menos mal que a\u00ednda queda media botella de whisky; determina esquecerse\u00a0deste mundo infame. E non impactar\u00e1 dunha vez o asteroide 2024YR4, e remata con este planeta sen necesidade de facelo\u00a0sufrir tanto?, preguntase,\u00a0mentres bota un bo grolo de l\u00edquido reparador\u00a0e se mete de novo na cama. Tempo ter\u00e1 para facer a compra. Colle da mesi\u00f1a \u201cSumisi\u00f3n\u201d de Michel Houellebecq e disponse a rematar de ler o derradeiro cap\u00edtulo: \u201cA fin da viaxe\u201d.<\/p>\n<!-- \/wp:paragraph -->","_et_gb_content_width":"","_jetpack_memberships_contains_paid_content":false,"footnotes":""},"categories":[974,23,967,7,129,1],"tags":[976,975,993],"class_list":["post-17656","post","type-post","status-publish","format-standard","hentry","category-andanzas-do-suso-de-lamelina","category-autoresas","category-colaboracions","category-creacion","category-literaria","category-xeral","tag-andanzas-do-suso-de-lamelina","tag-suso-de-lamelina","tag-xesus-trashorras"],"jetpack_featured_media_url":"","jetpack_sharing_enabled":true,"_links":{"self":[{"href":"http:\/\/culturaliagz.com\/index.php?rest_route=\/wp\/v2\/posts\/17656","targetHints":{"allow":["GET"]}}],"collection":[{"href":"http:\/\/culturaliagz.com\/index.php?rest_route=\/wp\/v2\/posts"}],"about":[{"href":"http:\/\/culturaliagz.com\/index.php?rest_route=\/wp\/v2\/types\/post"}],"author":[{"embeddable":true,"href":"http:\/\/culturaliagz.com\/index.php?rest_route=\/wp\/v2\/users\/39"}],"replies":[{"embeddable":true,"href":"http:\/\/culturaliagz.com\/index.php?rest_route=%2Fwp%2Fv2%2Fcomments&post=17656"}],"version-history":[{"count":4,"href":"http:\/\/culturaliagz.com\/index.php?rest_route=\/wp\/v2\/posts\/17656\/revisions"}],"predecessor-version":[{"id":17661,"href":"http:\/\/culturaliagz.com\/index.php?rest_route=\/wp\/v2\/posts\/17656\/revisions\/17661"}],"wp:attachment":[{"href":"http:\/\/culturaliagz.com\/index.php?rest_route=%2Fwp%2Fv2%2Fmedia&parent=17656"}],"wp:term":[{"taxonomy":"category","embeddable":true,"href":"http:\/\/culturaliagz.com\/index.php?rest_route=%2Fwp%2Fv2%2Fcategories&post=17656"},{"taxonomy":"post_tag","embeddable":true,"href":"http:\/\/culturaliagz.com\/index.php?rest_route=%2Fwp%2Fv2%2Ftags&post=17656"}],"curies":[{"name":"wp","href":"https:\/\/api.w.org\/{rel}","templated":true}]}}