{"id":17652,"date":"2025-02-21T12:12:42","date_gmt":"2025-02-21T11:12:42","guid":{"rendered":"http:\/\/culturaliagz.com\/?p=17652"},"modified":"2025-02-21T12:12:45","modified_gmt":"2025-02-21T11:12:45","slug":"santiago-de-compostela-acolle-unha-nova-xuntanza-da-rede-ilenia","status":"publish","type":"post","link":"http:\/\/culturaliagz.com\/?p=17652","title":{"rendered":"Santiago de Compostela acolle unha nova xuntanza da rede ILENIA"},"content":{"rendered":"\n<p><\/p>\n\n\n\n<p><\/p>\n\n\n<div class=\"wp-block-image\">\n<figure class=\"aligncenter size-full\"><a href=\"http:\/\/culturaliagz.com\/wp-content\/uploads\/2025\/02\/20250220-Xuntanza-de-traballo-da-rede-ILENIA-en-SCQ.jpeg\" target=\"_blank\" rel=\"noreferrer noopener\"><img loading=\"lazy\" decoding=\"async\" width=\"2000\" height=\"1506\" src=\"http:\/\/culturaliagz.com\/wp-content\/uploads\/2025\/02\/20250220-Xuntanza-de-traballo-da-rede-ILENIA-en-SCQ.jpeg\" alt=\"\" class=\"wp-image-17653\" srcset=\"http:\/\/culturaliagz.com\/wp-content\/uploads\/2025\/02\/20250220-Xuntanza-de-traballo-da-rede-ILENIA-en-SCQ.jpeg 2000w, http:\/\/culturaliagz.com\/wp-content\/uploads\/2025\/02\/20250220-Xuntanza-de-traballo-da-rede-ILENIA-en-SCQ-1280x964.jpeg 1280w, http:\/\/culturaliagz.com\/wp-content\/uploads\/2025\/02\/20250220-Xuntanza-de-traballo-da-rede-ILENIA-en-SCQ-980x738.jpeg 980w, http:\/\/culturaliagz.com\/wp-content\/uploads\/2025\/02\/20250220-Xuntanza-de-traballo-da-rede-ILENIA-en-SCQ-480x361.jpeg 480w\" sizes=\"auto, (min-width: 0px) and (max-width: 480px) 480px, (min-width: 481px) and (max-width: 980px) 980px, (min-width: 981px) and (max-width: 1280px) 1280px, (min-width: 1281px) 2000px, 100vw\" \/><\/a><\/figure>\n<\/div>\n\n\n<p><\/p>\n\n\n\n<p><\/p>\n\n\n\n<p class=\"has-text-align-justify\"><strong>A iniciativa estatal creada para impulsar as linguas cooficiais no \u00e1mbito da intelixencia artifical, da que forma parte o Proxecto N\u00f3s, celebrou esta semana na Cidade da Cultura un encontro t\u00e9cnico para abordar os casos de uso que se est\u00e1n a desenvolver nas universidades e centros de investigaci\u00f3n implicados<\/strong><\/p>\n\n\n\n<p><\/p>\n\n\n\n<p class=\"has-text-align-justify\"><strong><a href=\"https:\/\/proyectoilenia.es\/\" target=\"_blank\" rel=\"noreferrer noopener\">ILENIA<\/a><\/strong>, a iniciativa posta en marcha polo Goberno de Espa\u00f1a coa intenci\u00f3n de impulsar as linguas na intelixencia artificial, celebrou esta semana na Cidade da Cultura a primeira xuntanza t\u00e9cnica de traballo deste 2025 cos grupos que integran a rede, entre os que se atopa o\u00a0<strong><a href=\"https:\/\/nos.gal\/\" target=\"_blank\" rel=\"noreferrer noopener\">Proxecto N\u00f3s<\/a><\/strong>.\u00a0<\/p>\n\n\n\n<p class=\"has-text-align-justify\">O obxectivo principal do encontro, que tivo lugar os d\u00edas 17 e 18 de febreiro e no que participaron m\u00e1is de 30 profesionais, foi po\u00f1er en com\u00fan o estado dos casos de uso -a meirande parte deles multiling\u00fces- que se est\u00e1n a desenvolver baixo o paraugas de ILENIA. Desta rede forman parte o Consorcio Barcelona Supercomputing Center Centro Nacional de Supercomputaci\u00f3n (BSN-CNS), a Universidade de Alacante a trav\u00e9s do Centro de Intelixencia Dixital (CENID), a Universidade do Pa\u00eds Vasco a trav\u00e9s do Centro Vasco de Tecnolox\u00eda da Lingua (HiTZ) e a Universidade de Santiago de Compostela a trav\u00e9s do Centro Singular de Investigaci\u00f3n en Tecnolox\u00edas Intelixentes (CiTIUS) e do Instituto da Lingua Galega (ILG). Por parte destas d\u00faas entidades, asistiron, respectivamente, Sen\u00e9n Barro e Elisa Fern\u00e1ndez.<\/p>\n\n\n\n<p class=\"has-text-align-justify\">Da xuntanza de coordinaci\u00f3n entre os distintos centros de investigaci\u00f3n despr\u00e9ndese a intenci\u00f3n de que os casos de uso (tam\u00e9n co\u00f1ecidos coma demostradores) que se est\u00e1n a desenvolver &nbsp;poidan estar operativos este mesmo ano, coincidindo coa \u00faltima anualidade do proxecto, financiado polo Ministerio de Transformaci\u00f3n Dixital e polo Plan de Recuperaci\u00f3n, Transformaci\u00f3n e Resiliencia da Uni\u00f3n Europea &#8211; Next Generation.<\/p>\n\n\n\n<p class=\"has-text-align-justify\">O vindeiro encontro presencial da rede ILENIA &#8211; que se celebran de xeito trimestral desde a posta en marcha do proxecto, mentres que os centros de investigaci\u00f3n traballan de forma coordinada na distancia- celebrarase en maio en Alacante.<\/p>\n\n\n\n<p><\/p>\n\n\n<div class=\"wp-block-image\">\n<figure class=\"aligncenter size-full\"><a href=\"http:\/\/culturaliagz.com\/wp-content\/uploads\/2025\/02\/20250220-Xuntanza-da-rede-ILENIA-en-SCQ-5-scaled.jpeg\" target=\"_blank\" rel=\"noreferrer noopener\"><img loading=\"lazy\" decoding=\"async\" width=\"2560\" height=\"1928\" src=\"http:\/\/culturaliagz.com\/wp-content\/uploads\/2025\/02\/20250220-Xuntanza-da-rede-ILENIA-en-SCQ-5-scaled.jpeg\" alt=\"\" class=\"wp-image-17654\" srcset=\"http:\/\/culturaliagz.com\/wp-content\/uploads\/2025\/02\/20250220-Xuntanza-da-rede-ILENIA-en-SCQ-5-scaled.jpeg 2560w, http:\/\/culturaliagz.com\/wp-content\/uploads\/2025\/02\/20250220-Xuntanza-da-rede-ILENIA-en-SCQ-5-1280x964.jpeg 1280w, http:\/\/culturaliagz.com\/wp-content\/uploads\/2025\/02\/20250220-Xuntanza-da-rede-ILENIA-en-SCQ-5-980x738.jpeg 980w, http:\/\/culturaliagz.com\/wp-content\/uploads\/2025\/02\/20250220-Xuntanza-da-rede-ILENIA-en-SCQ-5-480x362.jpeg 480w\" sizes=\"auto, (min-width: 0px) and (max-width: 480px) 480px, (min-width: 481px) and (max-width: 980px) 980px, (min-width: 981px) and (max-width: 1280px) 1280px, (min-width: 1281px) 2560px, 100vw\" \/><\/a><\/figure>\n<\/div>\n\n\n<p><\/p>\n\n\n\n<p><strong>Proxecto N\u00f3s<\/strong><\/p>\n\n\n\n<p class=\"has-text-align-justify\">O&nbsp;<a href=\"https:\/\/nos.gal\/\" target=\"_blank\" rel=\"noreferrer noopener\">Proxecto N\u00f3s<\/a>&nbsp;\u00e9 unha iniciativa para situar o galego xunto coas linguas m\u00e1is desenvolvidas no \u00e1mbito da tecnolox\u00eda da lingua e a Intelixencia Artificial. O seu obxectivo principal \u00e9 xerar os recursos necesarios para facilitar o desenvolvemento de servizos e produtos baseados na tecnolox\u00eda da lingua como asistentes de voz, tradutores autom\u00e1ticos ou axentes conversacionais.<\/p>\n\n\n\n<p class=\"has-text-align-justify\">En paralelo, o proxecto promove tam\u00e9n a presenza dixital do galego, facilitando a creaci\u00f3n dunha ampla variedade de ferramentas e recursos de alta calidade e de uso libre, algunhas das cales&nbsp;<a href=\"https:\/\/nos.gal\/gl\/proxecto-nos\/recursos\" target=\"_blank\" rel=\"noreferrer noopener\">xa est\u00e1n \u00e1 disposici\u00f3n e accesibles a trav\u00e9s da web do proxecto<\/a>&nbsp;para calquera persoa, instituci\u00f3n, organizaci\u00f3n ou empresa que queira desenvolver un produto tecnol\u00f3xico, aplicaci\u00f3n ou servizo que incorpore a lingua galega. Deste xeito, ademais de garantir os dereitos ling\u00fc\u00edsticos da comunidade galegofalante no mundo dixital, tam\u00e9n se contribuir\u00e1 \u00e1 modernizaci\u00f3n e dixitalizaci\u00f3n do ecosistema de empresas galegas e \u00e1 creaci\u00f3n de valor con novos produtos que empreguen o galego.<\/p>\n\n\n\n<p class=\"has-text-align-justify\">O Proxecto N\u00f3s \u00e9 unha iniciativa da Xunta de Galicia cuxa execuci\u00f3n foi encomendada \u00e1 Universidade de Santiago de Compostela (USC), a trav\u00e9s de d\u00faas entidades punteiras de investigaci\u00f3n en Intelixencia Artificial e Tecnolox\u00edas da linguaxe: o ILG e o CiTIUS.<\/p>\n","protected":false},"excerpt":{"rendered":"<p>A iniciativa estatal creada para impulsar as linguas cooficiais no \u00e1mbito da intelixencia artifical, da que forma parte o Proxecto N\u00f3s, celebrou esta semana na Cidade da Cultura un encontro [&hellip;]<\/p>\n","protected":false},"author":1,"featured_media":0,"comment_status":"open","ping_status":"open","sticky":false,"template":"","format":"standard","meta":{"_et_pb_use_builder":"","_et_pb_old_content":"","_et_gb_content_width":"","_jetpack_memberships_contains_paid_content":false,"footnotes":""},"categories":[23,7,6,57,1],"tags":[2379,2802,2801],"class_list":["post-17652","post","type-post","status-publish","format-standard","hentry","category-autoresas","category-creacion","category-novas","category-outras-artes","category-xeral","tag-cidade-da-cultura","tag-ilenia","tag-proxecto-nos"],"jetpack_featured_media_url":"","jetpack_sharing_enabled":true,"_links":{"self":[{"href":"http:\/\/culturaliagz.com\/index.php?rest_route=\/wp\/v2\/posts\/17652","targetHints":{"allow":["GET"]}}],"collection":[{"href":"http:\/\/culturaliagz.com\/index.php?rest_route=\/wp\/v2\/posts"}],"about":[{"href":"http:\/\/culturaliagz.com\/index.php?rest_route=\/wp\/v2\/types\/post"}],"author":[{"embeddable":true,"href":"http:\/\/culturaliagz.com\/index.php?rest_route=\/wp\/v2\/users\/1"}],"replies":[{"embeddable":true,"href":"http:\/\/culturaliagz.com\/index.php?rest_route=%2Fwp%2Fv2%2Fcomments&post=17652"}],"version-history":[{"count":1,"href":"http:\/\/culturaliagz.com\/index.php?rest_route=\/wp\/v2\/posts\/17652\/revisions"}],"predecessor-version":[{"id":17655,"href":"http:\/\/culturaliagz.com\/index.php?rest_route=\/wp\/v2\/posts\/17652\/revisions\/17655"}],"wp:attachment":[{"href":"http:\/\/culturaliagz.com\/index.php?rest_route=%2Fwp%2Fv2%2Fmedia&parent=17652"}],"wp:term":[{"taxonomy":"category","embeddable":true,"href":"http:\/\/culturaliagz.com\/index.php?rest_route=%2Fwp%2Fv2%2Fcategories&post=17652"},{"taxonomy":"post_tag","embeddable":true,"href":"http:\/\/culturaliagz.com\/index.php?rest_route=%2Fwp%2Fv2%2Ftags&post=17652"}],"curies":[{"name":"wp","href":"https:\/\/api.w.org\/{rel}","templated":true}]}}