{"id":17585,"date":"2025-02-13T23:46:57","date_gmt":"2025-02-13T22:46:57","guid":{"rendered":"http:\/\/culturaliagz.com\/?p=17585"},"modified":"2025-02-14T01:50:46","modified_gmt":"2025-02-14T00:50:46","slug":"no-mes-de-rosalia-o-iescha-organiza-o-concerto-de-carlos-gomez-osa-no-auditorio-municipal-de-vilalba","status":"publish","type":"post","link":"http:\/\/culturaliagz.com\/?p=17585","title":{"rendered":"O IESCHA organiza o concerto &#8220;De Lorca a Rosal\u00eda&#8221;, de Carlos G\u00f3mez Osa no Auditorio Municipal de Vilalba"},"content":{"rendered":"\n<p><\/p>\n\n\n<div class=\"wp-block-image\">\n<figure class=\"aligncenter size-full\"><a href=\"http:\/\/culturaliagz.com\/wp-content\/uploads\/2025\/02\/CONCERTO-DE-LORCA-E-ROSALIA-copia.jpg\" target=\"_blank\" rel=\"noreferrer noopener\"><img loading=\"lazy\" decoding=\"async\" width=\"1400\" height=\"2000\" src=\"http:\/\/culturaliagz.com\/wp-content\/uploads\/2025\/02\/CONCERTO-DE-LORCA-E-ROSALIA-copia.jpg\" alt=\"\" class=\"wp-image-17586\" srcset=\"http:\/\/culturaliagz.com\/wp-content\/uploads\/2025\/02\/CONCERTO-DE-LORCA-E-ROSALIA-copia.jpg 1400w, http:\/\/culturaliagz.com\/wp-content\/uploads\/2025\/02\/CONCERTO-DE-LORCA-E-ROSALIA-copia-1280x1829.jpg 1280w, http:\/\/culturaliagz.com\/wp-content\/uploads\/2025\/02\/CONCERTO-DE-LORCA-E-ROSALIA-copia-980x1400.jpg 980w, http:\/\/culturaliagz.com\/wp-content\/uploads\/2025\/02\/CONCERTO-DE-LORCA-E-ROSALIA-copia-480x686.jpg 480w\" sizes=\"auto, (min-width: 0px) and (max-width: 480px) 480px, (min-width: 481px) and (max-width: 980px) 980px, (min-width: 981px) and (max-width: 1280px) 1280px, (min-width: 1281px) 1400px, 100vw\" \/><\/a><\/figure>\n<\/div>\n\n\n<p><\/p>\n\n\n\n<p><\/p>\n\n\n\n<p class=\"has-text-align-justify\">Continuando coa programaci\u00f3n prevista para este mes de febreiro co gallo da homenaxe a&nbsp;<strong>ROSAL\u00cdA DE CASTRO<\/strong>, o <a href=\"https:\/\/estudoschairegos.gal\/\" target=\"_blank\" rel=\"noreferrer noopener\">Instituto de Estudos Chairegos<\/a>, coa colaboraci\u00f3n do Concello de Vilalba, organiza o <a href=\"https:\/\/estudoschairegos.gal\/o-iescha-no-mes-de-rosalia-concerto-de-lorca-e-rosalia-a-cargo-de-carlos-gomez-osa-venres-21-de-febreiro-de-2025-as-2030-horas-no-auditorio-municipal-de-vilalba\/\" target=\"_blank\" rel=\"noreferrer noopener\">CONCERTO DE&nbsp;<strong>CARLOS G\u00d3MEZ OSA:<\/strong>&nbsp;<strong><em>\u201cDE LORCA E ROSAL\u00cdA\u201d<\/em><\/strong><\/a><strong><em> .<\/em><\/strong><\/p>\n\n\n\n<p class=\"has-text-align-justify\">O acto levarase a cabo o venres&nbsp;<strong>21 de febreiro de 2025 \u00e1s 20:30 horas&nbsp;<\/strong>no&nbsp;<strong>Auditorio Municipal de Vilalba<\/strong>.&nbsp;<\/p>\n\n\n\n<p class=\"has-text-align-justify\">Co acompa\u00f1amento da s\u00faa guitarra, como xa fixera no anterior concerto en maio de 2024,&nbsp;<strong>Carlos G\u00f3mez Osa<\/strong>, interpretar\u00e1 18 canci\u00f3ns moi co\u00f1ecidas de cantantes e grupos galegos, varias delas con poemas de&nbsp;<strong><em>Rosal\u00eda de Castro<\/em><\/strong>&nbsp;e de&nbsp;<strong><em>Federico Garc\u00eda Lorca.<\/em><\/strong>&nbsp;<\/p>\n\n\n\n<p class=\"has-text-align-justify\">A entrada ser\u00e1 de&nbsp;<strong>balde<\/strong>. A reserva de localidade poderase facer en<em>&nbsp;<\/em><strong><em><a target=\"_blank\" href=\"https:\/\/entradasvilalba.es\/\" rel=\"noreferrer noopener\">https:\/\/entradasvilalba.es\/<\/a><\/em><\/strong><\/p>\n\n\n\n<p><\/p>\n\n\n\n<p style=\"font-size:15px\"><em>D\u00edptico Concerto DE LORCA A ROSAL\u00cdA<\/em><\/p>\n\n\n\n<p><\/p>\n\n\n<a href=\"http:\/\/culturaliagz.com\/wp-content\/uploads\/2025\/02\/DIPTICO-CONCERTO-CARLOS-GOMEZ-OSA.pdf\" class=\"pdfemb-viewer\" style=\"\" data-width=\"max\" data-height=\"max\" data-toolbar=\"bottom\" data-toolbar-fixed=\"off\">DIPTICO-CONCERTO-CARLOS-GOMEZ-OSA<\/a>\n<p class=\"wp-block-pdfemb-pdf-embedder-viewer\"><\/p>\n\n\n\n<p><\/p>\n\n\n\n<p><\/p>\n\n\n\n<p><\/p>\n\n\n<a href=\"http:\/\/culturaliagz.com\/wp-content\/uploads\/2025\/02\/NOTA-INFORMATIVA-CONCERTO-CARLOS-GOMEZ.pdf\" class=\"pdfemb-viewer\" style=\"\" data-width=\"max\" data-height=\"max\" data-toolbar=\"bottom\" data-toolbar-fixed=\"off\">NOTA-INFORMATIVA-CONCERTO-CARLOS-GOMEZ<\/a>\n<p class=\"wp-block-pdfemb-pdf-embedder-viewer\"><\/p>\n","protected":false},"excerpt":{"rendered":"<p>Continuando coa programaci\u00f3n prevista para este mes de febreiro co gallo da homenaxe a&nbsp;ROSAL\u00cdA DE CASTRO, o Instituto de Estudos Chairegos, coa colaboraci\u00f3n do Concello de Vilalba, organiza o CONCERTO [&hellip;]<\/p>\n","protected":false},"author":1,"featured_media":0,"comment_status":"open","ping_status":"open","sticky":false,"template":"","format":"standard","meta":{"_et_pb_use_builder":"","_et_pb_old_content":"","_et_gb_content_width":"","_jetpack_memberships_contains_paid_content":false,"footnotes":""},"categories":[23,7,129,6,57,1],"tags":[313,2227,2788,2702],"class_list":["post-17585","post","type-post","status-publish","format-standard","hentry","category-autoresas","category-creacion","category-literaria","category-novas","category-outras-artes","category-xeral","tag-auditorio-municipal-de-vilalba","tag-carlos-gomez-osa","tag-de-lorca-a-rosalia","tag-o-instituto-de-estudos-chairegos-iescha"],"jetpack_featured_media_url":"","jetpack_sharing_enabled":true,"_links":{"self":[{"href":"http:\/\/culturaliagz.com\/index.php?rest_route=\/wp\/v2\/posts\/17585","targetHints":{"allow":["GET"]}}],"collection":[{"href":"http:\/\/culturaliagz.com\/index.php?rest_route=\/wp\/v2\/posts"}],"about":[{"href":"http:\/\/culturaliagz.com\/index.php?rest_route=\/wp\/v2\/types\/post"}],"author":[{"embeddable":true,"href":"http:\/\/culturaliagz.com\/index.php?rest_route=\/wp\/v2\/users\/1"}],"replies":[{"embeddable":true,"href":"http:\/\/culturaliagz.com\/index.php?rest_route=%2Fwp%2Fv2%2Fcomments&post=17585"}],"version-history":[{"count":3,"href":"http:\/\/culturaliagz.com\/index.php?rest_route=\/wp\/v2\/posts\/17585\/revisions"}],"predecessor-version":[{"id":17593,"href":"http:\/\/culturaliagz.com\/index.php?rest_route=\/wp\/v2\/posts\/17585\/revisions\/17593"}],"wp:attachment":[{"href":"http:\/\/culturaliagz.com\/index.php?rest_route=%2Fwp%2Fv2%2Fmedia&parent=17585"}],"wp:term":[{"taxonomy":"category","embeddable":true,"href":"http:\/\/culturaliagz.com\/index.php?rest_route=%2Fwp%2Fv2%2Fcategories&post=17585"},{"taxonomy":"post_tag","embeddable":true,"href":"http:\/\/culturaliagz.com\/index.php?rest_route=%2Fwp%2Fv2%2Ftags&post=17585"}],"curies":[{"name":"wp","href":"https:\/\/api.w.org\/{rel}","templated":true}]}}