{"id":17221,"date":"2024-12-02T00:03:53","date_gmt":"2024-12-01T23:03:53","guid":{"rendered":"http:\/\/culturaliagz.com\/?p=17221"},"modified":"2024-12-02T00:05:39","modified_gmt":"2024-12-01T23:05:39","slug":"foliada-de-outono-de-castineiro-milenario-o-vindeiro-14-de-decembro","status":"publish","type":"post","link":"http:\/\/culturaliagz.com\/?p=17221","title":{"rendered":"Foliada de Outono de Casti\u00f1eiro Milenario o vindeiro 14 de decembro"},"content":{"rendered":"\n<p><\/p>\n\n\n\n<p><\/p>\n\n\n<div class=\"wp-block-image\">\n<figure class=\"aligncenter size-full\"><a href=\"http:\/\/culturaliagz.com\/wp-content\/uploads\/2024\/12\/foliada_outono_2024.png\" target=\"_blank\" rel=\"noreferrer noopener\"><img loading=\"lazy\" decoding=\"async\" width=\"1024\" height=\"1024\" src=\"http:\/\/culturaliagz.com\/wp-content\/uploads\/2024\/12\/foliada_outono_2024.png\" alt=\"\" class=\"wp-image-17222\" srcset=\"http:\/\/culturaliagz.com\/wp-content\/uploads\/2024\/12\/foliada_outono_2024.png 1024w, http:\/\/culturaliagz.com\/wp-content\/uploads\/2024\/12\/foliada_outono_2024-980x980.png 980w, http:\/\/culturaliagz.com\/wp-content\/uploads\/2024\/12\/foliada_outono_2024-480x480.png 480w\" sizes=\"auto, (min-width: 0px) and (max-width: 480px) 480px, (min-width: 481px) and (max-width: 980px) 980px, (min-width: 981px) 1024px, 100vw\" \/><\/a><\/figure>\n<\/div>\n\n\n<p><\/p>\n\n\n\n<p><\/p>\n\n\n\n<p class=\"has-text-align-justify\">O&nbsp;s\u00e1bado 14&nbsp;de decembro volven as foliadas a Begonte, volve a&nbsp;<strong><a href=\"https:\/\/castinheiromilenario.wordpress.com\/2024\/11\/25\/foliada-de-outono-2\/\" target=\"_blank\" rel=\"noreferrer noopener\">Foliada de Outono<\/a><\/strong>&nbsp;de <a href=\"https:\/\/castinheiromilenario.wordpress.com\/\" target=\"_blank\" rel=\"noreferrer noopener\">Casti\u00f1eiro Milenario<\/a>. Nesta ocasi\u00f3n temos unha&nbsp;<strong>novidade importante<\/strong>, pois temos un cambio de escenario e por primeira vez, faremos a foliada no <strong>Centro Sociocultural de Begonte<\/strong>,<\/p>\n\n\n\n<p class=\"has-text-align-justify\">A foliada comezar\u00e1 \u00e1s 18 horas cun obradoiro de\u00a0<strong>construci\u00f3n de instrumentos mi\u00fados<\/strong>\u00a0a cargo de\u00a0<strong>Pablo Pintor<\/strong>. Un obradoiro para pequenos e grandes, onde recomendamos que os m\u00e1is pequenos ve\u00f1an acompa\u00f1ados dun adulto. Aprenderemos a facer alg\u00fan deses instrumentos pequenos de percusi\u00f3n que, por ser pequenos, non deixan de ser ben interesantes na nosa m\u00fasica tradicional. Ser\u00e1 un xeito de mellorar as nosas habilidades manuais, co\u00f1ecer alg\u00fan deses instrumentos e se cadra tocar algunha peci\u00f1a con eles. O obradoiro vai ser de balde para todas as persoas socias de Casti\u00f1eiro, e ter\u00e1 un custe de 10\u20ac para persoas non socias. \u00c9 necesario anotarse para ter unha previsi\u00f3n de asistencia no seguinte correo electr\u00f3nico da asociaci\u00f3n\u00a0begontina <a href=\"mailto:castineiromilenario@hotmail.com\" target=\"_blank\" rel=\"noreferrer noopener\">castineiromilenario@hotmail.com<\/a><\/p>\n\n\n\n<p class=\"has-text-align-justify\">Ao remate do obradoiro haber\u00e1 uns petiscos e a partir das nove da noite comezar\u00e1 a foliada con catro grupos participantes, os residentes&nbsp;<strong>Foliadeir@s do Castro<\/strong>&nbsp;e&nbsp;<strong>Treitoira<\/strong>&nbsp;que, como sempre, ser\u00e1n os encargados de romper o xeo e despois teremos ao grupo&nbsp;<strong>Pena Viso<\/strong>,&nbsp;<strong>Petaticat\u00faa<\/strong>&nbsp;e&nbsp;<strong>Xermolos<\/strong>. Ao remate haber\u00e1 foliada libre ata que o corpo aguante.<\/p>\n","protected":false},"excerpt":{"rendered":"<p>O&nbsp;s\u00e1bado 14&nbsp;de decembro volven as foliadas a Begonte, volve a&nbsp;Foliada de Outono&nbsp;de Casti\u00f1eiro Milenario. Nesta ocasi\u00f3n temos unha&nbsp;novidade importante, pois temos un cambio de escenario e por primeira vez, faremos [&hellip;]<\/p>\n","protected":false},"author":1,"featured_media":0,"comment_status":"open","ping_status":"open","sticky":false,"template":"","format":"standard","meta":{"_et_pb_use_builder":"","_et_pb_old_content":"","_et_gb_content_width":"","_jetpack_memberships_contains_paid_content":false,"footnotes":""},"categories":[23,7,6,57,1],"tags":[391,2676,590],"class_list":["post-17221","post","type-post","status-publish","format-standard","hentry","category-autoresas","category-creacion","category-novas","category-outras-artes","category-xeral","tag-castineiro-milenario","tag-centro-sociocultural-de-begonte","tag-foliada-de-outono"],"jetpack_featured_media_url":"","jetpack_sharing_enabled":true,"_links":{"self":[{"href":"http:\/\/culturaliagz.com\/index.php?rest_route=\/wp\/v2\/posts\/17221","targetHints":{"allow":["GET"]}}],"collection":[{"href":"http:\/\/culturaliagz.com\/index.php?rest_route=\/wp\/v2\/posts"}],"about":[{"href":"http:\/\/culturaliagz.com\/index.php?rest_route=\/wp\/v2\/types\/post"}],"author":[{"embeddable":true,"href":"http:\/\/culturaliagz.com\/index.php?rest_route=\/wp\/v2\/users\/1"}],"replies":[{"embeddable":true,"href":"http:\/\/culturaliagz.com\/index.php?rest_route=%2Fwp%2Fv2%2Fcomments&post=17221"}],"version-history":[{"count":2,"href":"http:\/\/culturaliagz.com\/index.php?rest_route=\/wp\/v2\/posts\/17221\/revisions"}],"predecessor-version":[{"id":17224,"href":"http:\/\/culturaliagz.com\/index.php?rest_route=\/wp\/v2\/posts\/17221\/revisions\/17224"}],"wp:attachment":[{"href":"http:\/\/culturaliagz.com\/index.php?rest_route=%2Fwp%2Fv2%2Fmedia&parent=17221"}],"wp:term":[{"taxonomy":"category","embeddable":true,"href":"http:\/\/culturaliagz.com\/index.php?rest_route=%2Fwp%2Fv2%2Fcategories&post=17221"},{"taxonomy":"post_tag","embeddable":true,"href":"http:\/\/culturaliagz.com\/index.php?rest_route=%2Fwp%2Fv2%2Ftags&post=17221"}],"curies":[{"name":"wp","href":"https:\/\/api.w.org\/{rel}","templated":true}]}}