{"id":17213,"date":"2024-12-01T23:48:36","date_gmt":"2024-12-01T22:48:36","guid":{"rendered":"http:\/\/culturaliagz.com\/?p=17213"},"modified":"2024-12-01T23:53:11","modified_gmt":"2024-12-01T22:53:11","slug":"o-himno-da-lesion-a-nova-cancion-de-pava-xa-esta-disponible","status":"publish","type":"post","link":"http:\/\/culturaliagz.com\/?p=17213","title":{"rendered":"\u2018O himno da lesi\u00f3n\u2019, a nova canci\u00f3n de PAVA, xa est\u00e1 dispo\u00f1ible nas principais plataformas dixitais"},"content":{"rendered":"\n<p><\/p>\n\n\n<div class=\"wp-block-image\">\n<figure class=\"aligncenter size-full\"><a href=\"http:\/\/culturaliagz.com\/wp-content\/uploads\/2024\/12\/PAVA-\u00a9-ANTONMARTINO.jpeg\" target=\"_blank\" rel=\"noreferrer noopener\"><img loading=\"lazy\" decoding=\"async\" width=\"1200\" height=\"1600\" src=\"http:\/\/culturaliagz.com\/wp-content\/uploads\/2024\/12\/PAVA-\u00a9-ANTONMARTINO.jpeg\" alt=\"\" class=\"wp-image-17214\" srcset=\"http:\/\/culturaliagz.com\/wp-content\/uploads\/2024\/12\/PAVA-\u00a9-ANTONMARTINO.jpeg 1200w, http:\/\/culturaliagz.com\/wp-content\/uploads\/2024\/12\/PAVA-\u00a9-ANTONMARTINO-225x300.jpeg 225w, http:\/\/culturaliagz.com\/wp-content\/uploads\/2024\/12\/PAVA-\u00a9-ANTONMARTINO-768x1024.jpeg 768w, http:\/\/culturaliagz.com\/wp-content\/uploads\/2024\/12\/PAVA-\u00a9-ANTONMARTINO-1152x1536.jpeg 1152w, http:\/\/culturaliagz.com\/wp-content\/uploads\/2024\/12\/PAVA-\u00a9-ANTONMARTINO-1080x1440.jpeg 1080w, http:\/\/culturaliagz.com\/wp-content\/uploads\/2024\/12\/PAVA-\u00a9-ANTONMARTINO-980x1307.jpeg 980w, http:\/\/culturaliagz.com\/wp-content\/uploads\/2024\/12\/PAVA-\u00a9-ANTONMARTINO-480x640.jpeg 480w\" sizes=\"auto, (max-width: 1200px) 100vw, 1200px\" \/><\/a><\/figure>\n<\/div>\n\n\n<p><\/p>\n\n\n\n<p><\/p>\n\n\n\n<p class=\"has-text-align-justify\" style=\"font-size:16px\"><strong>O sinxelo \u00e9 o segundo avance de <\/strong><strong><em>PAVA 3,<\/em><\/strong><strong> o novo \u00e1lbum da formaci\u00f3n liderada por Luc\u00eda Aldao, un EP que se publicar\u00e1 en decembro<\/strong><\/p>\n\n\n\n<p><strong><\/strong><\/p>\n\n\n\n<p class=\"has-text-align-justify\">PAVA, a banda de pop liderada pola poeta e compositora coru\u00f1esa Luc\u00eda Aldao, v\u00e9n de publicar nas principais plataformas dixitais <a href=\"https:\/\/pava.hearnow.com\/\" target=\"_blank\" rel=\"noreferrer noopener\">O himno da lesi\u00f3n,<\/a> a s\u00faa nova creaci\u00f3n. Tr\u00e1tase do segundo e novo avance do que ser\u00e1 <strong><em>PAVA 3,<\/em><\/strong> o terceiro EP do grupo, e que ver\u00e1 a luz no vindeiro mes de decembro.<br><\/p>\n\n\n\n<p class=\"has-text-align-justify\"><a class=\"\" href=\"https:\/\/pava.hearnow.com\/\"><em>O himno da lesi\u00f3n<\/em><\/a> \u00e9 unha canci\u00f3n en modo supervivencia, unha oda \u00e1 capacidade de seguir en p\u00e9 con humor malia todas as tristezas. Poder\u00eda ser un tema terrible pero a procesi\u00f3n vai por dentro \u2014ou neste caso, por detr\u00e1s da canci\u00f3n \u2014 e a ringleira de dores muta nun retrouso que \u00e9 un berro. <em>O himno da lesi\u00f3n<\/em> puido ser un la\u00eddo pero \u00e9 un tema definitivamente animoso, con chiscadela verbal incluida.&nbsp;<br><\/p>\n\n\n\n<p class=\"has-text-align-justify\"><strong>PAVA <\/strong>\u00e9 a banda liderada por Luc\u00eda Aldao que conta con Anal\u00eds Guill\u00edn na bater\u00eda, David Santos no baixo e Pablo Silva na guitarra. A poeta e compositora coru\u00f1esa \u00e9 a responsable das melod\u00edas e letras dos temas mais o traballo dos arranxos \u00e9 un labor de equipo ao que se suma Juli\u00e1n Goicoa, tam\u00e9n produtor da banda.&nbsp;&nbsp;<\/p>\n\n\n\n<p class=\"has-text-align-justify\">PAVA \u00e9 o resultado da evoluci\u00f3n de <em>Pava <\/em>(2021), o primeiro EP de Luc\u00eda Aldao, e de <em>Pava 2<\/em> (2022), unha segunda incursi\u00f3n que puxo de manifesto a necesidade dunha banda para consolidar o proxecto e ocupar un espazo baleiro no pop galego e en galego. Da boa acollida da proposta dan fe o segundo premio NARF no 2023 e mais o Premio Mart\u00edn C\u00f3dax na categor\u00eda de pop e indie no 2024. A banda lanzar\u00e1 o seu EP <em>Pava 3<\/em> -do que xa se co\u00f1ece<a href=\"https:\/\/pava.bandcamp.com\/track\/catastro\" target=\"_blank\" rel=\"noreferrer noopener\"> <strong><em>Catastro<\/em><\/strong><\/a>, publicado en maio- a finais deste ano.&nbsp;<\/p>\n\n\n\n<p><strong>Escoita <\/strong><strong><em>O himno da lesi\u00f3n<\/em><\/strong><\/p>\n\n\n\n<p><a href=\"https:\/\/pava.hearnow.com\/\" target=\"_blank\" rel=\"noreferrer noopener\">https:\/\/pava.hearnow.com\/<\/a><\/p>\n\n\n\n<p><\/p>\n","protected":false},"excerpt":{"rendered":"<p>O sinxelo \u00e9 o segundo avance de PAVA 3, o novo \u00e1lbum da formaci\u00f3n liderada por Luc\u00eda Aldao, un EP que se publicar\u00e1 en decembro PAVA, a banda de pop [&hellip;]<\/p>\n","protected":false},"author":1,"featured_media":0,"comment_status":"open","ping_status":"open","sticky":false,"template":"","format":"standard","meta":{"_et_pb_use_builder":"","_et_pb_old_content":"","_et_gb_content_width":"","_jetpack_memberships_contains_paid_content":false,"footnotes":""},"categories":[23,7,6,57,1],"tags":[2675,2674,2673],"class_list":["post-17213","post","type-post","status-publish","format-standard","hentry","category-autoresas","category-creacion","category-novas","category-outras-artes","category-xeral","tag-lucia-aldao","tag-o-himno-da-lesion","tag-pava"],"jetpack_featured_media_url":"","jetpack_sharing_enabled":true,"_links":{"self":[{"href":"http:\/\/culturaliagz.com\/index.php?rest_route=\/wp\/v2\/posts\/17213","targetHints":{"allow":["GET"]}}],"collection":[{"href":"http:\/\/culturaliagz.com\/index.php?rest_route=\/wp\/v2\/posts"}],"about":[{"href":"http:\/\/culturaliagz.com\/index.php?rest_route=\/wp\/v2\/types\/post"}],"author":[{"embeddable":true,"href":"http:\/\/culturaliagz.com\/index.php?rest_route=\/wp\/v2\/users\/1"}],"replies":[{"embeddable":true,"href":"http:\/\/culturaliagz.com\/index.php?rest_route=%2Fwp%2Fv2%2Fcomments&post=17213"}],"version-history":[{"count":5,"href":"http:\/\/culturaliagz.com\/index.php?rest_route=\/wp\/v2\/posts\/17213\/revisions"}],"predecessor-version":[{"id":17220,"href":"http:\/\/culturaliagz.com\/index.php?rest_route=\/wp\/v2\/posts\/17213\/revisions\/17220"}],"wp:attachment":[{"href":"http:\/\/culturaliagz.com\/index.php?rest_route=%2Fwp%2Fv2%2Fmedia&parent=17213"}],"wp:term":[{"taxonomy":"category","embeddable":true,"href":"http:\/\/culturaliagz.com\/index.php?rest_route=%2Fwp%2Fv2%2Fcategories&post=17213"},{"taxonomy":"post_tag","embeddable":true,"href":"http:\/\/culturaliagz.com\/index.php?rest_route=%2Fwp%2Fv2%2Ftags&post=17213"}],"curies":[{"name":"wp","href":"https:\/\/api.w.org\/{rel}","templated":true}]}}