{"id":17171,"date":"2024-11-21T23:35:28","date_gmt":"2024-11-21T22:35:28","guid":{"rendered":"http:\/\/culturaliagz.com\/?p=17171"},"modified":"2024-11-21T23:35:32","modified_gmt":"2024-11-21T22:35:32","slug":"amoebo-lanza-lobishomes-cun-videoclip-que-mestura-realidade-e-animacion-da-man-de-xaime-miranda","status":"publish","type":"post","link":"http:\/\/culturaliagz.com\/?p=17171","title":{"rendered":"Amoebo\u00a0lanza\u00a0\u2018Lobishomes\u2019\u00a0cun\u00a0videoclip\u00a0que\u00a0mestura\u00a0realidade\u00a0e animaci\u00f3n\u00a0da\u00a0man\u00a0de Xaime Miranda"},"content":{"rendered":"\n<p><\/p>\n\n\n<div class=\"wp-block-image\">\n<figure class=\"aligncenter size-full\"><a href=\"http:\/\/culturaliagz.com\/wp-content\/uploads\/2024\/11\/IMG_2423.jpeg\" target=\"_blank\" rel=\"noreferrer noopener\"><img loading=\"lazy\" decoding=\"async\" width=\"886\" height=\"886\" src=\"http:\/\/culturaliagz.com\/wp-content\/uploads\/2024\/11\/IMG_2423.jpeg\" alt=\"\" class=\"wp-image-17172\" srcset=\"http:\/\/culturaliagz.com\/wp-content\/uploads\/2024\/11\/IMG_2423.jpeg 886w, http:\/\/culturaliagz.com\/wp-content\/uploads\/2024\/11\/IMG_2423-480x480.jpeg 480w\" sizes=\"auto, (min-width: 0px) and (max-width: 480px) 480px, (min-width: 481px) 886px, 100vw\" \/><\/a><\/figure>\n<\/div>\n\n\n<p><\/p>\n\n\n\n<p><\/p>\n\n\n\n<p><br><\/p>\n\n\n\n<p class=\"has-text-align-justify\"><strong>Con \u2018Lobishomes\u2019\u00a0Amoebo\u00a0canta \u00e1\u00a0fuxida\u00a0do\u00a0coti\u00e1n\u00a0para enrolarse\u00a0nun\u00a0mundo fant\u00e1stico no que dar forma\u00a0\u00e1\u00a0nosa\u00a0esencia\u00a0m\u00e1is\u00a0aut\u00e9ntica.<\/strong><\/p>\n\n\n\n<p class=\"has-text-align-justify\"><strong>\u2018<\/strong><strong>Lobishomes<\/strong><strong>\u2019 \u00e9 o primero&nbsp;<\/strong><strong>sinxelo<\/strong><strong>&nbsp;de \u2018Esc\u00e1ndalo no escuro\u2019,<\/strong><strong><em>&nbsp;<\/em><\/strong><strong>un&nbsp;<\/strong><strong>dobre<\/strong><strong>&nbsp;\u00e1lbum que ver\u00e1 a luz a principios de 2025.<\/strong><\/p>\n\n\n\n<p><br><\/p>\n\n\n\n<p class=\"has-text-align-justify\">O artista\u00a0galego\u00a0<a href=\"https:\/\/www.instagram.com\/amoebo.amoebo\/?hl=es\" target=\"_blank\" rel=\"noreferrer noopener\">Amoebo<\/a>\u00a0presenta o 28 de\u00a0novembro\u00a0o\u00a0seu\u00a0novo\u00a0sinxelo\u00a0cun\u00a0v\u00eddeo musical\u00a0dirixido\u00a0por Xaime Miranda. \u2018<strong>Lobishomes<\/strong>\u2019 magnifica a sensaci\u00f3n de estar atrapados\u00a0na\u00a0nosa\u00a0realidade, relatando a ansia de\u00a0atopar\u00a0unha\u00a0v\u00eda de escape. Para\u00a0elo, o\u00a0noso\u00a0protagonista\u00a0em\u00e9rxese\u00a0nos misterios da\u00a0noite\u00a0para descubrir o\u00a0seu\u00a0alter ego, una criatura fant\u00e1stica\u00a0que mistura rasgos humanos\u00a0e\u00a0lic\u00e1ntropos.\u00a0Lonxe\u00a0de converterse\u00a0nun\u00a0ser terror\u00edfico, o\u00a0noso\u00a0<em>lobishome<\/em> desfruta da\u00a0noite\u00a0invitando a romper coa rutina e a bailar\u00a0sen complexos. Esta experiencia\u00a0reflicte\u00a0a b\u00fasqueda da liberdade\u00a0e o\u00a0desexo\u00a0de\u00a0fuxir\u00a0das\u00a0limitaci\u00f3ns\u00a0do d\u00eda a d\u00eda, celebrando\u00a0o poder\u00a0da\u00a0m\u00fasica como\u00a0refuxio\u00a0de evasi\u00f3n.\u00a0<\/p>\n\n\n\n<p class=\"has-text-align-justify\">O videoclip, rodado\u00a0na\u00a0sala coru\u00f1esa La\u00a0Disfrutona\u00a0del\u00a0Orz\u00e1n, conta coa direcci\u00f3n de Xaime Miranda a trav\u00e9s da aceleradora musical Son\u00a0Emerxente\u00a0de Fundaci\u00f3n\u00a0Paideia. Xaime\u00a0ponse\u00a0mans\u00a0\u00e1 obra para conformar\u00a0unha\u00a0experiencia visual\u00a0na\u00a0que destaca a\u00a0s\u00edntese\u00a0entre a\u00a0realidade\u00a0e o\u00a0imaxinario\u00a0a trav\u00e9s\u00a0dunha\u00a0narrativa dual entre animaci\u00f3n e realidade.\u00a0<\/p>\n\n\n\n<p class=\"has-text-align-justify\">Neste\u00a0traballo\u00a0producido por David Fern\u00e1ndez (Daiv),\u00a0Amoebo\u00a0mestura\u00a0unhaexplosi\u00f3n de rock, pop\u00a0e\u00a0ritmos urbanos actuais, creando\u00a0unha\u00a0s\u00ednteseinterxeracional\u00a0que se\u00a0converte\u00a0en banda sonora para a\u00a0xuventude\u00a0e os que\u00a0mante\u00f1en\u00a0o esp\u00edrito\u00a0festivo. Cunha\u00a0presen\u00e7a\u00a0moito\u00a0maior\u00a0de guitarras\u00a0e distorsi\u00f3n,\u00a0Amoebo\u00a0aposta por un sonido\u00a0m\u00e1is\u00a0agresivo e punzante, sen perder un \u00e1pice da frescura que o caracteriza dende os\u00a0comezos.<\/p>\n\n\n\n<p><strong>Amoebo<\/strong><strong>, un artista&nbsp;<\/strong><strong>emerxente<\/strong><strong>&nbsp;sen&nbsp;<\/strong><strong>tapuxos<\/strong><\/p>\n\n\n\n<p class=\"has-text-align-justify\">Amoebo\u00a0estableceuse\u00a0como\u00a0unha\u00a0das\u00a0propostas\u00a0m\u00e1is\u00a0destacadas da escena musical\u00a0emerxente\u00a0galega. Co\u00a0seu\u00a0primeiro\u00a0LP\u00a0<em>&#8220;Cada vez\u00a0mellor&#8221;,\u00a0<\/em>producido por David Fern\u00e1ndez,\u00a0o artista\u00a0consolidou\u00a0un son que combina pop-funk\u00a0e\u00a0electr\u00f3nica con influencias urbanas. A\u00a0s\u00faa\u00a0m\u00fasica, cargada de iron\u00eda\u00a0e\u00a0desinhibici\u00f3n, aborda temas de amor non rom\u00e1ntico, liberdade\u00a0de expresi\u00f3n e celebraci\u00f3n da vida.\u00a0<\/p>\n\n\n\n<p class=\"has-text-align-justify\">O ver\u00e1n de 2024\u00a0veu\u00a0cargado de\u00a0traballo\u00a0para\u00a0Amoebo,\u00a0quen\u00a0presentou\u00a0o\u00a0seu show\u00a0en \u00a0reco\u00f1ecidos\u00a0escenarios\u00a0galegos\u00a0como\u00a0<em>O Son do\u00a0Cami\u00f1o, Atlantic\u00a0Pride, Festival de la Luz, Atardeceres no\u00a0Gai\u00e1s\u00a0<\/em>ou\u00a0<em>Surfing\u00a0the\u00a0Lerez.<\/em>\u00a0Tam\u00e9n\u00a0apareceu\u00a0en plat\u00f3s de televisi\u00f3n como o\u00a0reco\u00f1ecid\u00edsimo\u00a0<em>Luar<\/em>\u00a0da\u00a0<em>TVG<\/em>\u00a0ou\u00a0o no\u00a0primeiro programa\u00a0<em>drag<\/em>\u00a0en\u00a0galego,\u00a0<em>Ra\u00ed\u00f1a-me,<\/em>\u00a0da plataforma\u00a0dixital\u00a0<em>A Galega<\/em>.<\/p>\n\n\n\n<p class=\"has-text-align-justify\">Amoebo\u00a0foi\u00a0unha\u00a0das bandas seleccionadas para formar parte da aceleradora musical Son\u00a0Emerxente\u00a0de Fundaci\u00f3n Paidea. Nela\u00a0traballou\u00a0con\u00a0profesionais\u00a0da industria galega como Patricia Hermida, Juan de Dios, Xaime Miranda, NONONON\u00a0Lab\u00a0ou\u00a0The\u00a0Office Comunicaci\u00f3n. Esta\u00a0aprendizaxe\u00a0sobre o sector\u00a0axudou\u00a0a levar o\u00a0proxecto\u00a0ao\u00a0seguinte nivel para preparar o\u00a0seu\u00a0pr\u00f3ximo\u00a0lanzamento.\u00a0<\/p>\n\n\n\n<p><strong>\u2018Esc\u00e1ndalo no escuro\u2019, o doble \u00e1lbum que dar\u00e1 que falar&nbsp;<\/strong><strong>en 2025<\/strong><\/p>\n\n\n\n<p class=\"has-text-align-justify\">Amoebo\u00a0xa\u00a0o\u00a0adiantou:\u00a0<em>\u201cEn 2025\u00a0faremos\u00a0un\u00a0dobre\u00a0\u00e1lbum no que convivir\u00e1 a\u00a0dualidade\u00a0de\u00a0dous\u00a0estilos que a\u00a0primeira\u00a0vista poden parecer contrarios\u201d.<\/em>\u00a0Este\u00a0dobre\u00a0LP ver\u00e1 a luz a principios de 2025 e promete non\u00a0deixar\u00a0indiferente a\u00a0ningu\u00e9n. O t\u00edtulo, \u2018Esc\u00e1ndalo no escuro\u2019, e un preludio da tem\u00e1tica que veremos: pol\u00e9mica, provocaci\u00f3n,\u00a0escuridade, sexo,\u00a0paix\u00f3n, ansia, medo\u00a0ou\u00a0dor. Este t\u00edtulo non\u00a0s\u00f3\u00a0acompa\u00f1ar\u00e1 a tem\u00e1tica do disco, a\u00a0escuridade\u00a0poder\u00e1\u00a0verse\u00a0reflexada nuns\u00a0sons m\u00e1is\u00a0agresivos que nunca,\u00a0mantendo\u00a0a mistura de estilos que\u00a0xa caracteriza\u00a0ao\u00a0artista.\u00a0<\/p>\n\n\n\n<p class=\"has-text-align-justify\">O LP estar\u00e1 conformado por d\u00faas caras (A e B), con seis temas e\u00a0dous\u00a0<em>skits<\/em>\u00a0cada\u00a0unha.\u00a0Na\u00a0cara A predominar\u00e1n os ritmos\u00a0mais\u00a0urbanos, mesturados\u00a0co\u00a0pop dos 2000, tomando\u00a0de\u00a0referente divas como Madonna, Britney Spears,\u00a0Dua Lipa\u00a0ouBad\u00a0Gyal. A cara B estar\u00e1 tintada de\u00a0sons\u00a0m\u00e1is\u00a0rockeiros\u00a0nas\u00a0que se\u00a0percibe un claro\u00a0pasado\u00a0metaleiro. Coas guitarras\u00a0e\u00a0os\u00a0baixos\u00a0como protagonistas absolutos, pero\u00a0cun\u00a0fondo urbano e actual,\u00a0unha\u00a0mestura\u00a0en\u00e9rxica, agresiva e festiva.<\/p>\n\n\n\n<p class=\"has-text-align-justify\">O pr\u00f3ximo adianto do \u00e1lbum\u00a0vir\u00e1\u00a0da\u00a0man\u00a0do\u00a0sinxelo\u00a0<em>\u201cUnha\u00a0foto\u201d,<\/em>\u00a0que estar\u00e1 disponible en plataformas\u00a0dixitais\u00a0en xaneiro\u00a0de 2025.\u200b<\/p>\n","protected":false},"excerpt":{"rendered":"<p>Con \u2018Lobishomes\u2019\u00a0Amoebo\u00a0canta \u00e1\u00a0fuxida\u00a0do\u00a0coti\u00e1n\u00a0para enrolarse\u00a0nun\u00a0mundo fant\u00e1stico no que dar forma\u00a0\u00e1\u00a0nosa\u00a0esencia\u00a0m\u00e1is\u00a0aut\u00e9ntica. \u2018Lobishomes\u2019 \u00e9 o primero&nbsp;sinxelo&nbsp;de \u2018Esc\u00e1ndalo no escuro\u2019,&nbsp;un&nbsp;dobre&nbsp;\u00e1lbum que ver\u00e1 a luz a principios de 2025. O artista\u00a0galego\u00a0Amoebo\u00a0presenta o 28 de\u00a0novembro\u00a0o\u00a0seu\u00a0novo\u00a0sinxelo\u00a0cun\u00a0v\u00eddeo musical\u00a0dirixido\u00a0por [&hellip;]<\/p>\n","protected":false},"author":1,"featured_media":0,"comment_status":"open","ping_status":"open","sticky":false,"template":"","format":"standard","meta":{"_et_pb_use_builder":"","_et_pb_old_content":"","_et_gb_content_width":"","_jetpack_memberships_contains_paid_content":false,"footnotes":""},"categories":[23,7,6,57,1],"tags":[2064,2646,2647],"class_list":["post-17171","post","type-post","status-publish","format-standard","hentry","category-autoresas","category-creacion","category-novas","category-outras-artes","category-xeral","tag-amoebo","tag-lobishomes","tag-xaime-miranda"],"jetpack_featured_media_url":"","jetpack_sharing_enabled":true,"_links":{"self":[{"href":"http:\/\/culturaliagz.com\/index.php?rest_route=\/wp\/v2\/posts\/17171","targetHints":{"allow":["GET"]}}],"collection":[{"href":"http:\/\/culturaliagz.com\/index.php?rest_route=\/wp\/v2\/posts"}],"about":[{"href":"http:\/\/culturaliagz.com\/index.php?rest_route=\/wp\/v2\/types\/post"}],"author":[{"embeddable":true,"href":"http:\/\/culturaliagz.com\/index.php?rest_route=\/wp\/v2\/users\/1"}],"replies":[{"embeddable":true,"href":"http:\/\/culturaliagz.com\/index.php?rest_route=%2Fwp%2Fv2%2Fcomments&post=17171"}],"version-history":[{"count":1,"href":"http:\/\/culturaliagz.com\/index.php?rest_route=\/wp\/v2\/posts\/17171\/revisions"}],"predecessor-version":[{"id":17173,"href":"http:\/\/culturaliagz.com\/index.php?rest_route=\/wp\/v2\/posts\/17171\/revisions\/17173"}],"wp:attachment":[{"href":"http:\/\/culturaliagz.com\/index.php?rest_route=%2Fwp%2Fv2%2Fmedia&parent=17171"}],"wp:term":[{"taxonomy":"category","embeddable":true,"href":"http:\/\/culturaliagz.com\/index.php?rest_route=%2Fwp%2Fv2%2Fcategories&post=17171"},{"taxonomy":"post_tag","embeddable":true,"href":"http:\/\/culturaliagz.com\/index.php?rest_route=%2Fwp%2Fv2%2Ftags&post=17171"}],"curies":[{"name":"wp","href":"https:\/\/api.w.org\/{rel}","templated":true}]}}