{"id":17009,"date":"2024-10-24T16:50:09","date_gmt":"2024-10-24T15:50:09","guid":{"rendered":"http:\/\/culturaliagz.com\/?p=17009"},"modified":"2024-10-24T16:50:13","modified_gmt":"2024-10-24T15:50:13","slug":"celebracion-este-sabado-26-de-outubro-do-iv-magosto-cal-da-loba","status":"publish","type":"post","link":"http:\/\/culturaliagz.com\/?p=17009","title":{"rendered":"Celebraci\u00f3n este s\u00e1bado 26 de outubro do IV Magosto Cal Da Loba"},"content":{"rendered":"\n<p><\/p>\n\n\n<div class=\"wp-block-image\">\n<figure class=\"aligncenter size-full\"><a href=\"http:\/\/culturaliagz.com\/wp-content\/uploads\/2024\/10\/IV-Magosto-Cal-Da-Loba-1.jpg\" target=\"_blank\" rel=\"noreferrer noopener\"><img loading=\"lazy\" decoding=\"async\" width=\"1182\" height=\"1182\" src=\"http:\/\/culturaliagz.com\/wp-content\/uploads\/2024\/10\/IV-Magosto-Cal-Da-Loba-1.jpg\" alt=\"\" class=\"wp-image-17010\" srcset=\"http:\/\/culturaliagz.com\/wp-content\/uploads\/2024\/10\/IV-Magosto-Cal-Da-Loba-1.jpg 1182w, http:\/\/culturaliagz.com\/wp-content\/uploads\/2024\/10\/IV-Magosto-Cal-Da-Loba-1-980x980.jpg 980w, http:\/\/culturaliagz.com\/wp-content\/uploads\/2024\/10\/IV-Magosto-Cal-Da-Loba-1-480x480.jpg 480w\" sizes=\"auto, (min-width: 0px) and (max-width: 480px) 480px, (min-width: 481px) and (max-width: 980px) 980px, (min-width: 981px) 1182px, 100vw\" \/><\/a><\/figure>\n<\/div>\n\n\n<p><\/p>\n\n\n\n<p><\/p>\n\n\n\n<p class=\"has-text-align-justify\" style=\"font-size:16px\">Este s\u00e1bado 26 de outubro celebrarase o <strong>IV Magosto Cal Da Loba<\/strong>, que organiza a <a href=\"https:\/\/www.facebook.com\/asoc.devecinospino\/\" target=\"_blank\" rel=\"noreferrer noopener\">Asociaci\u00f3n Recreativo Cultural de San Marti\u00f1o de Pino<\/a>, en colaboraci\u00f3n coas webs <a href=\"https:\/\/www.caldaloba.es\/\" target=\"_blank\" rel=\"noreferrer noopener\">Caldaloba<\/a> e <a href=\"http:\/\/culturaliagz.com\/\" target=\"_blank\" rel=\"noreferrer noopener\">Culturalia GZ<\/a>, e co apoio da <a href=\"https:\/\/cultura.deputacionlugo.gal\/\" target=\"_blank\" rel=\"noreferrer noopener\">\u00c1rea de Cultura da Deputaci\u00f3n Provincial de Lugo<\/a> e do <a href=\"https:\/\/www.concellodecospeito.es\/\" target=\"_blank\" rel=\"noreferrer noopener\">Concello de Cospeito<\/a>.<\/p>\n\n\n\n<p style=\"font-size:16px\">O PROGRAMA de actividades ser\u00e1 o seguinte:<\/p>\n\n\n\n<p><\/p>\n\n\n<div class=\"wp-block-image\">\n<figure class=\"aligncenter size-full\"><a href=\"http:\/\/culturaliagz.com\/wp-content\/uploads\/2024\/10\/IV-Magosto-Cal-Da-Loba-2-1.jpg\" target=\"_blank\" rel=\"noreferrer noopener\"><img loading=\"lazy\" decoding=\"async\" width=\"1182\" height=\"1182\" src=\"http:\/\/culturaliagz.com\/wp-content\/uploads\/2024\/10\/IV-Magosto-Cal-Da-Loba-2-1.jpg\" alt=\"\" class=\"wp-image-17012\" srcset=\"http:\/\/culturaliagz.com\/wp-content\/uploads\/2024\/10\/IV-Magosto-Cal-Da-Loba-2-1.jpg 1182w, http:\/\/culturaliagz.com\/wp-content\/uploads\/2024\/10\/IV-Magosto-Cal-Da-Loba-2-1-980x980.jpg 980w, http:\/\/culturaliagz.com\/wp-content\/uploads\/2024\/10\/IV-Magosto-Cal-Da-Loba-2-1-480x480.jpg 480w\" sizes=\"auto, (min-width: 0px) and (max-width: 480px) 480px, (min-width: 481px) and (max-width: 980px) 980px, (min-width: 981px) 1182px, 100vw\" \/><\/a><\/figure>\n<\/div>\n\n\n<p><\/p>\n\n\n\n<p><\/p>\n\n\n\n<p style=\"font-size:17px\">Descargar <a href=\"http:\/\/culturaliagz.com\/wp-content\/uploads\/2024\/10\/Programa-IV-Magosto-Cal-Da-Loba.pdf\" target=\"_blank\" rel=\"noreferrer noopener\">PROGRAMA<\/a> (PDF)<\/p>\n","protected":false},"excerpt":{"rendered":"<p>Este s\u00e1bado 26 de outubro celebrarase o IV Magosto Cal Da Loba, que organiza a Asociaci\u00f3n Recreativo Cultural de San Marti\u00f1o de Pino, en colaboraci\u00f3n coas webs Caldaloba e Culturalia [&hellip;]<\/p>\n","protected":false},"author":1,"featured_media":0,"comment_status":"open","ping_status":"open","sticky":false,"template":"","format":"standard","meta":{"_et_pb_use_builder":"","_et_pb_old_content":"","_et_gb_content_width":"","_jetpack_memberships_contains_paid_content":false,"footnotes":""},"categories":[23,7,129,6,57,1],"tags":[1653,769,580,919,478,29,2593],"class_list":["post-17009","post","type-post","status-publish","format-standard","hentry","category-autoresas","category-creacion","category-literaria","category-novas","category-outras-artes","category-xeral","tag-alexandra-cabana-outeiro","tag-area-de-cultura-vicepresidencia-da-deputacion-provincial-de-lugo","tag-asociacion-recreativo-cultural-de-san-martino-de-pino","tag-caldaloba-es","tag-concello-de-cospeito","tag-culturalia-gz","tag-iv-magosto-cal-da-loba"],"jetpack_featured_media_url":"","jetpack_sharing_enabled":true,"_links":{"self":[{"href":"http:\/\/culturaliagz.com\/index.php?rest_route=\/wp\/v2\/posts\/17009","targetHints":{"allow":["GET"]}}],"collection":[{"href":"http:\/\/culturaliagz.com\/index.php?rest_route=\/wp\/v2\/posts"}],"about":[{"href":"http:\/\/culturaliagz.com\/index.php?rest_route=\/wp\/v2\/types\/post"}],"author":[{"embeddable":true,"href":"http:\/\/culturaliagz.com\/index.php?rest_route=\/wp\/v2\/users\/1"}],"replies":[{"embeddable":true,"href":"http:\/\/culturaliagz.com\/index.php?rest_route=%2Fwp%2Fv2%2Fcomments&post=17009"}],"version-history":[{"count":3,"href":"http:\/\/culturaliagz.com\/index.php?rest_route=\/wp\/v2\/posts\/17009\/revisions"}],"predecessor-version":[{"id":17016,"href":"http:\/\/culturaliagz.com\/index.php?rest_route=\/wp\/v2\/posts\/17009\/revisions\/17016"}],"wp:attachment":[{"href":"http:\/\/culturaliagz.com\/index.php?rest_route=%2Fwp%2Fv2%2Fmedia&parent=17009"}],"wp:term":[{"taxonomy":"category","embeddable":true,"href":"http:\/\/culturaliagz.com\/index.php?rest_route=%2Fwp%2Fv2%2Fcategories&post=17009"},{"taxonomy":"post_tag","embeddable":true,"href":"http:\/\/culturaliagz.com\/index.php?rest_route=%2Fwp%2Fv2%2Ftags&post=17009"}],"curies":[{"name":"wp","href":"https:\/\/api.w.org\/{rel}","templated":true}]}}