{"id":16986,"date":"2024-10-21T23:22:41","date_gmt":"2024-10-21T22:22:41","guid":{"rendered":"http:\/\/culturaliagz.com\/?p=16986"},"modified":"2024-10-21T23:24:23","modified_gmt":"2024-10-21T22:24:23","slug":"o-fiot-acolle-mana-martes-22-de-outubro-as-xornadas-profesionais-de-escena-galega-2024","status":"publish","type":"post","link":"http:\/\/culturaliagz.com\/?p=16986","title":{"rendered":"O FIOT acolle ma\u00f1\u00e1 martes, 22 de outubro, as Xornadas Profesionais de Escena Galega 2024"},"content":{"rendered":"\n<p><\/p>\n\n\n<div class=\"wp-block-image\">\n<figure class=\"aligncenter size-large\"><a href=\"http:\/\/culturaliagz.com\/wp-content\/uploads\/2024\/10\/Escena-Galega-1.jpg\" target=\"_blank\" rel=\"noreferrer noopener\"><img loading=\"lazy\" decoding=\"async\" width=\"1024\" height=\"666\" src=\"http:\/\/culturaliagz.com\/wp-content\/uploads\/2024\/10\/Escena-Galega-1-1024x666.jpg\" alt=\"\" class=\"wp-image-16988\" srcset=\"http:\/\/culturaliagz.com\/wp-content\/uploads\/2024\/10\/Escena-Galega-1-980x637.jpg 980w, http:\/\/culturaliagz.com\/wp-content\/uploads\/2024\/10\/Escena-Galega-1-480x312.jpg 480w\" sizes=\"auto, (min-width: 0px) and (max-width: 480px) 480px, (min-width: 481px) and (max-width: 980px) 980px, (min-width: 981px) 1024px, 100vw\" \/><\/a><figcaption class=\"wp-element-caption\">Imaxe das Xornadas Profesionais da Escena Galega 2022<\/figcaption><\/figure>\n<\/div>\n\n\n<p><\/p>\n\n\n\n<p class=\"has-text-align-justify\"><strong>A actividade, baixo o t\u00edtulo \u201cAs artes esc\u00e9nicas profesionais e os p\u00fablicos: do concepto do espectador ao de comunidade arredor da escena\u201d, desenvolveranse de 9.30 a 18.30h no Sal\u00f3n de Actos do Pazo da Cultura de Carballo, no marco da celebraci\u00f3n da 33\u00aa edici\u00f3n do Festival Internacional Outono de Teatro de Carballo<\/strong><\/p>\n\n\n\n<p class=\"has-text-align-justify\"><strong>As xornadas, que contan co financiamento da Deputaci\u00f3n da Coru\u00f1a, a colaboraci\u00f3n do FIOT de Carballo e o patrocinio de Caf\u00e9s Candelas, \u00e9 de balde, con inscrici\u00f3n previa a trav\u00e9s da p\u00e1xina web&nbsp;<\/strong><a href=\"http:\/\/www.escenagalega.gal\/\" target=\"_blank\" rel=\"noreferrer noopener\"><strong>www.escenagalega.gal<\/strong><\/a><\/p>\n\n\n\n<p class=\"has-text-align-justify\"><strong>As Xornadas Profesionais de Escena Galega 2024 propo\u00f1en un total de cinco mesas redondas de conversa&nbsp;&nbsp;e debate en torno ao concepto dos p\u00fablicos, pero, tam\u00e9n, dos non p\u00fablicos e de como achegarnos a eles e a elas, con recursos e estratexias dende a mediaci\u00f3n ata a comunicaci\u00f3n cultural<\/strong><\/p>\n\n\n\n<p><\/p>\n\n\n\n<p class=\"has-text-align-justify\">O<a href=\"https:\/\/fiot.gal\/\" target=\"_blank\" rel=\"noreferrer noopener\"> Festival Internacional Outono de Teatro de Carballo, o FIOT<\/a>, acolle ma\u00f1\u00e1 martes, 22 de outubro, as Xornadas Profesionais de Escena Galega 2024. A actividade, baixo o t\u00edtulo \u201cAs artes esc\u00e9nicas profesionais e os p\u00fablicos: do concepto do espectador ao de comunidade arredor da escena\u201d, desenvolveranse de 9.30 a 18.30h no Sal\u00f3n de Actos do Pazo da Cultura (r\u00faa do Pan, s\/n), no marco da celebraci\u00f3n da 33\u00aa edici\u00f3n do festival. As xornadas, que contan co financiamento da Deputaci\u00f3n da Coru\u00f1a, a colaboraci\u00f3n do FIOT de Carballo e o patrocinio de Caf\u00e9s Candelas, \u00e9 de balde, con inscrici\u00f3n previa a trav\u00e9s da p\u00e1xina web&nbsp;<a href=\"http:\/\/www.escenagalega.gal\/\" target=\"_blank\" rel=\"noreferrer noopener\">www.escenagalega.gal<\/a>.&nbsp;<\/p>\n\n\n\n<p class=\"has-text-align-justify\">As Xornadas Profesionais de Escena Galega 2024 propo\u00f1en un total de cinco mesas redondas de conversa&nbsp;&nbsp;e debate en torno ao concepto dos p\u00fablicos, pero, tam\u00e9n, dos non p\u00fablicos e de como achegarnos a eles e a elas, con recursos e estratexias dende a mediaci\u00f3n ata a comunicaci\u00f3n cultural. As sesi\u00f3ns centraranse nas eivas para o sector, reflexionando sobre como achegar, nesta sociedade multipantalla e multicanal, a informaci\u00f3n sobre a escena galega profesional dun xeito efectivo e directo. Tam\u00e9n da necesaria, e apenas desenvolvida en Galicia dun xeito global, relaci\u00f3n entre a escena e a escola, con acci\u00f3ns para escolares diversas que vaian m\u00e1is al\u00e1 da exhibici\u00f3n de espect\u00e1culos e sirvan para crear p\u00fablicos de futuro.<\/p>\n\n\n\n<p class=\"has-text-align-justify\">Ao longo das cinco mesas proxectadas para o d\u00eda, as persoas asistentes poder\u00e1n reflexionar sobre as distintas perspectivas e realidades dos p\u00fablicos das artes esc\u00e9nicas e cuesti\u00f3ns vencelladas \u00e1 mediaci\u00f3n, \u00e1 escena -tanto amadora como profesional-, o medio rural, o \u00e1mbito educativo ou a comunicaci\u00f3n cultural.<\/p>\n\n\n\n<p><strong>M\u00e1is informaci\u00f3n en:&nbsp;<\/strong><\/p>\n\n\n\n<p><a href=\"http:\/\/www.escenagalega.gal\/\" target=\"_blank\" rel=\"noreferrer noopener\">www.escenagalega.gal<\/a><\/p>\n\n\n\n<p><strong>UNHA PANOR\u00c1MICA GLOBAL SOBRE O #FIOT33<\/strong><\/p>\n\n\n\n<p class=\"has-text-align-justify\">Este outono, o Festival Internacional Outono de Teatro de Carballo, o FIOT, reunir\u00e1 de novo en Galicia a algunhas das figuras m\u00e1is imprescindibles da escena teatral contempor\u00e1nea para celebrar a s\u00faa 33\u00aa edici\u00f3n. Do 26 de setembro ao 31 de outubro, dramaturg@s e director@s tan celebrad@s como Daniel Veronese, Pablo Rem\u00f3n, Jos\u00e9 Troncoso, Esther Carrodeguas, os Premios Nacionais de Literatura Dram\u00e1tica Paula Carballeira e Alberto Conejero e Andrea Jim\u00e9nez, ademais de int\u00e9rpretes de renome como Javier C\u00e1mara, Malena Alterio, Israel Elejalde, Marta Nieto, Paula Quintas, C\u00e1ndido Paz\u00f3 ou Evaristo Calvo, e compa\u00f1\u00edas sempre interesantes como Las Ni\u00f1as de C\u00e1diz, Berrobamb\u00e1n ou Teatro Kamikaze, entre moitas outras, participar\u00e1n este ano no FIOT.<\/p>\n\n\n\n<p class=\"has-text-align-justify\">Baixo o lema \u2018Agora \u00e9 sempre\u2019, a 33\u00aa edici\u00f3n do Festival Internacional Outono de Teatro de Carballo achegar\u00e1 ao p\u00fablico textos de grandes cl\u00e1sicos como Shakespeare, Homero, Eur\u00edpides ou Ch\u00e9jov, vistos desde o prisma contempor\u00e1neo, revisitando conflitos atemporais para propo\u00f1er unha singular viaxe que vai do presente \u00e1 eternidade, do contempor\u00e1neo \u00e1 tradici\u00f3n, do particular ao universal&#8230; do agora ao sempre.<\/p>\n\n\n\n<p class=\"has-text-align-justify\">Deste xeito, o FIOT regresa durante cinco semanas \u00e1s t\u00e1boas, r\u00faas e espazos non convencionais de Carballo cun programa aberto a todos os p\u00fablicos, formatos e sensibilidades, que concentra 36 espect\u00e1culos, procedentes de 3 pa\u00edses (Espa\u00f1a, Arxentina e Cuba) e 7 comunidades aut\u00f3nomas espa\u00f1olas (Galicia, Valencia, Catalu\u00f1a, Madrid, Castela e Le\u00f3n, Andaluc\u00eda e Navarra), con 8 estreas absolutas, 1 estrea en Espa\u00f1a, 6 estreas en Galicia e m\u00e1is dunha trintena de actividades de mediaci\u00f3n.<\/p>\n\n\n\n<p class=\"has-text-align-justify\">Da man do #FIOT33, este outono desfilar\u00e1n por Carballo desfilar\u00e1n propostas como&nbsp;<em>En mitad de tanto fuego,<\/em>&nbsp;de Alberto Conejero; a versi\u00f3n 1 de&nbsp;<em>Vania x Vania,<\/em>&nbsp;de Teatro Kamikaze, dirixida por Pablo Rem\u00f3n e protagonizada por Javier C\u00e1mara, Israel Elejalde e Marta Nieto, entre outros;&nbsp;<em>Los amigos de ellos dos,<\/em>&nbsp;con Malena Alterio e David Lorente, baixo a batuta de Daniel Veronese;&nbsp;<em>IRIBARNE,<\/em>&nbsp;de ButacaZero, escrita e interpretada por Esther Carrodeguas;&nbsp;<em>Las bingueras de Eur\u00edpides<\/em>, das sempre interesantes Ni\u00f1as de C\u00e1diz, con direcci\u00f3n de Jos\u00e9 Troncoso;&nbsp;<em>Casting Lear,&nbsp;<\/em>de Andrea Jim\u00e9nez; ou o desembarco en Espa\u00f1a dun dos grandes \u00e9xitos da carteleira arxentina das \u00faltimas tempadas:<em>&nbsp;El brote,<\/em>&nbsp;da Compa\u00f1\u00eda Criolla.<\/p>\n\n\n\n<p class=\"has-text-align-justify\">Non faltar\u00e1 \u00e1 cita a prestixiosa compa\u00f1\u00eda galega Berrobamb\u00e1n, coa Premio Nacional de Literatura Dram\u00e1tica en 2023 Paula Carballeira, que presentan a estrea absoluta da peza coproducida polo FIOT&nbsp;<em>Mulleres que viven soas #MQVS<\/em>. Entre os creadores galegos, destacan tam\u00e9n nomes como os de Paula Quint\u00e1s, tam\u00e9n cunha estrea absoluta, a de Multiperspectivas#3, ou C\u00e1ndido Paz\u00f3 e Evaristo Calvo, que encher\u00e1n de historias a R\u00faa dos Contos, entre moitas outras figuras.<\/p>\n\n\n\n<p><strong>UN ENCONTRO QUE NON S\u00d3 \u00c9 TEATRO<\/strong><\/p>\n\n\n\n<p class=\"has-text-align-justify\">O FIOT \u00e9 a cita coas artes esc\u00e9nicas m\u00e1is prestixiosa de Galicia&nbsp;e un dos referentes culturais do noroeste peninsular. Cada outono re\u00fane a m\u00e1is de 10.000 persoas, durante un mes,&nbsp;ao redor dun programa que concentra&nbsp;preto de 40 espect\u00e1culos e unha trintena de actividades paralelas, da man de&nbsp;artistas e compa\u00f1\u00edas de renome da escena espa\u00f1ola, galega e internacional.&nbsp;Figuras como Carmen Maura, Blanca Portillo, Carmen Machi, Marti\u00f1o Rivas ou Xos\u00e9 A. Touri\u00f1\u00e1n; ademais de formaci\u00f3ns de referencia como Els Joglar, Yllana, Kamikaze Produci\u00f3ns, Ch\u00e9vere ou Voadora, entre outras moitas, desfilaron polas t\u00e1boas do FIOT nas s\u00faas m\u00e1is de&nbsp;tres d\u00e9cadas de historia.<\/p>\n\n\n\n<p class=\"has-text-align-justify\">O compromiso social, a aposta polas voces singulares e \u00fanicas, a calidade, a autenticidade e a apertura a x\u00e9neros e linguaxes diversas (teatro de texto,&nbsp;<em>performance<\/em>, teatro xestual e de obxectos, autoficci\u00f3n, circo, teatro documento&#8230;) seguen a conformar a identidade do FIOT nesta 33\u00aa edici\u00f3n.&nbsp;<\/p>\n\n\n\n<p class=\"has-text-align-justify\">Coa vontade de achegar a Carballo as mellores propostas do circu\u00edto esc\u00e9nico actual a nivel galego, nacional e internacional, o programa do festival contar\u00e1, de novo, coas li\u00f1as habituais que conforman cada ano o seu cartel: ademais do programa de sala, no FIOT alternaranse outras interesantes secci\u00f3ns de programaci\u00f3n, que apostan polos x\u00e9neros, os formatos e os p\u00fablicos m\u00e1is diversos.&nbsp;<\/p>\n\n\n\n<p class=\"has-text-align-justify\">Deste modo, un ano m\u00e1is, haber\u00e1 narraci\u00f3n oral na R\u00faa dos Contos, teatro experimental e novos creadores no OTNI (Obxecto Teatral Non Identificado); circo, teatro de r\u00faa ou teatro f\u00edsico en Teatro de R\u00faa; obras curtas de pequeno formato en espazos non convencionais no Certame de Micro-Escenas Metro Cadrado, tem\u00e1ticas orientadas \u00e1s inquietudes adolescentes no FIOTeen, etc.<\/p>\n\n\n\n<p class=\"has-text-align-justify\">Fiel \u00e1 s\u00faa vontade de ser, de novo, \u201co coraz\u00f3n do teatro en Galicia\u201d, en paralelo \u00e1 programaci\u00f3n esc\u00e9nica, o FIOT desenvolve unha intensa actividade con entrevistas en formato podcast, residencias art\u00edsticas, encontros profesionais, colaboraci\u00f3ns con outros proxectos esc\u00e9nicos, exposici\u00f3ns o o premio Xograr de Outono, este ano outorgado a Avelino Gonz\u00e1lez. A trav\u00e9s da plataforma&nbsp;<em>online<\/em>&nbsp;<a href=\"http:\/\/Ataquilla.com\" target=\"_blank\" rel=\"noreferrer noopener\">Ataquilla.com<\/a>, o p\u00fablico poder\u00e1 facerse coas s\u00faas entradas para as diferentes secci\u00f3ns do festival: Programa de Sala, OTNI, R\u00faa dos Contos e FIOT en Ruta. Na p\u00e1xina web do festival,&nbsp;<a href=\"http:\/\/www.fiot.gal\/\" target=\"_blank\" rel=\"noreferrer noopener\">www.fiot.gal<\/a>, \u00e9 posible consultar a informaci\u00f3n completa desta 33\u00aa edici\u00f3n do FIOT.<\/p>\n\n\n\n<p><\/p>\n\n\n\n<p><strong>M\u00c1IS INFORMACI\u00d3N<\/strong><\/p>\n\n\n\n<figure class=\"wp-block-embed is-type-wp-embed is-provider-fiot-carballo wp-block-embed-fiot-carballo\"><div class=\"wp-block-embed__wrapper\">\n<blockquote class=\"wp-embedded-content\" data-secret=\"GszEMNzfQ9\"><a href=\"https:\/\/fiot.gal\/\">Inicio<\/a><\/blockquote><iframe loading=\"lazy\" class=\"wp-embedded-content\" sandbox=\"allow-scripts\" security=\"restricted\" style=\"position: absolute; clip: rect(1px, 1px, 1px, 1px);\" title=\"&#8220;Inicio&#8221; &#8212; FIOT Carballo\" src=\"https:\/\/fiot.gal\/embed\/#?secret=6cHdzAx2Vf#?secret=GszEMNzfQ9\" data-secret=\"GszEMNzfQ9\" width=\"600\" height=\"338\" frameborder=\"0\" marginwidth=\"0\" marginheight=\"0\" scrolling=\"no\"><\/iframe>\n<\/div><\/figure>\n\n\n<a href=\"http:\/\/culturaliagz.com\/wp-content\/uploads\/2024\/10\/2024.10.21.NP-Xornadas-Escena-Galega-FIOT33.pdf\" class=\"pdfemb-viewer\" style=\"\" data-width=\"max\" data-height=\"max\" data-toolbar=\"bottom\" data-toolbar-fixed=\"off\">2024.10.21.NP-Xornadas-Escena-Galega-FIOT33<\/a>\n<p class=\"wp-block-pdfemb-pdf-embedder-viewer\"><\/p>\n","protected":false},"excerpt":{"rendered":"<p>A actividade, baixo o t\u00edtulo \u201cAs artes esc\u00e9nicas profesionais e os p\u00fablicos: do concepto do espectador ao de comunidade arredor da escena\u201d, desenvolveranse de 9.30 a 18.30h no Sal\u00f3n de [&hellip;]<\/p>\n","protected":false},"author":1,"featured_media":0,"comment_status":"open","ping_status":"open","sticky":false,"template":"","format":"standard","meta":{"_et_pb_use_builder":"","_et_pb_old_content":"","_et_gb_content_width":"","_jetpack_memberships_contains_paid_content":false,"footnotes":""},"categories":[23,7,6,57,1],"tags":[2590,2558,2476,2589],"class_list":["post-16986","post","type-post","status-publish","format-standard","hentry","category-autoresas","category-creacion","category-novas","category-outras-artes","category-xeral","tag-as-artes-escenicas-profesionais-e-os-publicos-do-concepto-do-espectador-ao-de-comunidade-arredor-da-escena","tag-escena-galega","tag-fiot-2024","tag-xornadas-profesionais-de-escena-galega-2024"],"jetpack_featured_media_url":"","jetpack_sharing_enabled":true,"_links":{"self":[{"href":"http:\/\/culturaliagz.com\/index.php?rest_route=\/wp\/v2\/posts\/16986","targetHints":{"allow":["GET"]}}],"collection":[{"href":"http:\/\/culturaliagz.com\/index.php?rest_route=\/wp\/v2\/posts"}],"about":[{"href":"http:\/\/culturaliagz.com\/index.php?rest_route=\/wp\/v2\/types\/post"}],"author":[{"embeddable":true,"href":"http:\/\/culturaliagz.com\/index.php?rest_route=\/wp\/v2\/users\/1"}],"replies":[{"embeddable":true,"href":"http:\/\/culturaliagz.com\/index.php?rest_route=%2Fwp%2Fv2%2Fcomments&post=16986"}],"version-history":[{"count":2,"href":"http:\/\/culturaliagz.com\/index.php?rest_route=\/wp\/v2\/posts\/16986\/revisions"}],"predecessor-version":[{"id":16991,"href":"http:\/\/culturaliagz.com\/index.php?rest_route=\/wp\/v2\/posts\/16986\/revisions\/16991"}],"wp:attachment":[{"href":"http:\/\/culturaliagz.com\/index.php?rest_route=%2Fwp%2Fv2%2Fmedia&parent=16986"}],"wp:term":[{"taxonomy":"category","embeddable":true,"href":"http:\/\/culturaliagz.com\/index.php?rest_route=%2Fwp%2Fv2%2Fcategories&post=16986"},{"taxonomy":"post_tag","embeddable":true,"href":"http:\/\/culturaliagz.com\/index.php?rest_route=%2Fwp%2Fv2%2Ftags&post=16986"}],"curies":[{"name":"wp","href":"https:\/\/api.w.org\/{rel}","templated":true}]}}