{"id":16966,"date":"2024-10-18T23:09:59","date_gmt":"2024-10-18T22:09:59","guid":{"rendered":"http:\/\/culturaliagz.com\/?p=16966"},"modified":"2024-10-18T23:11:08","modified_gmt":"2024-10-18T22:11:08","slug":"lode-presenta-o-seu-novo-tema-tkila","status":"publish","type":"post","link":"http:\/\/culturaliagz.com\/?p=16966","title":{"rendered":"Lode presenta o seu novo tema TKILA"},"content":{"rendered":"\n<p><\/p>\n\n\n<div class=\"wp-block-image\">\n<figure class=\"aligncenter size-full\"><a href=\"http:\/\/culturaliagz.com\/wp-content\/uploads\/2024\/10\/lode_tkila_3000.jpg\" target=\"_blank\" rel=\"noreferrer noopener\"><img loading=\"lazy\" decoding=\"async\" width=\"600\" height=\"600\" src=\"http:\/\/culturaliagz.com\/wp-content\/uploads\/2024\/10\/lode_tkila_3000.jpg\" alt=\"\" class=\"wp-image-16967\" srcset=\"http:\/\/culturaliagz.com\/wp-content\/uploads\/2024\/10\/lode_tkila_3000.jpg 600w, http:\/\/culturaliagz.com\/wp-content\/uploads\/2024\/10\/lode_tkila_3000-480x480.jpg 480w\" sizes=\"auto, (min-width: 0px) and (max-width: 480px) 480px, (min-width: 481px) 600px, 100vw\" \/><\/a><\/figure>\n<\/div>\n\n\n<p><\/p>\n\n\n\n<p><\/p>\n\n\n\n<p class=\"has-text-align-center\" style=\"font-size:17px\"><strong>LODE REPARTE BO ROLLO CONTRA OS HATERS NO SEU NOVO LANZAMENTO \u201cTKILA\u201d<\/strong><\/p>\n\n\n\n<p class=\"has-text-align-center\" style=\"font-size:15px\">ESTE NOVO SINXELO \u00c9 XA O TERCEIRO ADIANTO DO SEU NOVO TRABALLO<\/p>\n\n\n\n<p><\/p>\n\n\n\n<p><a href=\"https:\/\/www.tiktok.com\/@lode_oficial\" target=\"_blank\" rel=\"noreferrer noopener\">LODE<\/a>\u00a0publica o seu novo tema \u201cTKILA\u201d, que exerce como terceiro adianto do que ser\u00e1 o seu primeiro EP. Tras experimentar co afrobeat en \u201c<a href=\"https:\/\/open.spotify.com\/intl-es\/album\/548RhqANglNIjWd3slt0un?si=ZYC0t8AFT-i5-PZfVE_USA\" target=\"_blank\" rel=\"noreferrer noopener\">Carita de \u00c1ngel<\/a>\u201d ou coa cumbia en \u201c<a href=\"https:\/\/ingrv.es\/tres-tragos-dqf-w\" target=\"_blank\" rel=\"noreferrer noopener\">Tres Tragos<\/a>\u201d, o artista galego merg\u00fallase na m\u00fasica electr\u00f3nica e no EDM, cunha base moi en\u00e9rxica e bailable. Nesta ocasi\u00f3n, centra a tem\u00e1tica no odio que se xera nas redes e na vida real, e opta por reivindicar que hai que disfrutar do que un fai e pasar de quen s\u00f3 quere facer dano.<\/p>\n\n\n\n<p class=\"has-text-align-justify\">Un dos motivos que levou ao artista de Nar\u00f3n a compo\u00f1er este tema foi todo o <em>hate<\/em>&nbsp;recibido cando publicou fai un ano o seu tema \u201c<a href=\"https:\/\/open.spotify.com\/intl-es\/track\/3iXDK4vZ4GOclfQjavvyjL?si=f590c7d26d4e4e96\" target=\"_blank\" rel=\"noreferrer noopener\">Las Ganas<\/a>\u201d, onde utilizou un <em>sample<\/em>&nbsp;da famosa canci\u00f3n \u201cSin Miedo A Nada\u201d de \u00c1lex Ubago, e que nin co visto bo do artista acalou \u00e1s persoas que por redes consideraron que non era correcto. Para todos eles LODE preparou un convite a chupitos, co fin de seguir a festa e ao seu rollo, rest\u00e1ndolle importancia aos seus comentarios e centr\u00e1ndose en querer pasar un bo rato e festexar todo o acadado ata o momento.<\/p>\n\n\n\n<p class=\"has-text-align-justify\">Este novidoso enfoque musical dentro da carreira do artista \u00e9 unha mostra m\u00e1is do seu car\u00e1cter polifac\u00e9tico, aventur\u00e1ndose con estilos moi distintos entre si. O tema, producido por Baghira e Mees Bickle, part\u00edcipes tam\u00e9n da produci\u00f3n de \u201c<a href=\"https:\/\/open.spotify.com\/intl-es\/album\/548RhqANglNIjWd3slt0un?si=ZYC0t8AFT-i5-PZfVE_USA\" target=\"_blank\" rel=\"noreferrer noopener\">Carita de \u00c1ngel<\/a>\u201d, foi gravado en Sevilla, cunha mestura e masterizaci\u00f3n feita por The Mars Citizen e Black Box Mastering. Unha volta ao EDM, x\u00e9nero que se popularizou enormemente a mediados da d\u00e9cada pasada, para poder acompa\u00f1ar \u00e1 tem\u00e1tica do tema, e un x\u00e9nero ata agora pouco explorado por LODE. Tras \u201c<a href=\"https:\/\/open.spotify.com\/intl-es\/album\/548RhqANglNIjWd3slt0un?si=ZYC0t8AFT-i5-PZfVE_USA\" target=\"_blank\" rel=\"noreferrer noopener\">Carita de \u00c1ngel<\/a>\u201d e \u201c<a href=\"https:\/\/ingrv.es\/tres-tragos-dqf-w\" target=\"_blank\" rel=\"noreferrer noopener\">Tres Tragos<\/a>\u201d, \u201cTKILA\u201d incorp\u00f3rase aos lanzamentos do artista galego neste ano, e que sentan as bases da s\u00faa aposta persoal, un proxecto multidisciplinar no que destaque a s\u00faa versatilidade.<\/p>\n\n\n\n<p><\/p>\n\n\n<div class=\"wp-block-image\">\n<figure class=\"aligncenter size-full\"><a href=\"http:\/\/culturaliagz.com\/wp-content\/uploads\/2024\/10\/Lode-4-scaled.jpg\" target=\"_blank\" rel=\"noreferrer noopener\"><img loading=\"lazy\" decoding=\"async\" width=\"1920\" height=\"2560\" src=\"http:\/\/culturaliagz.com\/wp-content\/uploads\/2024\/10\/Lode-4-scaled.jpg\" alt=\"\" class=\"wp-image-16968\" srcset=\"http:\/\/culturaliagz.com\/wp-content\/uploads\/2024\/10\/Lode-4-scaled.jpg 1920w, http:\/\/culturaliagz.com\/wp-content\/uploads\/2024\/10\/Lode-4-1280x1707.jpg 1280w, http:\/\/culturaliagz.com\/wp-content\/uploads\/2024\/10\/Lode-4-980x1307.jpg 980w, http:\/\/culturaliagz.com\/wp-content\/uploads\/2024\/10\/Lode-4-480x640.jpg 480w\" sizes=\"auto, (min-width: 0px) and (max-width: 480px) 480px, (min-width: 481px) and (max-width: 980px) 980px, (min-width: 981px) and (max-width: 1280px) 1280px, (min-width: 1281px) 1920px, 100vw\" \/><\/a><\/figure>\n<\/div>\n\n\n<p><\/p>\n\n\n\n<p><strong>M\u00c1IS DE LODE<\/strong><\/p>\n\n\n\n<p class=\"has-text-align-justify\"><a href=\"https:\/\/www.tiktok.com\/@lode_oficial\" target=\"_blank\" rel=\"noreferrer noopener\">LODE<\/a>&nbsp;\u00e9 un dos artistas galegos con maior repercusi\u00f3n nas redes sociais. Cun <strong>estilo urbano<\/strong>&nbsp;pero multidisciplinar, o cantante de Nar\u00f3n est\u00e1 abraiando ao seu p\u00fablico pola gran <strong>combinaci\u00f3n<\/strong>&nbsp;nas s\u00faas composici\u00f3ns de <strong>sons actuais e bailables<\/strong>&nbsp;cunha <strong>gran voz<\/strong>. Tras as s\u00faas exitosas aparici\u00f3ns en programas televisivos como <strong>La Voz<\/strong>&nbsp;ou <strong>El Hormiguero<\/strong>, LODE eleva a escena urbana a base de talento, con composici\u00f3ns musicais e coreogr\u00e1ficas propias de primeiro nivel.<\/p>\n\n\n\n<p class=\"has-text-align-justify\">As s\u00faas redes sociais son unha pequena mostra da repercusi\u00f3n do cantante e bailar\u00edn galego, acumulando m\u00e1is de mill\u00f3n e medio de seguidores de todas as partes do mundo nelas, destacando os m\u00e1is de 35 mill\u00f3ns de visualizaci\u00f3ns que acumula na s\u00faa canle de <a href=\"https:\/\/www.youtube.com\/@LODEoficial\/videos\" target=\"_blank\" rel=\"noreferrer noopener\">YouTube<\/a>. O seu talento non pasou desapercibido dentro da industria musical, sendo apoiado por grandes figuras do panorama internacional e nacional como Juanes ou \u00c1lex Ubago.<\/p>\n\n\n\n<p class=\"has-text-align-justify\">Actualmente, o cantante, bailar\u00edn e compositor est\u00e1 preparando novos traballos discogr\u00e1ficos, as\u00ed como un novo directo no que deixar patente o seu car\u00e1cter multidisciplinar, sendo quen de combinar a s\u00faa capacidade vocal co seu talento coreogr\u00e1fico. LODE levar\u00e1 o seu \u00e9xito nas redes aos escenarios.<\/p>\n","protected":false},"excerpt":{"rendered":"<p>LODE REPARTE BO ROLLO CONTRA OS HATERS NO SEU NOVO LANZAMENTO \u201cTKILA\u201d ESTE NOVO SINXELO \u00c9 XA O TERCEIRO ADIANTO DO SEU NOVO TRABALLO LODE\u00a0publica o seu novo tema \u201cTKILA\u201d, [&hellip;]<\/p>\n","protected":false},"author":1,"featured_media":0,"comment_status":"open","ping_status":"open","sticky":false,"template":"","format":"standard","meta":{"_et_pb_use_builder":"","_et_pb_old_content":"","_et_gb_content_width":"","_jetpack_memberships_contains_paid_content":false,"footnotes":""},"categories":[23,7,6,57,1],"tags":[2582,2502,2581,2503],"class_list":["post-16966","post","type-post","status-publish","format-standard","hentry","category-autoresas","category-creacion","category-novas","category-outras-artes","category-xeral","tag-carita-de-angel","tag-lode","tag-tkila","tag-tres-tragos"],"jetpack_featured_media_url":"","jetpack_sharing_enabled":true,"_links":{"self":[{"href":"http:\/\/culturaliagz.com\/index.php?rest_route=\/wp\/v2\/posts\/16966","targetHints":{"allow":["GET"]}}],"collection":[{"href":"http:\/\/culturaliagz.com\/index.php?rest_route=\/wp\/v2\/posts"}],"about":[{"href":"http:\/\/culturaliagz.com\/index.php?rest_route=\/wp\/v2\/types\/post"}],"author":[{"embeddable":true,"href":"http:\/\/culturaliagz.com\/index.php?rest_route=\/wp\/v2\/users\/1"}],"replies":[{"embeddable":true,"href":"http:\/\/culturaliagz.com\/index.php?rest_route=%2Fwp%2Fv2%2Fcomments&post=16966"}],"version-history":[{"count":2,"href":"http:\/\/culturaliagz.com\/index.php?rest_route=\/wp\/v2\/posts\/16966\/revisions"}],"predecessor-version":[{"id":16970,"href":"http:\/\/culturaliagz.com\/index.php?rest_route=\/wp\/v2\/posts\/16966\/revisions\/16970"}],"wp:attachment":[{"href":"http:\/\/culturaliagz.com\/index.php?rest_route=%2Fwp%2Fv2%2Fmedia&parent=16966"}],"wp:term":[{"taxonomy":"category","embeddable":true,"href":"http:\/\/culturaliagz.com\/index.php?rest_route=%2Fwp%2Fv2%2Fcategories&post=16966"},{"taxonomy":"post_tag","embeddable":true,"href":"http:\/\/culturaliagz.com\/index.php?rest_route=%2Fwp%2Fv2%2Ftags&post=16966"}],"curies":[{"name":"wp","href":"https:\/\/api.w.org\/{rel}","templated":true}]}}