{"id":16939,"date":"2024-10-14T22:52:55","date_gmt":"2024-10-14T21:52:55","guid":{"rendered":"http:\/\/culturaliagz.com\/?p=16939"},"modified":"2024-10-14T22:55:56","modified_gmt":"2024-10-14T21:55:56","slug":"camino-escena-norte-presenta-o-espectaculo-para-todos-os-publicos-el-jardin-de-olivia","status":"publish","type":"post","link":"http:\/\/culturaliagz.com\/?p=16939","title":{"rendered":"Cami\u00f1o Escena Norte presenta o espect\u00e1culo para todos os p\u00fablicos &#8216;El jard\u00edn de Olivia&#8217;"},"content":{"rendered":"\n<p><\/p>\n\n\n<div class=\"wp-block-image\">\n<figure class=\"aligncenter size-large\"><a href=\"http:\/\/culturaliagz.com\/wp-content\/uploads\/2024\/10\/1-Pajaros-Pintados_El-jardin-de-Olivia.jpg\" target=\"_blank\" rel=\"noreferrer noopener\"><img loading=\"lazy\" decoding=\"async\" width=\"1024\" height=\"683\" src=\"http:\/\/culturaliagz.com\/wp-content\/uploads\/2024\/10\/1-Pajaros-Pintados_El-jardin-de-Olivia-1024x683.jpg\" alt=\"\" class=\"wp-image-16940\" srcset=\"http:\/\/culturaliagz.com\/wp-content\/uploads\/2024\/10\/1-Pajaros-Pintados_El-jardin-de-Olivia-980x654.jpg 980w, http:\/\/culturaliagz.com\/wp-content\/uploads\/2024\/10\/1-Pajaros-Pintados_El-jardin-de-Olivia-480x320.jpg 480w\" sizes=\"auto, (min-width: 0px) and (max-width: 480px) 480px, (min-width: 481px) and (max-width: 980px) 980px, (min-width: 981px) 1024px, 100vw\" \/><\/a><\/figure>\n<\/div>\n\n\n<p><\/p>\n\n\n\n<p><\/p>\n\n\n\n<p class=\"has-text-align-justify\" style=\"font-size:18px\"><strong>A entrada para asistir na Capela da Madanela \u00e1 funci\u00f3n,&nbsp;que ter\u00e1 lugar o d\u00eda 19 \u00e1s 18.00 horas, ser\u00e1 de balde&nbsp;ata completar a capacidade do espazo<\/strong><\/p>\n\n\n\n<p><\/p>\n\n\n\n<p class=\"has-text-align-justify\">A cuarta edici\u00f3n de Cami\u00f1o Escena Norte, o programa de intercambio cultural a trav\u00e9s das artes esc\u00e9nicas entre Galicia, Asturias, Cantabria, Euskadi e Navarra, chega esta semana a Arz\u00faa. O s\u00e1bado 19, a partir das 18.00 horas, a Capela da Madanela acoller\u00e1 a representaci\u00f3n de&nbsp;<em>El jard\u00edn de Olivia<\/em>, unha peza para todos os p\u00fablicos da compa\u00f1\u00eda navarra P\u00e1jaros Pintados Creaci\u00f3n Teatral. A o acceso ser\u00e1 libre ata completar a capacidade do espazo.&nbsp;<\/p>\n\n\n\n<p class=\"has-text-align-justify\"><strong>P\u00e1jaros Pintados<\/strong> \u00e9 unha compa\u00f1\u00eda de creaci\u00f3n esc\u00e9nica, colaboraci\u00f3n e mediaci\u00f3n art\u00edstica que nace en 2022 da man de Victoria Musetti. Busca crear un espazo de colaboraci\u00f3n entre profesionais novos e outros de maior traxectoria para se enriquecer de experiencias diversas. Inter\u00e9salle traballar co p\u00fablico a trav\u00e9s de proxectos innovadores e actividades de mediaci\u00f3n.<\/p>\n\n\n\n<p class=\"has-text-align-justify\"><strong><em>El jard\u00edn de Olivia<\/em><\/strong>&nbsp;comeza no primeiro d\u00eda da primavera. A protagonista, Olivia, volve ao xard\u00edn para velo nacer e para limpar os restos que deixou o inverno. Pero Olivia non est\u00e1 soa, neste xard\u00edn florecen os recordos cultivados xeraci\u00f3n tras xeraci\u00f3n polas mulleres da familia. Unha viaxe a trav\u00e9s das ausencias e do paso do tempo, a trav\u00e9s da despedida e do reencontro coa mascota da infancia, cos av\u00f3s, cos pais e coas nosas ra\u00edces. D\u00eda tras d\u00eda, ano tras ano e flor tras flor, sempre gardamos a esperanza dunha nova primavera.<\/p>\n\n\n\n<p><\/p>\n\n\n<div class=\"wp-block-image\">\n<figure class=\"aligncenter size-large\"><a href=\"http:\/\/culturaliagz.com\/wp-content\/uploads\/2024\/10\/2-Pajaros-Pintados_El-jardin-de-Olivia.jpg\" target=\"_blank\" rel=\"noreferrer noopener\"><img loading=\"lazy\" decoding=\"async\" width=\"1024\" height=\"683\" src=\"http:\/\/culturaliagz.com\/wp-content\/uploads\/2024\/10\/2-Pajaros-Pintados_El-jardin-de-Olivia-1024x683.jpg\" alt=\"\" class=\"wp-image-16941\" srcset=\"http:\/\/culturaliagz.com\/wp-content\/uploads\/2024\/10\/2-Pajaros-Pintados_El-jardin-de-Olivia-980x654.jpg 980w, http:\/\/culturaliagz.com\/wp-content\/uploads\/2024\/10\/2-Pajaros-Pintados_El-jardin-de-Olivia-480x320.jpg 480w\" sizes=\"auto, (min-width: 0px) and (max-width: 480px) 480px, (min-width: 481px) and (max-width: 980px) 980px, (min-width: 981px) 1024px, 100vw\" \/><\/a><\/figure>\n<\/div>\n\n\n<p><\/p>\n\n\n\n<p><\/p>\n\n\n\n<p><\/p>\n\n\n<a href=\"http:\/\/culturaliagz.com\/wp-content\/uploads\/2024\/10\/20241014-CEN-en-Arzua.pdf\" class=\"pdfemb-viewer\" style=\"\" data-width=\"max\" data-height=\"max\" data-toolbar=\"bottom\" data-toolbar-fixed=\"off\">20241014-CEN-en-Arzua<\/a>\n<p class=\"wp-block-pdfemb-pdf-embedder-viewer\"><\/p>\n","protected":false},"excerpt":{"rendered":"<p>A entrada para asistir na Capela da Madanela \u00e1 funci\u00f3n,&nbsp;que ter\u00e1 lugar o d\u00eda 19 \u00e1s 18.00 horas, ser\u00e1 de balde&nbsp;ata completar a capacidade do espazo A cuarta edici\u00f3n de [&hellip;]<\/p>\n","protected":false},"author":1,"featured_media":0,"comment_status":"open","ping_status":"open","sticky":false,"template":"","format":"standard","meta":{"_et_pb_use_builder":"","_et_pb_old_content":"","_et_gb_content_width":"","_jetpack_memberships_contains_paid_content":false,"footnotes":""},"categories":[23,7,6,57,1],"tags":[1282,674,2569],"class_list":["post-16939","post","type-post","status-publish","format-standard","hentry","category-autoresas","category-creacion","category-novas","category-outras-artes","category-xeral","tag-camino-escena-norte","tag-capela-da-madanela-arzua","tag-el-jardin-de-olivia"],"jetpack_featured_media_url":"","jetpack_sharing_enabled":true,"_links":{"self":[{"href":"http:\/\/culturaliagz.com\/index.php?rest_route=\/wp\/v2\/posts\/16939","targetHints":{"allow":["GET"]}}],"collection":[{"href":"http:\/\/culturaliagz.com\/index.php?rest_route=\/wp\/v2\/posts"}],"about":[{"href":"http:\/\/culturaliagz.com\/index.php?rest_route=\/wp\/v2\/types\/post"}],"author":[{"embeddable":true,"href":"http:\/\/culturaliagz.com\/index.php?rest_route=\/wp\/v2\/users\/1"}],"replies":[{"embeddable":true,"href":"http:\/\/culturaliagz.com\/index.php?rest_route=%2Fwp%2Fv2%2Fcomments&post=16939"}],"version-history":[{"count":3,"href":"http:\/\/culturaliagz.com\/index.php?rest_route=\/wp\/v2\/posts\/16939\/revisions"}],"predecessor-version":[{"id":16946,"href":"http:\/\/culturaliagz.com\/index.php?rest_route=\/wp\/v2\/posts\/16939\/revisions\/16946"}],"wp:attachment":[{"href":"http:\/\/culturaliagz.com\/index.php?rest_route=%2Fwp%2Fv2%2Fmedia&parent=16939"}],"wp:term":[{"taxonomy":"category","embeddable":true,"href":"http:\/\/culturaliagz.com\/index.php?rest_route=%2Fwp%2Fv2%2Fcategories&post=16939"},{"taxonomy":"post_tag","embeddable":true,"href":"http:\/\/culturaliagz.com\/index.php?rest_route=%2Fwp%2Fv2%2Ftags&post=16939"}],"curies":[{"name":"wp","href":"https:\/\/api.w.org\/{rel}","templated":true}]}}