{"id":16827,"date":"2024-09-27T23:39:36","date_gmt":"2024-09-27T22:39:36","guid":{"rendered":"http:\/\/culturaliagz.com\/?p=16827"},"modified":"2024-09-27T23:39:39","modified_gmt":"2024-09-27T22:39:39","slug":"hugo-guezeta-publica-o-seu-tema-mais-intimista-e-persoal-a-toleira","status":"publish","type":"post","link":"http:\/\/culturaliagz.com\/?p=16827","title":{"rendered":"Hugo Guezeta publica o seu tema m\u00e1is intimista e persoal, &#8220;A Toleira&#8221;"},"content":{"rendered":"\n<p><\/p>\n\n\n<div class=\"wp-block-image\">\n<figure class=\"aligncenter size-full\"><a href=\"http:\/\/culturaliagz.com\/wp-content\/uploads\/2024\/09\/Hugo-Guezeta-1.jpg\" target=\"_blank\" rel=\"noreferrer noopener\"><img loading=\"lazy\" decoding=\"async\" width=\"600\" height=\"782\" src=\"http:\/\/culturaliagz.com\/wp-content\/uploads\/2024\/09\/Hugo-Guezeta-1.jpg\" alt=\"\" class=\"wp-image-16828\" srcset=\"http:\/\/culturaliagz.com\/wp-content\/uploads\/2024\/09\/Hugo-Guezeta-1.jpg 600w, http:\/\/culturaliagz.com\/wp-content\/uploads\/2024\/09\/Hugo-Guezeta-1-480x626.jpg 480w\" sizes=\"auto, (min-width: 0px) and (max-width: 480px) 480px, (min-width: 481px) 600px, 100vw\" \/><\/a><\/figure>\n<\/div>\n\n\n<p><\/p>\n\n\n\n<p><\/p>\n\n\n\n<p class=\"has-text-align-justify\"><a href=\"https:\/\/open.spotify.com\/intl-es\/artist\/6vAmJTsbsnUaNYnueWAqLi?si=u223PHgJRJ6EyL5rxOVbsw\" target=\"_blank\" rel=\"noreferrer noopener\">Hugo Guezeta<\/a>\u00a0\u00e1brese por completo para presentar o seu novo sinxelo \u201c<a href=\"https:\/\/ingrv.es\/a-toleira-r51-f\" target=\"_blank\" rel=\"noreferrer noopener\">A Toleira<\/a>\u201d, o quinto adianto do que ser\u00e1 o seu primeiro disco de longa duraci\u00f3n, que ver\u00e1 a luz nos pr\u00f3ximos meses. Baixo a tem\u00e1tica dun amor que non remata de encaixar, Hugo afonda dentro dun intimismo do que adoita deixar pequenas mostras, pero co que nunca se adentrara tanto como nesta canci\u00f3n.<\/p>\n\n\n\n<p class=\"has-text-align-justify\">Tras publicar os adiantos de \u201c<a href=\"https:\/\/open.spotify.com\/intl-es\/track\/11XzPx2xcAywfL0P6b1YAW?si=dc4b981c41aa4f5f\" target=\"_blank\" rel=\"noreferrer noopener\">O Noso Tempo<\/a>\u201d, \u201c<a href=\"https:\/\/open.spotify.com\/intl-es\/track\/4p7HbeGyVQlWsm6iuM6Rwk?si=f54c5adcc341430b\" target=\"_blank\" rel=\"noreferrer noopener\">Feridas<\/a>\u201d, \u201c<a href=\"https:\/\/open.spotify.com\/intl-es\/track\/0Pq8Uv9WW12Six65Qz4PRR?si=aff46e12d5164f6a\" target=\"_blank\" rel=\"noreferrer noopener\">De Volta<\/a>\u201d e \u201c<a href=\"https:\/\/ingrv.es\/cantare-enu-9\" target=\"_blank\" rel=\"noreferrer noopener\">Cantare<\/a>\u201d, esta \u00faltima coa colaboraci\u00f3n das rapeiras <a href=\"https:\/\/open.spotify.com\/intl-es\/artist\/0oCKBZr7oFKkLk1MC1m2aC?si=sVzrkSx_T2StpMHen4qn4A\" target=\"_blank\" rel=\"noreferrer noopener\">Nadie Gonz\u00e1lez<\/a>\u00a0e Temible Olivina, o rapeiro galego lanza \u201c<a href=\"https:\/\/ingrv.es\/a-toleira-r51-f\" target=\"_blank\" rel=\"noreferrer noopener\">A Toleira<\/a>\u201d, unha canci\u00f3n m\u00e1is suave e mel\u00f3dica baixo a produci\u00f3n de <a href=\"https:\/\/open.spotify.com\/intl-es\/artist\/776AR6wId8Aq5PU2EtgeYU?si=Gh0w4X4CSg6RKRihUig5zA\" target=\"_blank\" rel=\"noreferrer noopener\">Peter Petrowski<\/a>, art\u00edfice na produci\u00f3n de todos os adiantos ata agora publicados por Hugo, as\u00ed como o disco que ver\u00e1 a luz antes de finais deste ano 2024. Nesta novo adianto, Hugo volve a contar coas guitarras de Ar\u00f3n Ferreiro, guitarrista de grupos como Keixa ou Errantes. A pesar de que o tema naceu dende a melod\u00eda e a base para posteriormente incorporar a letra, o tema ped\u00eda meter guitarras mel\u00f3dicas, e Ar\u00f3n e Petrowski empastaron \u00e1 perfecci\u00f3n para aportarlle ao tema un novo son que o mellorou.<\/p>\n\n\n\n<p class=\"has-text-align-justify\">O tema ve a luz xunto cun <em><u><a href=\"https:\/\/youtu.be\/2lNJ2Wj1zzg\" target=\"_blank\" rel=\"noreferrer noopener\">video lyrics<\/a><\/u><\/em>\u00a0feito polo mesmo Peter Petrowski, encargado tam\u00e9n de realizar a portada. Con este novo tema, baseado nas inquedanzas persoais e en querer evadirnos na nosa vida cando se complican as relaci\u00f3ns amorosas, perfila o que ser\u00e1 o seu novo disco, que presentar\u00e1 en directo nunha xira que xa conta coas s\u00faas tres primeiras datas confirmadas. O 12 de decembro Hugo abrir\u00e1 a xira en Mos (Sala Rebull\u00f3n), para continuar o 19 dese mesmo mes na Coru\u00f1a (Sala Mardi Gras) e o 21 en Santiago de Compostela (Sala S\u00f3nar). As entradas xa est\u00e1n \u00e1 venda en enterticket.es.<\/p>\n\n\n\n<p><\/p>\n\n\n\n<p class=\"has-text-align-center\"><strong>PRIMEIRAS DATAS DA XIRA \u201cO NOSO TEMPO\u201d<\/strong><\/p>\n\n\n\n<p class=\"has-text-align-center\">14\/12 \u00b7 SALA REBULL\u00d3N \u00b7 MOS \u00b7 <strong><u><a href=\"https:\/\/www.enterticket.es\/eventos\/hugo-guezeta-sala-rebullon-293448\">ENTRADAS<\/a><\/u><\/strong><\/p>\n\n\n\n<p class=\"has-text-align-center\">19\/12 \u00b7 SALA MARDI GRAS \u00b7 A CORU\u00d1A \u00b7 <strong><u><a href=\"https:\/\/www.enterticket.es\/eventos\/hugo-guezeta-sala-mardi-gras-255525\">ENTRADAS<\/a><\/u><\/strong><\/p>\n\n\n\n<p class=\"has-text-align-center\">21\/12 \u00b7 SALA S\u00d3NAR \u00b7 SANTIAGO DE COMPOSTELA \u00b7<\/p>\n\n\n\n<p class=\"has-text-align-center\"> <strong><u><a href=\"https:\/\/www.enterticket.es\/eventos\/hugo-guezeta-sala-sonar-983932\" target=\"_blank\" rel=\"noreferrer noopener\">ENTRADAS<\/a><\/u><\/strong><\/p>\n\n\n\n<p><\/p>\n\n\n\n<p><strong>M\u00c1IS SOBRE HUGO GUEZETA<\/strong><\/p>\n\n\n\n<p class=\"has-text-align-justify\">&nbsp;Hugo Guezeta \u00e9 un dos rapeiros e letristas m\u00e1is importantes e talentosos do panorama musical galego. Tras o \u00e9xito do seu grupo SonDaR\u00faa, co que chegou a dar m\u00e1is de 200 concertos por todo o estado, actuando en grandes festivais e enchendo salas hist\u00f3ricas como a Sala Capitol de Santiago de Compostela, o rapeiro emprende agora a s\u00faa andaina en solitario.<\/p>\n\n\n\n<p class=\"has-text-align-justify\">Hugo consolidouse como un dos grandes rapeiros de Galicia non s\u00f3 pola s\u00faa pegada en SonDaR\u00faa, xa que intercalou a s\u00faa labor no grupo con lanzamentos individuais que acumularon decenas de milleiros de escoitas en plataformas.<\/p>\n\n\n\n<p class=\"has-text-align-justify\">O artista galego destaca polas s\u00faas letras cargadas de reivindicaci\u00f3n e cr\u00edtica social, as\u00ed como pola calidade do seu rapeo. Nesta andaina en solitario, Hugo leva as s\u00faas letras a un aspecto m\u00e1is persoal e \u00edntimo, pero mantendo en todo momento esa forte cr\u00edtica e reivindicaci\u00f3n que xa son caracter\u00edsticos del. Tam\u00e9n a s\u00faa m\u00fasica evoluciona cara sons m\u00e1is vers\u00e1tiles e bailables, que posicionan ao proxecto como un dos m\u00e1is interesantes deste ano dentro do panorama urbano.<\/p>\n\n\n\n<p class=\"has-text-align-justify\">O seu primeiro disco de longa duraci\u00f3n, gravado e producido na s\u00faa totalidade polo produtor Peter Petrowski, sair\u00e1 a finais de 2024,\u00a0 e \u201c<a href=\"https:\/\/open.spotify.com\/intl-es\/track\/11XzPx2xcAywfL0P6b1YAW?si=dc4b981c41aa4f5f\" target=\"_blank\" rel=\"noreferrer noopener\">O Noso Tempo<\/a>\u201d, \u201c<a href=\"https:\/\/open.spotify.com\/intl-es\/track\/4p7HbeGyVQlWsm6iuM6Rwk?si=f54c5adcc341430b\" target=\"_blank\" rel=\"noreferrer noopener\">Feridas<\/a>\u201d, \u201c<a href=\"https:\/\/open.spotify.com\/intl-es\/track\/0Pq8Uv9WW12Six65Qz4PRR?si=aff46e12d5164f6a\" target=\"_blank\" rel=\"noreferrer noopener\">De Volta<\/a>\u201d, \u201c<a href=\"https:\/\/ingrv.es\/cantare-enu-9\" target=\"_blank\" rel=\"noreferrer noopener\">Cantare<\/a>\u201d e \u201cA Toleira\u201d son os primeiros adiantos do mesmo. Nos pr\u00f3ximos meses sair\u00e1n os seguintes adiantos do disco, que se caracterizar\u00e1 por un son vers\u00e1til e divertido, con letras de car\u00e1cter persoal sen perder o foco na cr\u00edtica social reivindicativa, selo de identidade de Hugo Guezeta.<\/p>\n\n\n\n<p><\/p>\n","protected":false},"excerpt":{"rendered":"<p>Hugo Guezeta\u00a0\u00e1brese por completo para presentar o seu novo sinxelo \u201cA Toleira\u201d, o quinto adianto do que ser\u00e1 o seu primeiro disco de longa duraci\u00f3n, que ver\u00e1 a luz nos [&hellip;]<\/p>\n","protected":false},"author":1,"featured_media":0,"comment_status":"open","ping_status":"open","sticky":false,"template":"","format":"standard","meta":{"_et_pb_use_builder":"","_et_pb_old_content":"","_et_gb_content_width":"","_jetpack_memberships_contains_paid_content":false,"footnotes":""},"categories":[23,7,6,57,1],"tags":[2543,2242],"class_list":["post-16827","post","type-post","status-publish","format-standard","hentry","category-autoresas","category-creacion","category-novas","category-outras-artes","category-xeral","tag-a-toleira","tag-hugo-guezeta"],"jetpack_featured_media_url":"","jetpack_sharing_enabled":true,"_links":{"self":[{"href":"http:\/\/culturaliagz.com\/index.php?rest_route=\/wp\/v2\/posts\/16827","targetHints":{"allow":["GET"]}}],"collection":[{"href":"http:\/\/culturaliagz.com\/index.php?rest_route=\/wp\/v2\/posts"}],"about":[{"href":"http:\/\/culturaliagz.com\/index.php?rest_route=\/wp\/v2\/types\/post"}],"author":[{"embeddable":true,"href":"http:\/\/culturaliagz.com\/index.php?rest_route=\/wp\/v2\/users\/1"}],"replies":[{"embeddable":true,"href":"http:\/\/culturaliagz.com\/index.php?rest_route=%2Fwp%2Fv2%2Fcomments&post=16827"}],"version-history":[{"count":1,"href":"http:\/\/culturaliagz.com\/index.php?rest_route=\/wp\/v2\/posts\/16827\/revisions"}],"predecessor-version":[{"id":16829,"href":"http:\/\/culturaliagz.com\/index.php?rest_route=\/wp\/v2\/posts\/16827\/revisions\/16829"}],"wp:attachment":[{"href":"http:\/\/culturaliagz.com\/index.php?rest_route=%2Fwp%2Fv2%2Fmedia&parent=16827"}],"wp:term":[{"taxonomy":"category","embeddable":true,"href":"http:\/\/culturaliagz.com\/index.php?rest_route=%2Fwp%2Fv2%2Fcategories&post=16827"},{"taxonomy":"post_tag","embeddable":true,"href":"http:\/\/culturaliagz.com\/index.php?rest_route=%2Fwp%2Fv2%2Ftags&post=16827"}],"curies":[{"name":"wp","href":"https:\/\/api.w.org\/{rel}","templated":true}]}}