{"id":16767,"date":"2024-09-19T15:49:29","date_gmt":"2024-09-19T14:49:29","guid":{"rendered":"http:\/\/culturaliagz.com\/?p=16767"},"modified":"2024-09-19T15:51:08","modified_gmt":"2024-09-19T14:51:08","slug":"sabela-arranca-a-sua-xira-por-salas-galegas-o-vindeiro-sabado-28-de-setembro-na-sala-ruido-de-ferrol","status":"publish","type":"post","link":"http:\/\/culturaliagz.com\/?p=16767","title":{"rendered":"SABELA arranca a s\u00faa xira por salas galegas o vindeiro s\u00e1bado 28 de setembro na Sala Ru\u00eddo de Ferrol"},"content":{"rendered":"\n<p><\/p>\n\n\n<div class=\"wp-block-image\">\n<figure class=\"aligncenter size-full\"><a href=\"http:\/\/culturaliagz.com\/wp-content\/uploads\/2024\/09\/SABELA-HI-MY-LOVE.jpg\" target=\"_blank\" rel=\"noreferrer noopener\"><img loading=\"lazy\" decoding=\"async\" width=\"600\" height=\"849\" src=\"http:\/\/culturaliagz.com\/wp-content\/uploads\/2024\/09\/SABELA-HI-MY-LOVE.jpg\" alt=\"\" class=\"wp-image-16768\" srcset=\"http:\/\/culturaliagz.com\/wp-content\/uploads\/2024\/09\/SABELA-HI-MY-LOVE.jpg 600w, http:\/\/culturaliagz.com\/wp-content\/uploads\/2024\/09\/SABELA-HI-MY-LOVE-480x679.jpg 480w\" sizes=\"auto, (min-width: 0px) and (max-width: 480px) 480px, (min-width: 481px) 600px, 100vw\" \/><\/a><\/figure>\n<\/div>\n\n\n<p><\/p>\n\n\n\n<p><\/p>\n\n\n\n<p class=\"has-text-align-justify\" style=\"font-size:17px\">A artista de Ourol percorrer\u00e1 Galicia a finais deste ano e comezos do 2025 cunha xira que xa conquistou algunha das grandes cidades de Espa\u00f1a<\/p>\n\n\n\n<p class=\"has-text-align-justify\" style=\"font-size:17px\">As entradas para estes concertos est\u00e1n \u00e1 venta en <a href=\"https:\/\/none.acblnk.com\/url\/ver\/694638683\/2842266\/c27f88a5449f9fd6220d5efd7af7a948\" target=\"_blank\" rel=\"noreferrer noopener\">sabelamusic.es<\/a> e\u00a0<a href=\"https:\/\/none.acblnk.com\/url\/ver\/694638684\/2842266\/c27f88a5449f9fd6220d5efd7af7a948\" target=\"_blank\" rel=\"noreferrer noopener\">enterticket.es<\/a><\/p>\n\n\n\n<p><\/p>\n\n\n\n<p><\/p>\n\n\n\n<p class=\"has-text-align-justify\">A gran xira de Sabela toca terras galegas despois do seu \u00e9xito percorrendo as salas de todo o estado e de arrasar co seu novo single \u201cHi, My Love\u201d, comezando o vindeiro s\u00e1bado 28 de setembro e continuando a finais deste ano e comezos do seguinte. Baixo o nome de \u201cHi, My Love Part\u201d, Sabela far\u00e1 un <em>tour <\/em>por 9 salas nas que presentar\u00e1 o seu novo son e a s\u00faa nova m\u00fasica, pertencente ao EP que espera publicar a finais deste mesmo ano. A xira por salas galegas que empezar\u00e1 o vindeiro s\u00e1bado en Ferrol pasar\u00e1 tam\u00e9n por Vigo (sala Masterclub, 12 de outubro), Santiago de Compostela (sala Riquela, 25 de outubro), Lugo (sala Clavic\u00e9mbalo, 26 de outubro), Melide (Pub Gatos, 9 de novembro), Ourense (sala Auriense, 30 de novembro), Vilar de Santos (sala A Arca da Noe, 1 de decembro), Boiro (sala A Pousada da Galiza Imaxinaria, 1 de febreiro de 2025) e A Coru\u00f1a (sala Garufa Club, 8 de febreiro de 2025). Estas datas s\u00famanse aos concertos xa celebrados este ver\u00e1n en territorio galego, onde conquistou grandes eventos como o Festival do Pasatempo, o N\u00e1utico de San Vicente e o festival SonR\u00edas Baixas. As entradas xa est\u00e1n dispo\u00f1ibles na s\u00faa p\u00e1xina web, <a href=\"https:\/\/none.acblnk.com\/url\/ver\/694638683\/2842266\/c27f88a5449f9fd6220d5efd7af7a948\" target=\"_blank\" rel=\"noreferrer noopener\">sabelamusic.es<\/a>, e en <a href=\"https:\/\/none.acblnk.com\/url\/ver\/694638684\/2842266\/c27f88a5449f9fd6220d5efd7af7a948\" target=\"_blank\" rel=\"noreferrer noopener\">enterticket.es<\/a>.<\/p>\n\n\n\n<p><\/p>\n\n\n\n<figure class=\"wp-block-table\"><table><tbody><tr><td class=\"has-text-align-center\" data-align=\"center\"><strong>XIRA HI, MY LOVE PART\u201d<\/strong> \u00a0 <br><br><strong>28\/09 \u00b7 Sala Ru\u00eddo \u00b7 Ferrol<\/strong> <br><strong>12\/10 \u00b7 Masterclub \u00b7 Vigo<\/strong> <br><strong>25\/10 \u00b7 Riquela \u00b7 Santiago de Compostela<\/strong> <br><strong>26\/10 \u00b7 Clavic\u00e9mbalo \u00b7 Lugo<\/strong> <br><strong>09\/11 \u00b7 Pub Gatos \u00b7 Melide<\/strong> <br><strong>30\/11 \u00b7 Auriense \u00b7 Ourense<\/strong> <br><strong>01\/12 \u00b7 A Arca da Noe \u00b7 Vilar de Santos<\/strong> <br><strong>01\/02 \u00b7 A Pousada Da Galiza Imaxinaria \u00b7 Boiro<\/strong> <br><strong>08\/02 \u00b7 Garufa Club \u00b7 A Coru\u00f1a<\/strong> <br><br><strong><a href=\"https:\/\/sabelamusic.es\/conciertos\/?utm_campaign=sabela_comezo_xira_hi_my_love_part&amp;utm_medium=email&amp;utm_source=acumbamail\" target=\"_blank\" rel=\"noreferrer noopener\">ENTRADAS<\/a><\/strong><\/td><\/tr><\/tbody><\/table><\/figure>\n\n\n\n<p class=\"has-text-align-justify\">A artista galega chega a Galicia despois de levar o seu directo a algunhas das grandes cidades de Espa\u00f1a. En 2024, a de Ourol tocou en grandes salas de Madrid, Barcelona, Valencia, Sevilla, Oviedo, Le\u00f3n, Valladolid, Xa\u00e9n, Salamanca, Logro\u00f1o, Ponferrada, Palencia e Tafalla. Tam\u00e9n foi a protagonista de Galicia Escena PRO, a maior feira de artes esc\u00e9nicas de Galicia, cun concerto en Santiago de Compostela co que puxo fin \u00e1 primeira parte da s\u00faa xira. Sumando as datas anunciadas, a xira de Sabela escala a 25 presentaci\u00f3ns en vivo.<\/p>\n\n\n\n<p class=\"has-text-align-justify\">Nestes concertos, Sabela presentar\u00e1 o seu novo tema, \u201cHi, My Love\u201d. Unha proposta ambiciosa de levar a s\u00faa xa caracter\u00edstico pop electr\u00f3nico a un son m\u00e1is internacional, pero mantendo ben presentes as s\u00faas ra\u00edces. Este sinxelo \u00e9 o primeiro adianto do seu novo EP, que espera ver a luz no medio do circu\u00edto, a finais deste ano 2024.<\/p>\n\n\n\n<p><strong>M\u00c1IS SOBRE SABELA<\/strong><\/p>\n\n\n\n<p class=\"has-text-align-justify\">Sabela Ramil \u00e9 unha das caras visibles desta nova onda de pop electr\u00f3nico que triunfa no panorama musical actual. Coas s\u00faas tinguiduras animadas e bailables, Sabela converteuse xa no gran alicerce deste x\u00e9nero en Galicia. As s\u00faas canci\u00f3ns acumulan xa centos de miles de reproduci\u00f3ns, conquistando en directo grandes cidades ao longo de Espa\u00f1a como Madrid, Barcelona, Valencia ou Sevilla entre outras, as\u00ed como festivais da talla do Festival Noroeste, o SonR\u00edas Baixas ou o reco\u00f1ecido O Son do Cami\u00f1o. Sabela est\u00e1 mergullada neste 2024 nunha gran xira por todo o pa\u00eds, onde tam\u00e9n fixo oco para levar o seu directo a festivais como o propio SonR\u00edas Baixas ou o Festival do Pasatempo. Con todo isto, a finais de ano Sabela presentar\u00e1 o seu novo EP, no que <em>Hi, My Love<\/em>, publicado en maio de leste mesmo ano, \u00e9 xa o seu primeiro single. Desta maneira culmina as\u00ed un ano totalmente prol\u00edfico para a de Ourol.<\/p>\n\n\n\n<p class=\"has-text-align-justify\">A artista de Ourol soubo madurar o seu proxecto para levalo a unha nova etapa da s\u00faa carreira, e a pesar de contar cun estilo xa propio e identificable, aposta forte por un son m\u00e1is internacional mantendo elementos tradicionais galegos, fortalecendo as\u00ed as s\u00faas ra\u00edces. <em>Hi, My Love<\/em> precede a temas como Cenizas, Ya No Me Quero Ir ou Cidade Desexo, que ve\u00f1en de obter grandes n\u00fameros de escoitas. Este \u00e9xito afianzou unha carreira que conseguiu encandear ao p\u00fablico en directo e de lograr colaboraci\u00f3ns con grandes artistas como Andr\u00e9s Su\u00e1rez, Baiuca, Xoel L\u00f3pez, Tanxugueiras, Luisa Sobral ou Diogo Pi\u00e7arra, as\u00ed como de alzarse con premios como o Premio aRi[t]mar 2020 \u00e1 Mellor Canci\u00f3n en Galiza por Despedida.<\/p>\n\n\n\n<p><\/p>\n","protected":false},"excerpt":{"rendered":"<p>A artista de Ourol percorrer\u00e1 Galicia a finais deste ano e comezos do 2025 cunha xira que xa conquistou algunha das grandes cidades de Espa\u00f1a As entradas para estes concertos [&hellip;]<\/p>\n","protected":false},"author":1,"featured_media":0,"comment_status":"open","ping_status":"open","sticky":false,"template":"","format":"standard","meta":{"_et_pb_use_builder":"","_et_pb_old_content":"","_et_gb_content_width":"","_jetpack_memberships_contains_paid_content":false,"footnotes":""},"categories":[23,7,6,57,1],"tags":[2282,2280,2520],"class_list":["post-16767","post","type-post","status-publish","format-standard","hentry","category-autoresas","category-creacion","category-novas","category-outras-artes","category-xeral","tag-hi-my-love","tag-sabela","tag-sala-ruido-de-ferrol"],"jetpack_featured_media_url":"","jetpack_sharing_enabled":true,"_links":{"self":[{"href":"http:\/\/culturaliagz.com\/index.php?rest_route=\/wp\/v2\/posts\/16767","targetHints":{"allow":["GET"]}}],"collection":[{"href":"http:\/\/culturaliagz.com\/index.php?rest_route=\/wp\/v2\/posts"}],"about":[{"href":"http:\/\/culturaliagz.com\/index.php?rest_route=\/wp\/v2\/types\/post"}],"author":[{"embeddable":true,"href":"http:\/\/culturaliagz.com\/index.php?rest_route=\/wp\/v2\/users\/1"}],"replies":[{"embeddable":true,"href":"http:\/\/culturaliagz.com\/index.php?rest_route=%2Fwp%2Fv2%2Fcomments&post=16767"}],"version-history":[{"count":1,"href":"http:\/\/culturaliagz.com\/index.php?rest_route=\/wp\/v2\/posts\/16767\/revisions"}],"predecessor-version":[{"id":16769,"href":"http:\/\/culturaliagz.com\/index.php?rest_route=\/wp\/v2\/posts\/16767\/revisions\/16769"}],"wp:attachment":[{"href":"http:\/\/culturaliagz.com\/index.php?rest_route=%2Fwp%2Fv2%2Fmedia&parent=16767"}],"wp:term":[{"taxonomy":"category","embeddable":true,"href":"http:\/\/culturaliagz.com\/index.php?rest_route=%2Fwp%2Fv2%2Fcategories&post=16767"},{"taxonomy":"post_tag","embeddable":true,"href":"http:\/\/culturaliagz.com\/index.php?rest_route=%2Fwp%2Fv2%2Ftags&post=16767"}],"curies":[{"name":"wp","href":"https:\/\/api.w.org\/{rel}","templated":true}]}}