{"id":16740,"date":"2024-09-18T10:13:00","date_gmt":"2024-09-18T09:13:00","guid":{"rendered":"http:\/\/culturaliagz.com\/?p=16740"},"modified":"2024-09-18T01:45:56","modified_gmt":"2024-09-18T00:45:56","slug":"inauguracion-da-mostra-gramatica-de-superficie-de-andres-rivas-rodis-na-galeria-neboa","status":"publish","type":"post","link":"http:\/\/culturaliagz.com\/?p=16740","title":{"rendered":"Inauguraci\u00f3n da mostra &#8220;Gram\u00e1tica de superficie&#8221;, de Andr\u00e9s Rivas Rod\u00eds, na Galer\u00eda N\u00c9BOA"},"content":{"rendered":"\n<p><\/p>\n\n\n<div class=\"wp-block-image\">\n<figure class=\"aligncenter size-full\"><a href=\"http:\/\/culturaliagz.com\/wp-content\/uploads\/2024\/09\/GRAMATICA-DE-SUPERFICIE.png\" target=\"_blank\" rel=\"noreferrer noopener\"><img loading=\"lazy\" decoding=\"async\" width=\"600\" height=\"400\" src=\"http:\/\/culturaliagz.com\/wp-content\/uploads\/2024\/09\/GRAMATICA-DE-SUPERFICIE.png\" alt=\"Andr\u00e9s Rivas Rod\u00eds, S\/T Gram\u00e1tica de Superficie, Detalle, \u00d3leo sobre lenzo, 2024 \" class=\"wp-image-16741\" srcset=\"http:\/\/culturaliagz.com\/wp-content\/uploads\/2024\/09\/GRAMATICA-DE-SUPERFICIE.png 600w, http:\/\/culturaliagz.com\/wp-content\/uploads\/2024\/09\/GRAMATICA-DE-SUPERFICIE-480x320.png 480w\" sizes=\"auto, (min-width: 0px) and (max-width: 480px) 480px, (min-width: 481px) 600px, 100vw\" \/><\/a><\/figure>\n<\/div>\n\n\n<p><\/p>\n\n\n\n<p><\/p>\n\n\n\n<ul class=\"wp-block-list\">\n<li><strong><em>Gram\u00e1tica de superficie <\/em><\/strong>de <strong>Andr\u00e9s Rivas Rod\u00eds<\/strong> na Galer\u00eda N\u00c9BOA<\/li>\n\n\n\n<li>Inauguraci\u00f3n: <strong>venres 20 de setembro \u00e1s 19h<\/strong><\/li>\n\n\n\n<li>Enderezo:<strong> <\/strong>R\u00faa Lamas de Prado 31, Lugo<\/li>\n\n\n\n<li>Exposici\u00f3n: 20 setembro &#8211; 23 novembro<br>&nbsp;<\/li>\n<\/ul>\n\n\n\n<p class=\"has-text-align-justify\">O vindeiro <strong>venres 20 de setembro,<\/strong> a partir das 19h, a <strong>Galer\u00eda N\u00c9BOA<\/strong> inaugura tempada expositiva coa mostra individual <strong><em>Gram\u00e1tica de superficie <\/em><\/strong>do artista compostel\u00e1n <strong>Andr\u00e9s Rivas Rod\u00eds.<\/strong><\/p>\n\n\n\n<p class=\"has-text-align-justify\"><strong><em>Gram\u00e1tica de Superficie<\/em><\/strong> \u00e9 o t\u00edtulo da primeira exposici\u00f3n individual de Andr\u00e9s Rivas Rod\u00eds na Galer\u00eda N\u00c9BOA. O elemento \u201csuperficie\u201d, implicado tanto no proceso como na visualizaci\u00f3n das obras, constit\u00fae precisamente, o f\u00edo condutor de toda a mostra. A superficie como capa externa desprotexida e base para a inscrici\u00f3n (de a\u00ed a s\u00faa relaci\u00f3n coa escrita) \u00e9 o soporte sobre o que, inconsciente ou premeditadamente, depos\u00edtanse todo tipo de elementos dun xeito xeol\u00f3xico, estratificados e remit\u00edndose constantemente uns aos outros.<\/p>\n\n\n\n<p class=\"has-text-align-justify\">Un movemento tect\u00f3nico, no que o artista disp\u00f3n certos obxectos (telas, papeis, madeira, etc.) sobre os que realiza composici\u00f3ns b\u00e1sicas coa intenci\u00f3n de producir o menor ru\u00eddo posible e as\u00ed, evidenciar as interacci\u00f3ns do externo no plano pict\u00f3rico. A partir do descoido ou do accidente as pezas vanse \u201ccontaminando\u201d do entorno, do espazo de traballo no que hai lixo, po, pegadas e desprendementos<\/p>\n\n\n\n<p><\/p>\n\n\n<div class=\"wp-block-image\">\n<figure class=\"aligncenter size-medium\"><a href=\"http:\/\/culturaliagz.com\/wp-content\/uploads\/2024\/09\/Gramatica-da-superficia2.png\" target=\"_blank\" rel=\"noreferrer noopener\"><img loading=\"lazy\" decoding=\"async\" width=\"300\" height=\"232\" src=\"http:\/\/culturaliagz.com\/wp-content\/uploads\/2024\/09\/Gramatica-da-superficia2-300x232.png\" alt=\"\" class=\"wp-image-16742\"\/><\/a><\/figure>\n<\/div>\n\n\n<p><\/p>\n\n\n\n<p class=\"has-text-align-justify\">Asemade, as obras sofren unha contaminaci\u00f3n formal, consciente e promovida polo propio artista a base de materiais atopados extra\u00eddos de calquera libro esquecido: un debuxo simulando unha bobina, un circu\u00edto el\u00e9ctrico ou a silueta dun nocello. Como \u00e9 obvio, a referencia orixinal non se asocia directamente. Para Rivas Rod\u00eds, o elemento da translaci\u00f3n \u00e9 esencial para entender como, mediante o emprego da pl\u00e1stica, opera a nosa visualidade, o aceno en relaci\u00f3n coas superficies, con todo o que \u00e9 susceptible de ser visto, manchado e copiado.<\/p>\n\n\n\n<p class=\"has-text-align-justify\">Alg\u00fans dos papeis que utiliza nos <em>collages<\/em> son rescatados de antigos cadernos, libros ou cartas que perderon a s\u00faa funci\u00f3n e que foron visiblemente atravesados polo tempo: un papel mercado hai d\u00faas horas conx\u00fagase, xustaponse e dialoga con outro de corenta anos. E volve cobrar sentido, react\u00edvase na superficie da obra sen medo de superpo\u00f1erse \u00e1 anterior. Un movemento que opera repetidamente, e que fai que unha peza non sexa un c\u00edrculo pechado ou te\u00f1a un punto final, sen\u00f3n que funcione coma unha estrutura poli\u00e9drica.<\/p>\n\n\n\n<p class=\"has-text-align-justify\">Se, como dic\u00eda Paul V\u00e1lery \u201co m\u00e1is profundo \u00e9 a pel\u201d, \u00e9 porque a pel \u00e9 un \u00f3rgano de contacto, de permeabilidade e repleto de poros. O capilar, o t\u00e9rmico, a s\u00faa divisi\u00f3n en estratos, fai que poida vinculala ao espazo do taller e ao propio proceso pict\u00f3rico, xa que se converte nun espazo con milleiros de puntos perceptivos: xa non s\u00f3 contamos co visual, a superficie \u00e9 a resposta \u00e1 somatizaci\u00f3n, \u00e1 asimilaci\u00f3n dun espazo, e as obras forman parte dese corpo som\u00e1tico, vivo e quente que \u00e9 a pintura.<\/p>\n\n\n\n<p><\/p>\n\n\n<div class=\"wp-block-image\">\n<figure class=\"aligncenter size-medium\"><a href=\"http:\/\/culturaliagz.com\/wp-content\/uploads\/2024\/09\/Gramatica-da-superficia3.png-scaled.jpg\" target=\"_blank\" rel=\"noreferrer noopener\"><img loading=\"lazy\" decoding=\"async\" width=\"300\" height=\"213\" src=\"http:\/\/culturaliagz.com\/wp-content\/uploads\/2024\/09\/Gramatica-da-superficia3.png-300x213.jpg\" alt=\"\" class=\"wp-image-16743\"\/><\/a><\/figure>\n<\/div>\n\n\n<p><\/p>\n\n\n\n<p><\/p>\n\n\n\n<p class=\"has-text-align-justify\"><strong>Andr\u00e9s Rivas Rod\u00eds<\/strong> (Santiago de Compostela, 2000) \u00e9 graduado en Belas Artes pola Universidade Polit\u00e9cnica de Valencia (2022), mestrado en Investigaci\u00f3n e Creaci\u00f3n en Arte pola Universidade do Pa\u00eds Vasco en Biscaia (2024), e actualmente doutorando pola Universidade de Vigo. No 2024 recibiu o <em>Premio Gaztea<\/em> do Concello de Leioa (Biscaia) e no 2022 foi galardoado co <em>Premio C\u00e1tedra Bodegas Faustino &amp; Willy Ramos <\/em>(Par\u00eds) co proxecto <em>Luz negra<\/em>. Ademais, foi finalista do <em>Xuventude Crea<\/em> de Santiago de Compostela (2020 e 2021) e un dos participantes no <em>Encontro de Artistas Novos Cidade da Cultura EAN11<\/em> (2021) coordinado por Rafael Doctor.<\/p>\n\n\n\n<p class=\"has-text-align-justify\">Entre as s\u00faas exposici\u00f3ns destaca a colectiva dos galardoados coa <em>C\u00e1tedra Faustino &amp; Willy Ramos <\/em>na Galer\u00eda Lupe Fullana (Valencia, 2023), <em>XXVI Certamen J\u00f3venes pintores <\/em>da Fundaci\u00f3n Gaceta (Salamanca, 2023), <em>Paisaxe_0 <\/em>na Galer\u00eda Metro (Santiago de Compostela, 2022), <em>La imagen de la memoria<\/em> na Biblioteca Azor\u00edn (Patraix, Valencia 2022), <em>Xuventude Crea<\/em> na Igrexa da Universidade (Santiago de Compostela, 2021) e <em>Hidden Sessions <\/em>co colectivo Orbis Vacui no Centro Cultural escuela de Ruzafa\u00a0 (Valencia, 2020).<\/p>\n\n\n\n<p><\/p>\n\n\n\n<figure class=\"wp-block-table\"><table><tbody><tr><td class=\"has-text-align-center\" data-align=\"center\">Inauguraci\u00f3n <strong>venres 20 de setembro \u00e1s 19h<\/strong><br>Enderezo Lamas de Prado 31, Lugo \u00a0 <br>Exposici\u00f3n <strong>20 setembro &#8211; 23 novembro, 2024<\/strong> \u00a0 <br>Horario martes a venres de 11h a 14h \/ 17h a 20h s\u00e1bados 11h a 14h. <br>Outro horario, previa cita \u00a0<\/td><\/tr><\/tbody><\/table><\/figure>\n","protected":false},"excerpt":{"rendered":"<p>O vindeiro venres 20 de setembro, a partir das 19h, a Galer\u00eda N\u00c9BOA inaugura tempada expositiva coa mostra individual Gram\u00e1tica de superficie do artista compostel\u00e1n Andr\u00e9s Rivas Rod\u00eds. Gram\u00e1tica de [&hellip;]<\/p>\n","protected":false},"author":1,"featured_media":0,"comment_status":"open","ping_status":"open","sticky":false,"template":"","format":"standard","meta":{"_et_pb_use_builder":"","_et_pb_old_content":"","_et_gb_content_width":"","_jetpack_memberships_contains_paid_content":false,"footnotes":""},"categories":[23,7,6,57,1],"tags":[2508,2169,2507],"class_list":["post-16740","post","type-post","status-publish","format-standard","hentry","category-autoresas","category-creacion","category-novas","category-outras-artes","category-xeral","tag-andres-rivas-rodis","tag-galeria-neboa","tag-gramatica-de-superficie"],"jetpack_featured_media_url":"","jetpack_sharing_enabled":true,"_links":{"self":[{"href":"http:\/\/culturaliagz.com\/index.php?rest_route=\/wp\/v2\/posts\/16740","targetHints":{"allow":["GET"]}}],"collection":[{"href":"http:\/\/culturaliagz.com\/index.php?rest_route=\/wp\/v2\/posts"}],"about":[{"href":"http:\/\/culturaliagz.com\/index.php?rest_route=\/wp\/v2\/types\/post"}],"author":[{"embeddable":true,"href":"http:\/\/culturaliagz.com\/index.php?rest_route=\/wp\/v2\/users\/1"}],"replies":[{"embeddable":true,"href":"http:\/\/culturaliagz.com\/index.php?rest_route=%2Fwp%2Fv2%2Fcomments&post=16740"}],"version-history":[{"count":1,"href":"http:\/\/culturaliagz.com\/index.php?rest_route=\/wp\/v2\/posts\/16740\/revisions"}],"predecessor-version":[{"id":16744,"href":"http:\/\/culturaliagz.com\/index.php?rest_route=\/wp\/v2\/posts\/16740\/revisions\/16744"}],"wp:attachment":[{"href":"http:\/\/culturaliagz.com\/index.php?rest_route=%2Fwp%2Fv2%2Fmedia&parent=16740"}],"wp:term":[{"taxonomy":"category","embeddable":true,"href":"http:\/\/culturaliagz.com\/index.php?rest_route=%2Fwp%2Fv2%2Fcategories&post=16740"},{"taxonomy":"post_tag","embeddable":true,"href":"http:\/\/culturaliagz.com\/index.php?rest_route=%2Fwp%2Fv2%2Ftags&post=16740"}],"curies":[{"name":"wp","href":"https:\/\/api.w.org\/{rel}","templated":true}]}}