{"id":16722,"date":"2024-09-15T23:42:35","date_gmt":"2024-09-15T22:42:35","guid":{"rendered":"http:\/\/culturaliagz.com\/?p=16722"},"modified":"2024-09-15T23:42:39","modified_gmt":"2024-09-15T22:42:39","slug":"o-fiot33-abre-a-sua-convocatoria-de-voluntarios-e-activa-a-venda-de-entradas-da-rua-dos-contos","status":"publish","type":"post","link":"http:\/\/culturaliagz.com\/?p=16722","title":{"rendered":"O #FIOT33 abre a s\u00faa convocatoria de voluntarios e activa a venda de entradas da R\u00faa dos Contos"},"content":{"rendered":"\n<p><\/p>\n\n\n<div class=\"wp-block-image\">\n<figure class=\"aligncenter size-full\"><a href=\"http:\/\/culturaliagz.com\/wp-content\/uploads\/2024\/09\/FIOT33a.png\" target=\"_blank\" rel=\"noreferrer noopener\"><img loading=\"lazy\" decoding=\"async\" width=\"812\" height=\"765\" src=\"http:\/\/culturaliagz.com\/wp-content\/uploads\/2024\/09\/FIOT33a.png\" alt=\"\" class=\"wp-image-16723\" srcset=\"http:\/\/culturaliagz.com\/wp-content\/uploads\/2024\/09\/FIOT33a.png 812w, http:\/\/culturaliagz.com\/wp-content\/uploads\/2024\/09\/FIOT33a-480x452.png 480w\" sizes=\"auto, (min-width: 0px) and (max-width: 480px) 480px, (min-width: 481px) 812px, 100vw\" \/><\/a><\/figure>\n<\/div>\n\n\n<p><\/p>\n\n\n\n<p><\/p>\n\n\n\n<p class=\"has-text-align-justify\">O\u00a0<a href=\"https:\/\/fiot.gal\/\" target=\"_blank\" rel=\"noreferrer noopener\"><strong>FIOT,<\/strong>\u00a0o Festival Internacional Outono de Teatro de Carballo<\/a>,\u00a0<strong>abre a convocatoria de voluntarios<\/strong>\u00a0para a s\u00faa 33\u00aa edici\u00f3n, que se\u00a0celebrar\u00e1 do 26 de setembro ao 31 de outubro de 2024:<\/p>\n\n\n\n<p class=\"has-text-align-justify\"><em>Queres formar parte do voluntariado do FIOT? Ver\u00e1s espect\u00e1culos de teatro e huir, descubrir\u00e1s como funciona un festival por dentro, co\u00f1ecer\u00e1s xente e\u2026 pasaralo moi ven! Adapt\u00e1monos \u00e1 t\u00faa dispo\u00f1ibilidade.<\/em><\/p>\n\n\n\n<p>O prazo desta convocatoria de voluntarios do #FIOT33 est\u00e1 aberto&nbsp;ata o vindeiro 20 de setembro.<\/p>\n\n\n\n<p>Para co\u00f1ecer todos os detalles e poder apuntarse:<\/p>\n\n\n\n<p><strong>Pazo da Cultura de Carballo<\/strong><\/p>\n\n\n\n<p>981 704 300 I\u00a0<a href=\"mailto:fiot@fiot.gal\" target=\"_blank\" rel=\"noreferrer noopener\">fiot@fiot.gal<\/a>\u00a0<\/p>\n\n\n\n<p><a href=\"http:\/\/www.fiot.gal\/\" target=\"_blank\" rel=\"noreferrer noopener\">www.fiot.gal<\/a><\/p>\n\n\n\n<p><\/p>\n\n\n<div class=\"wp-block-image\">\n<figure class=\"aligncenter size-full\"><a href=\"http:\/\/culturaliagz.com\/wp-content\/uploads\/2024\/09\/FIOT33b.png\" target=\"_blank\" rel=\"noreferrer noopener\"><img loading=\"lazy\" decoding=\"async\" width=\"812\" height=\"813\" src=\"http:\/\/culturaliagz.com\/wp-content\/uploads\/2024\/09\/FIOT33b.png\" alt=\"\" class=\"wp-image-16724\" srcset=\"http:\/\/culturaliagz.com\/wp-content\/uploads\/2024\/09\/FIOT33b.png 812w, http:\/\/culturaliagz.com\/wp-content\/uploads\/2024\/09\/FIOT33b-480x481.png 480w\" sizes=\"auto, (min-width: 0px) and (max-width: 480px) 480px, (min-width: 481px) 812px, 100vw\" \/><\/a><\/figure>\n<\/div>\n\n\n<p><\/p>\n\n\n\n<p><strong>#procuramosousados<\/strong><\/p>\n\n\n\n<p class=\"has-text-align-justify\">Por outra banda, desde ma\u00f1\u00e1,&nbsp;luns, 16 de setembro, \u00e1s 10.00h, o p\u00fablico poder\u00e1 adquirir -a trav\u00e9s da plataforma en li\u00f1a&nbsp;<strong>Ataquilla<\/strong>&#8211; os&nbsp;<strong>bonos e entradas para a R\u00faa dos Contos<\/strong>, que neste 2024 celebra as s\u00faas vodas de prata ao cumprir 25 edici\u00f3ns.V\u00e9s celebralas con moito humor?<\/p>\n\n\n\n<p><br>\ud83d\udd3826 de setembro:\u00a0<strong>\u2018Rescate emotivo\u2019\u00a0<\/strong>de\u00a0<a href=\"https:\/\/www.instagram.com\/waltervelazquezcalostro\/\" target=\"_blank\" rel=\"noreferrer noopener\">@waltervelazquezcalostro<\/a>\u00a0(gratu\u00edto para a Residencia de Maiores)<br>\ud83d\udd3826 de setembro:<strong>\u00a0\u2018Animaci\u00f3n de r\u00faa\u2019<\/strong>\u00a0con Walter Vel\u00e1zquez (gratu\u00edto)<br>\ud83d\udd3826 de setembro:<strong>\u00a0\u2018Xa que o sabes, voucho contar (e cantar)\u2019<\/strong>, de\u00a0<a href=\"https:\/\/www.instagram.com\/fedeperez79\/\" target=\"_blank\" rel=\"noreferrer noopener\">@fedeperez79<\/a><br>\ud83d\udd3827 de setembro:<strong>\u00a0\u2018Cagadas\u2019,<\/strong>\u00a0de C\u00e1ndido Paz\u00f3<br>\ud83d\udd3827 de setembro:\u00a0<strong>\u2018A ver que pasa\u2019<\/strong>, de Evaristo Calvo<br>\ud83d\udd3828 de setembro:\u00a0<strong>\u2018Riqui\u00f1a\u2019<\/strong>, de\u00a0<a href=\"https:\/\/www.instagram.com\/jazminabuin\/\" target=\"_blank\" rel=\"noreferrer noopener\">@jazminabuin<\/a><br>\ud83d\udd3828 de setembro:\u00a0<strong>\u2018Enredada\u2019<\/strong>, de\u00a0<a href=\"https:\/\/www.instagram.com\/letidataberna\/\" target=\"_blank\" rel=\"noreferrer noopener\">@letidataberna<\/a><br>\ud83d\udd3829 de setembro:\u00a0<strong>\u2018Sois maravillosos. D.O. C\u00e1diz\u2019<\/strong>, de\u00a0<a href=\"https:\/\/www.instagram.com\/miki_dkai\/\" target=\"_blank\" rel=\"noreferrer noopener\">@miki_dkai<\/a><br>\ud83d\udd384 de outubro:\u00a0<strong>\u2018Contos entre cordas\u2019<\/strong>, de\u00a0<a href=\"https:\/\/www.instagram.com\/mariadapontragha\/\" target=\"_blank\" rel=\"noreferrer noopener\">@mariadapontragha<\/a>\u00a0e Bleuenn Le Friec<br>\ud83d\udd384 de outubro:\u00a0<strong>\u2018Instruci\u00f3ns para tomar caf\u00e9\u2019<\/strong>, de\u00a0<a href=\"https:\/\/www.instagram.com\/carlosrebolo_charly\/\" target=\"_blank\" rel=\"noreferrer noopener\">@carlosrebolo_charly<\/a><br>\ud83d\udd385 de outubro:\u00a0<strong>\u2018O mellor e o peor dos 2000\u2019<\/strong>, de Carta de Axuste<br>\ud83d\udd3811 de outubro:\u00a0<strong>\u2018Os diarios de Ad\u00e1n e Eva. Boleros no para\u00edso\u2019<\/strong>, de\u00a0<a href=\"https:\/\/www.instagram.com\/paraisoteatro.cia\/\" target=\"_blank\" rel=\"noreferrer noopener\">@paraisoteatro.cia<\/a><br><br>\ud83c\udf9f Haber\u00e1 un n\u00famero limitado de bonos para todas as funci\u00f3ns da R\u00faa dos Contos (40 euros).\u00a0<\/p>\n\n\n\n<p>M\u00e1is informaci\u00f3n sobre a venda de entradas en:&nbsp;<\/p>\n\n\n\n<p><a href=\"https:\/\/fiot.gal\/entradas\/\" target=\"_blank\" rel=\"noreferrer noopener\">https:\/\/fiot.gal\/entradas\/<\/a><\/p>\n","protected":false},"excerpt":{"rendered":"<p>O\u00a0FIOT,\u00a0o Festival Internacional Outono de Teatro de Carballo,\u00a0abre a convocatoria de voluntarios\u00a0para a s\u00faa 33\u00aa edici\u00f3n, que se\u00a0celebrar\u00e1 do 26 de setembro ao 31 de outubro de 2024: Queres formar [&hellip;]<\/p>\n","protected":false},"author":1,"featured_media":0,"comment_status":"open","ping_status":"open","sticky":false,"template":"","format":"standard","meta":{"_et_pb_use_builder":"","_et_pb_old_content":"","_et_gb_content_width":"","_jetpack_memberships_contains_paid_content":false,"footnotes":""},"categories":[23,7,129,6,57,1],"tags":[2505,2504,2405,1847],"class_list":["post-16722","post","type-post","status-publish","format-standard","hentry","category-autoresas","category-creacion","category-literaria","category-novas","category-outras-artes","category-xeral","tag-procuramosousados","tag-fiot33","tag-pazo-da-cultura-de-carballo","tag-rua-dos-contos"],"jetpack_featured_media_url":"","jetpack_sharing_enabled":true,"_links":{"self":[{"href":"http:\/\/culturaliagz.com\/index.php?rest_route=\/wp\/v2\/posts\/16722","targetHints":{"allow":["GET"]}}],"collection":[{"href":"http:\/\/culturaliagz.com\/index.php?rest_route=\/wp\/v2\/posts"}],"about":[{"href":"http:\/\/culturaliagz.com\/index.php?rest_route=\/wp\/v2\/types\/post"}],"author":[{"embeddable":true,"href":"http:\/\/culturaliagz.com\/index.php?rest_route=\/wp\/v2\/users\/1"}],"replies":[{"embeddable":true,"href":"http:\/\/culturaliagz.com\/index.php?rest_route=%2Fwp%2Fv2%2Fcomments&post=16722"}],"version-history":[{"count":1,"href":"http:\/\/culturaliagz.com\/index.php?rest_route=\/wp\/v2\/posts\/16722\/revisions"}],"predecessor-version":[{"id":16725,"href":"http:\/\/culturaliagz.com\/index.php?rest_route=\/wp\/v2\/posts\/16722\/revisions\/16725"}],"wp:attachment":[{"href":"http:\/\/culturaliagz.com\/index.php?rest_route=%2Fwp%2Fv2%2Fmedia&parent=16722"}],"wp:term":[{"taxonomy":"category","embeddable":true,"href":"http:\/\/culturaliagz.com\/index.php?rest_route=%2Fwp%2Fv2%2Fcategories&post=16722"},{"taxonomy":"post_tag","embeddable":true,"href":"http:\/\/culturaliagz.com\/index.php?rest_route=%2Fwp%2Fv2%2Ftags&post=16722"}],"curies":[{"name":"wp","href":"https:\/\/api.w.org\/{rel}","templated":true}]}}