{"id":16666,"date":"2024-09-07T23:44:35","date_gmt":"2024-09-07T22:44:35","guid":{"rendered":"http:\/\/culturaliagz.com\/?p=16666"},"modified":"2024-09-08T00:17:06","modified_gmt":"2024-09-07T23:17:06","slug":"entrega-de-premios-do-vi-certame-de-microrrelatos-dia-do-libro-2024-na-casa-da-cultura-de-vilalba","status":"publish","type":"post","link":"http:\/\/culturaliagz.com\/?p=16666","title":{"rendered":"Entrega de premios do VI Certame de Microrrelatos D\u00cdA DO LIBRO 2024, na Casa da Cultura de Vilalba"},"content":{"rendered":"\n<p><\/p>\n\n\n<div class=\"wp-block-image\">\n<figure class=\"aligncenter size-large\"><a href=\"http:\/\/culturaliagz.com\/wp-content\/uploads\/2024\/09\/edb54258-c9ac-4e0a-90bc-12e1fd0154bb.jpg\" target=\"_blank\" rel=\"noreferrer noopener\"><img loading=\"lazy\" decoding=\"async\" width=\"1024\" height=\"635\" src=\"http:\/\/culturaliagz.com\/wp-content\/uploads\/2024\/09\/edb54258-c9ac-4e0a-90bc-12e1fd0154bb-1024x635.jpg\" alt=\"\" class=\"wp-image-16667\" srcset=\"http:\/\/culturaliagz.com\/wp-content\/uploads\/2024\/09\/edb54258-c9ac-4e0a-90bc-12e1fd0154bb-980x608.jpg 980w, http:\/\/culturaliagz.com\/wp-content\/uploads\/2024\/09\/edb54258-c9ac-4e0a-90bc-12e1fd0154bb-480x298.jpg 480w\" sizes=\"auto, (min-width: 0px) and (max-width: 480px) 480px, (min-width: 481px) and (max-width: 980px) 980px, (min-width: 981px) 1024px, 100vw\" \/><\/a><\/figure>\n<\/div>\n\n\n<p><\/p>\n\n\n\n<p><\/p>\n\n\n\n<p><\/p>\n\n\n\n<p><\/p>\n\n\n\n<p class=\"has-text-align-justify\">O sal\u00f3n de actos da Casa da Cultura de Vilalba acolleu no mediod\u00eda deste s\u00e1bado 7 de setembro a entrega de premios do <strong>VI Certame de Microrrelatos D\u00cdA DO LIBRO 2024<\/strong>, que convoca anualmente o <a href=\"https:\/\/www.vilalba.gal\/\" target=\"_blank\" rel=\"noreferrer noopener\">Concello de Vilalba<\/a>, coa colaboraci\u00f3n de <a href=\"http:\/\/culturaliagz.com\/\" target=\"_blank\" rel=\"noreferrer noopener\">Culturalia GZ<\/a>. O acto, presidido pola concelleira de Cultura de Vilalba, Tamara Rodr\u00edguez L\u00f3pez, contou tam\u00e9n coa participaci\u00f3n do representante do xurado, Daniel Irimia Y\u00e1\u00f1ez (que falou no seu nome e no de Emma Pedreira e Mercedes Queixas Zas, tam\u00e9n integrantes do xurado e que non puideron asisitir), o editor e director de <a href=\"https:\/\/alvarelloseditora.gal\/\" target=\"_blank\" rel=\"noreferrer noopener\">Alvarellos Editora<\/a>, Henrique Alvarellos, e o administrador de Culturalia GZ, Marti\u00f1o Maseda, que foi o condutor de dito evento.<\/p>\n\n\n\n<p class=\"has-text-align-justify\">No acompa\u00f1amento musical contouse coa participaci\u00f3n da agrupaci\u00f3n <em>Buxos Verdes<\/em><\/p>\n\n\n\n<p>A relaci\u00f3n de persoas premiadas, que, ademais de recolleren cadanseu premio, leron o seu microrrelato, foi a seguinte:<\/p>\n\n\n\n<p><strong>Categor\u00eda Infantil<\/strong>:<\/p>\n\n\n\n<p>3\u00ba Premio <em>Deserto<\/em><\/p>\n\n\n\n<p>2\u00ba Duarte Mari\u00f1o Torrado, co microrrelato <em>O poli\u00f1o lector<\/em><\/p>\n\n\n\n<p>1\u00ba Nicol\u00e1s Salgueiro Alonso, co microrrelato <em>Arquiinimigos<\/em><\/p>\n\n\n\n<p><strong>Categor\u00eda Xuvenil<\/strong>:<\/p>\n\n\n\n<p>3\u00ba Mar\u00eda Fern\u00e1ndez Escar\u00edz, co microrrelato <em>Ondas<\/em><\/p>\n\n\n\n<p>2\u00ba Paula P\u00e9rez Cend\u00e1n, co microrrelato <em>Soa<\/em><\/p>\n\n\n\n<p>1\u00ba Luc\u00eda Dom\u00ednguez Pereira, co microrrelato <em>Rebelde<\/em><\/p>\n\n\n\n<p><strong>Categor\u00eda Adulta<\/strong>:<\/p>\n\n\n\n<p>3\u00ba Carlota Millor Prado, co microrrelato <em>Salvavidas<\/em><\/p>\n\n\n\n<p>2\u00ba Sonia Mart\u00ednez L\u00f3pez, co microrrelato <em>Reflector<\/em><\/p>\n\n\n\n<p>1\u00ba Pedro Naveira Pedreira, co microrrelato <em>Erro<\/em><\/p>\n\n\n\n<p class=\"has-text-align-justify\">As obras arriba citadas, xunto coas premiadas na edici\u00f3n do 2023, ver\u00e1n a luz o ano vindeiro nunha publicaci\u00f3n que realizar\u00e1 Alvarellos Editora, editorial que tam\u00e9n se encargou de levar ao prelo os dous primeiros volumes deste certame de narrativa hiperbreve que se vai consolidando no panorama literario galego.<\/p>\n\n\n\n<p><\/p>\n\n\n\n<p><\/p>\n\n\n\n<p><\/p>\n\n\n\n<p class=\"has-text-align-justify\">A continuaci\u00f3n unha ESCOLMA FOTOGR\u00c1FICA que recolle distintos momentos da entrega de premios.<\/p>\n\n\n\n<p class=\"has-text-align-justify\">(<em>Autor\u00eda das imaxes: Sonia Garc\u00eda e<\/em> <em>Patricia Torrado<\/em>)<\/p>\n\n\n\n<p><\/p>\n\n\n\n<figure class=\"wp-block-gallery has-nested-images columns-2 wp-block-gallery-1 is-layout-flex wp-block-gallery-is-layout-flex\">\n<figure class=\"wp-block-image size-large\"><a href=\"http:\/\/culturaliagz.com\/wp-content\/uploads\/2024\/09\/202671b7-6d48-4b48-adb5-af083814e001.jpg\" target=\"_blank\" rel=\"noreferrer noopener\"><img loading=\"lazy\" decoding=\"async\" width=\"1024\" height=\"768\" data-id=\"16676\" src=\"http:\/\/culturaliagz.com\/wp-content\/uploads\/2024\/09\/202671b7-6d48-4b48-adb5-af083814e001-1024x768.jpg\" alt=\"\" class=\"wp-image-16676\" srcset=\"http:\/\/culturaliagz.com\/wp-content\/uploads\/2024\/09\/202671b7-6d48-4b48-adb5-af083814e001-980x735.jpg 980w, http:\/\/culturaliagz.com\/wp-content\/uploads\/2024\/09\/202671b7-6d48-4b48-adb5-af083814e001-480x360.jpg 480w\" sizes=\"auto, (min-width: 0px) and (max-width: 480px) 480px, (min-width: 481px) and (max-width: 980px) 980px, (min-width: 981px) 1024px, 100vw\" \/><\/a><\/figure>\n\n\n\n<figure class=\"wp-block-image size-large\"><img loading=\"lazy\" decoding=\"async\" width=\"1024\" height=\"768\" data-id=\"16685\" src=\"http:\/\/culturaliagz.com\/wp-content\/uploads\/2024\/09\/e72dd48e-0fe1-4adf-b3b9-879dc79c9f4c-1024x768.jpg\" alt=\"\" class=\"wp-image-16685\" srcset=\"http:\/\/culturaliagz.com\/wp-content\/uploads\/2024\/09\/e72dd48e-0fe1-4adf-b3b9-879dc79c9f4c-980x735.jpg 980w, http:\/\/culturaliagz.com\/wp-content\/uploads\/2024\/09\/e72dd48e-0fe1-4adf-b3b9-879dc79c9f4c-480x360.jpg 480w\" sizes=\"auto, (min-width: 0px) and (max-width: 480px) 480px, (min-width: 481px) and (max-width: 980px) 980px, (min-width: 981px) 1024px, 100vw\" \/><\/figure>\n\n\n\n<figure class=\"wp-block-image size-large\"><img loading=\"lazy\" decoding=\"async\" width=\"1024\" height=\"768\" data-id=\"16680\" src=\"http:\/\/culturaliagz.com\/wp-content\/uploads\/2024\/09\/ac0af62c-9241-42a9-9187-d9d96aa50a8c-1024x768.jpg\" alt=\"\" class=\"wp-image-16680\" srcset=\"http:\/\/culturaliagz.com\/wp-content\/uploads\/2024\/09\/ac0af62c-9241-42a9-9187-d9d96aa50a8c-980x735.jpg 980w, http:\/\/culturaliagz.com\/wp-content\/uploads\/2024\/09\/ac0af62c-9241-42a9-9187-d9d96aa50a8c-480x360.jpg 480w\" sizes=\"auto, (min-width: 0px) and (max-width: 480px) 480px, (min-width: 481px) and (max-width: 980px) 980px, (min-width: 981px) 1024px, 100vw\" \/><\/figure>\n\n\n\n<figure class=\"wp-block-image size-full\"><img loading=\"lazy\" decoding=\"async\" width=\"2048\" height=\"923\" data-id=\"16669\" src=\"http:\/\/culturaliagz.com\/wp-content\/uploads\/2024\/09\/2b1e7811-0aab-40a7-93e2-00bb7f2a8879.jpg\" alt=\"\" class=\"wp-image-16669\" srcset=\"http:\/\/culturaliagz.com\/wp-content\/uploads\/2024\/09\/2b1e7811-0aab-40a7-93e2-00bb7f2a8879.jpg 2048w, http:\/\/culturaliagz.com\/wp-content\/uploads\/2024\/09\/2b1e7811-0aab-40a7-93e2-00bb7f2a8879-1280x577.jpg 1280w, http:\/\/culturaliagz.com\/wp-content\/uploads\/2024\/09\/2b1e7811-0aab-40a7-93e2-00bb7f2a8879-980x442.jpg 980w, http:\/\/culturaliagz.com\/wp-content\/uploads\/2024\/09\/2b1e7811-0aab-40a7-93e2-00bb7f2a8879-480x216.jpg 480w\" sizes=\"auto, (min-width: 0px) and (max-width: 480px) 480px, (min-width: 481px) and (max-width: 980px) 980px, (min-width: 981px) and (max-width: 1280px) 1280px, (min-width: 1281px) 2048px, 100vw\" \/><\/figure>\n\n\n\n<figure class=\"wp-block-image size-large\"><img loading=\"lazy\" decoding=\"async\" width=\"768\" height=\"1024\" data-id=\"16683\" src=\"http:\/\/culturaliagz.com\/wp-content\/uploads\/2024\/09\/edd0b7e9-7f5f-4f84-91f3-fb61312802da-768x1024.jpg\" alt=\"\" class=\"wp-image-16683\"\/><\/figure>\n\n\n\n<figure class=\"wp-block-image size-large\"><a href=\"http:\/\/culturaliagz.com\/wp-content\/uploads\/2024\/09\/305b0f88-e2f5-44d6-97f8-74dff475fa24.jpg\" target=\"_blank\" rel=\"noreferrer noopener\"><img loading=\"lazy\" decoding=\"async\" width=\"768\" height=\"1024\" data-id=\"16678\" src=\"http:\/\/culturaliagz.com\/wp-content\/uploads\/2024\/09\/305b0f88-e2f5-44d6-97f8-74dff475fa24-768x1024.jpg\" alt=\"\" class=\"wp-image-16678\"\/><\/a><\/figure>\n\n\n\n<figure class=\"wp-block-image size-large\"><a href=\"http:\/\/culturaliagz.com\/wp-content\/uploads\/2024\/09\/0825b23c-de8e-4925-836a-2cee53db8779.jpg\" target=\"_blank\" rel=\"noreferrer noopener\"><img loading=\"lazy\" decoding=\"async\" width=\"768\" height=\"1024\" data-id=\"16677\" src=\"http:\/\/culturaliagz.com\/wp-content\/uploads\/2024\/09\/0825b23c-de8e-4925-836a-2cee53db8779-768x1024.jpg\" alt=\"\" class=\"wp-image-16677\"\/><\/a><\/figure>\n\n\n\n<figure class=\"wp-block-image size-large\"><a href=\"http:\/\/culturaliagz.com\/wp-content\/uploads\/2024\/09\/8d32e26d-6705-4710-83c4-89a8f76e1197.jpg\" target=\"_blank\" rel=\"noreferrer noopener\"><img loading=\"lazy\" decoding=\"async\" width=\"768\" height=\"1024\" data-id=\"16670\" src=\"http:\/\/culturaliagz.com\/wp-content\/uploads\/2024\/09\/8d32e26d-6705-4710-83c4-89a8f76e1197-768x1024.jpg\" alt=\"\" class=\"wp-image-16670\"\/><\/a><\/figure>\n\n\n\n<figure class=\"wp-block-image size-large\"><a href=\"http:\/\/culturaliagz.com\/wp-content\/uploads\/2024\/09\/9d5623ad-4629-470a-9044-7ff06b4d2e76.jpg\" target=\"_blank\" rel=\"noreferrer noopener\"><img loading=\"lazy\" decoding=\"async\" width=\"768\" height=\"1024\" data-id=\"16673\" src=\"http:\/\/culturaliagz.com\/wp-content\/uploads\/2024\/09\/9d5623ad-4629-470a-9044-7ff06b4d2e76-768x1024.jpg\" alt=\"\" class=\"wp-image-16673\"\/><\/a><\/figure>\n\n\n\n<figure class=\"wp-block-image size-large\"><a href=\"http:\/\/culturaliagz.com\/wp-content\/uploads\/2024\/09\/db06ed8f-bdc2-498d-bcec-b5ac28106380.jpg\" target=\"_blank\" rel=\"noreferrer noopener\"><img loading=\"lazy\" decoding=\"async\" width=\"768\" height=\"1024\" data-id=\"16681\" src=\"http:\/\/culturaliagz.com\/wp-content\/uploads\/2024\/09\/db06ed8f-bdc2-498d-bcec-b5ac28106380-768x1024.jpg\" alt=\"\" class=\"wp-image-16681\"\/><\/a><\/figure>\n\n\n\n<figure class=\"wp-block-image size-large\"><a href=\"http:\/\/culturaliagz.com\/wp-content\/uploads\/2024\/09\/72496f91-46c8-4975-8943-01e8254adcae.jpg\" target=\"_blank\" rel=\"noreferrer noopener\"><img loading=\"lazy\" decoding=\"async\" width=\"768\" height=\"1024\" data-id=\"16675\" src=\"http:\/\/culturaliagz.com\/wp-content\/uploads\/2024\/09\/72496f91-46c8-4975-8943-01e8254adcae-768x1024.jpg\" alt=\"\" class=\"wp-image-16675\"\/><\/a><\/figure>\n\n\n\n<figure class=\"wp-block-image size-large\"><a href=\"http:\/\/culturaliagz.com\/wp-content\/uploads\/2024\/09\/637344a1-20d6-4d11-9fdd-8af97d7e82b0.jpg\" target=\"_blank\" rel=\"noreferrer noopener\"><img loading=\"lazy\" decoding=\"async\" width=\"768\" height=\"1024\" data-id=\"16679\" src=\"http:\/\/culturaliagz.com\/wp-content\/uploads\/2024\/09\/637344a1-20d6-4d11-9fdd-8af97d7e82b0-768x1024.jpg\" alt=\"\" class=\"wp-image-16679\"\/><\/a><\/figure>\n\n\n\n<figure class=\"wp-block-image size-large\"><a href=\"http:\/\/culturaliagz.com\/wp-content\/uploads\/2024\/09\/accc82f5-7c1b-432e-a6ff-336d07b2c860.jpg\" target=\"_blank\" rel=\"noreferrer noopener\"><img loading=\"lazy\" decoding=\"async\" width=\"768\" height=\"1024\" data-id=\"16682\" src=\"http:\/\/culturaliagz.com\/wp-content\/uploads\/2024\/09\/accc82f5-7c1b-432e-a6ff-336d07b2c860-768x1024.jpg\" alt=\"\" class=\"wp-image-16682\"\/><\/a><\/figure>\n\n\n\n<figure class=\"wp-block-image size-large\"><a href=\"http:\/\/culturaliagz.com\/wp-content\/uploads\/2024\/09\/ee728773-d00b-4a6d-8498-bd1809bdf438.jpg\" target=\"_blank\" rel=\"noreferrer noopener\"><img loading=\"lazy\" decoding=\"async\" width=\"768\" height=\"1024\" data-id=\"16686\" src=\"http:\/\/culturaliagz.com\/wp-content\/uploads\/2024\/09\/ee728773-d00b-4a6d-8498-bd1809bdf438-768x1024.jpg\" alt=\"\" class=\"wp-image-16686\"\/><\/a><\/figure>\n\n\n\n<figure class=\"wp-block-image size-large\"><a href=\"http:\/\/culturaliagz.com\/wp-content\/uploads\/2024\/09\/21ba0e60-9453-43a5-bcd0-5aa94ac95e3f.jpg\" target=\"_blank\" rel=\"noreferrer noopener\"><img loading=\"lazy\" decoding=\"async\" width=\"1024\" height=\"768\" data-id=\"16674\" src=\"http:\/\/culturaliagz.com\/wp-content\/uploads\/2024\/09\/21ba0e60-9453-43a5-bcd0-5aa94ac95e3f-1024x768.jpg\" alt=\"\" class=\"wp-image-16674\" srcset=\"http:\/\/culturaliagz.com\/wp-content\/uploads\/2024\/09\/21ba0e60-9453-43a5-bcd0-5aa94ac95e3f-980x735.jpg 980w, http:\/\/culturaliagz.com\/wp-content\/uploads\/2024\/09\/21ba0e60-9453-43a5-bcd0-5aa94ac95e3f-480x360.jpg 480w\" sizes=\"auto, (min-width: 0px) and (max-width: 480px) 480px, (min-width: 481px) and (max-width: 980px) 980px, (min-width: 981px) 1024px, 100vw\" \/><\/a><\/figure>\n\n\n\n<figure class=\"wp-block-image size-large\"><a href=\"http:\/\/culturaliagz.com\/wp-content\/uploads\/2024\/09\/5c115569-3dd8-4ff9-b912-4e981f00c1ef.jpg\" target=\"_blank\" rel=\"noreferrer noopener\"><img loading=\"lazy\" decoding=\"async\" width=\"1024\" height=\"768\" data-id=\"16672\" src=\"http:\/\/culturaliagz.com\/wp-content\/uploads\/2024\/09\/5c115569-3dd8-4ff9-b912-4e981f00c1ef-1024x768.jpg\" alt=\"\" class=\"wp-image-16672\" srcset=\"http:\/\/culturaliagz.com\/wp-content\/uploads\/2024\/09\/5c115569-3dd8-4ff9-b912-4e981f00c1ef-980x735.jpg 980w, http:\/\/culturaliagz.com\/wp-content\/uploads\/2024\/09\/5c115569-3dd8-4ff9-b912-4e981f00c1ef-480x360.jpg 480w\" sizes=\"auto, (min-width: 0px) and (max-width: 480px) 480px, (min-width: 481px) and (max-width: 980px) 980px, (min-width: 981px) 1024px, 100vw\" \/><\/a><\/figure>\n\n\n\n<figure class=\"wp-block-image size-large\"><a href=\"http:\/\/culturaliagz.com\/wp-content\/uploads\/2024\/09\/f9cfa887-2104-4573-9b43-b19ac0e83726.jpg\" target=\"_blank\" rel=\"noreferrer noopener\"><img loading=\"lazy\" decoding=\"async\" width=\"1024\" height=\"462\" data-id=\"16687\" src=\"http:\/\/culturaliagz.com\/wp-content\/uploads\/2024\/09\/f9cfa887-2104-4573-9b43-b19ac0e83726-1024x462.jpg\" alt=\"\" class=\"wp-image-16687\" srcset=\"http:\/\/culturaliagz.com\/wp-content\/uploads\/2024\/09\/f9cfa887-2104-4573-9b43-b19ac0e83726-980x442.jpg 980w, http:\/\/culturaliagz.com\/wp-content\/uploads\/2024\/09\/f9cfa887-2104-4573-9b43-b19ac0e83726-480x216.jpg 480w\" sizes=\"auto, (min-width: 0px) and (max-width: 480px) 480px, (min-width: 481px) and (max-width: 980px) 980px, (min-width: 981px) 1024px, 100vw\" \/><\/a><\/figure>\n\n\n\n<figure class=\"wp-block-image size-large\"><a href=\"http:\/\/culturaliagz.com\/wp-content\/uploads\/2024\/09\/0af30b00-7e8e-4533-8db8-05f3841d25e7.jpg\" target=\"_blank\" rel=\"noreferrer noopener\"><img loading=\"lazy\" decoding=\"async\" width=\"1024\" height=\"462\" data-id=\"16671\" src=\"http:\/\/culturaliagz.com\/wp-content\/uploads\/2024\/09\/0af30b00-7e8e-4533-8db8-05f3841d25e7-1024x462.jpg\" alt=\"\" class=\"wp-image-16671\" srcset=\"http:\/\/culturaliagz.com\/wp-content\/uploads\/2024\/09\/0af30b00-7e8e-4533-8db8-05f3841d25e7-980x442.jpg 980w, http:\/\/culturaliagz.com\/wp-content\/uploads\/2024\/09\/0af30b00-7e8e-4533-8db8-05f3841d25e7-480x216.jpg 480w\" sizes=\"auto, (min-width: 0px) and (max-width: 480px) 480px, (min-width: 481px) and (max-width: 980px) 980px, (min-width: 981px) 1024px, 100vw\" \/><\/a><\/figure>\n<\/figure>\n","protected":false},"excerpt":{"rendered":"<p>O sal\u00f3n de actos da Casa da Cultura de Vilalba acolleu no mediod\u00eda deste s\u00e1bado 7 de setembro a entrega de premios do VI Certame de Microrrelatos D\u00cdA DO LIBRO [&hellip;]<\/p>\n","protected":false},"author":1,"featured_media":0,"comment_status":"open","ping_status":"open","sticky":false,"template":"","format":"standard","meta":{"_et_pb_use_builder":"","_et_pb_old_content":"","_et_gb_content_width":"","_jetpack_memberships_contains_paid_content":false,"footnotes":""},"categories":[23,7,129,6,1],"tags":[411,30,29,146,291,412,14,204,2473,1807,2193],"class_list":["post-16666","post","type-post","status-publish","format-standard","hentry","category-autoresas","category-creacion","category-literaria","category-novas","category-xeral","tag-alvarellos-editora","tag-concello-de-vilalba","tag-culturalia-gz","tag-daniel-irimia-yanez","tag-emma-pedreira","tag-henrique-alvarellos","tag-martino-maseda","tag-mercedes-queixas-zas","tag-sonia-garcia","tag-tamara-rodriguez","tag-vi-certame-de-microrrelatos-dia-do-libro"],"jetpack_featured_media_url":"","jetpack_sharing_enabled":true,"_links":{"self":[{"href":"http:\/\/culturaliagz.com\/index.php?rest_route=\/wp\/v2\/posts\/16666","targetHints":{"allow":["GET"]}}],"collection":[{"href":"http:\/\/culturaliagz.com\/index.php?rest_route=\/wp\/v2\/posts"}],"about":[{"href":"http:\/\/culturaliagz.com\/index.php?rest_route=\/wp\/v2\/types\/post"}],"author":[{"embeddable":true,"href":"http:\/\/culturaliagz.com\/index.php?rest_route=\/wp\/v2\/users\/1"}],"replies":[{"embeddable":true,"href":"http:\/\/culturaliagz.com\/index.php?rest_route=%2Fwp%2Fv2%2Fcomments&post=16666"}],"version-history":[{"count":8,"href":"http:\/\/culturaliagz.com\/index.php?rest_route=\/wp\/v2\/posts\/16666\/revisions"}],"predecessor-version":[{"id":16696,"href":"http:\/\/culturaliagz.com\/index.php?rest_route=\/wp\/v2\/posts\/16666\/revisions\/16696"}],"wp:attachment":[{"href":"http:\/\/culturaliagz.com\/index.php?rest_route=%2Fwp%2Fv2%2Fmedia&parent=16666"}],"wp:term":[{"taxonomy":"category","embeddable":true,"href":"http:\/\/culturaliagz.com\/index.php?rest_route=%2Fwp%2Fv2%2Fcategories&post=16666"},{"taxonomy":"post_tag","embeddable":true,"href":"http:\/\/culturaliagz.com\/index.php?rest_route=%2Fwp%2Fv2%2Ftags&post=16666"}],"curies":[{"name":"wp","href":"https:\/\/api.w.org\/{rel}","templated":true}]}}