{"id":16522,"date":"2024-08-09T22:48:53","date_gmt":"2024-08-09T21:48:53","guid":{"rendered":"http:\/\/culturaliagz.com\/?p=16522"},"modified":"2024-08-09T22:50:37","modified_gmt":"2024-08-09T21:50:37","slug":"as-tradicionais-figuras-de-comic-a-tamano-real-de-vinetas-desde-o-atlantico-poden-verse-xa-por-toda-a-coruna","status":"publish","type":"post","link":"http:\/\/culturaliagz.com\/?p=16522","title":{"rendered":"As tradicionais figuras de c\u00f3mic\u00a0a tama\u00f1o real de Vi\u00f1etas desde o Atl\u00e1ntico poden verse xa por toda a Coru\u00f1a"},"content":{"rendered":"\n<p><\/p>\n\n\n<div class=\"wp-block-image\">\n<figure class=\"aligncenter size-large\"><a href=\"http:\/\/culturaliagz.com\/wp-content\/uploads\/2024\/08\/Vinetas-desde-o-Atlantico-scaled.jpg\" target=\"_blank\" rel=\"noreferrer noopener\"><img loading=\"lazy\" decoding=\"async\" width=\"1024\" height=\"1024\" src=\"http:\/\/culturaliagz.com\/wp-content\/uploads\/2024\/08\/Vinetas-desde-o-Atlantico-1024x1024.jpg\" alt=\"\" class=\"wp-image-16523\" srcset=\"http:\/\/culturaliagz.com\/wp-content\/uploads\/2024\/08\/Vinetas-desde-o-Atlantico-980x980.jpg 980w, http:\/\/culturaliagz.com\/wp-content\/uploads\/2024\/08\/Vinetas-desde-o-Atlantico-480x480.jpg 480w\" sizes=\"auto, (min-width: 0px) and (max-width: 480px) 480px, (min-width: 481px) and (max-width: 980px) 980px, (min-width: 981px) 1024px, 100vw\" \/><\/a><\/figure>\n<\/div>\n\n\n<p><\/p>\n\n\n\n<p><\/p>\n\n\n\n<p class=\"has-text-align-justify\"><strong>A cidade herculina mostra desde esta ma\u00f1\u00e1 os emblem\u00e1ticos personaxes do festival en lugares como os Xard\u00edns de M\u00e9ndez N\u00fa\u00f1ez, a Praza de Mar\u00eda Pita, o Obelisco ou o Kiosco Alfonso<\/strong><strong>&nbsp;<\/strong><\/p>\n\n\n\n<p class=\"has-text-align-justify\"><strong>Entre estes personaxes de historieta non faltan nomes m\u00edticos do c\u00f3mic universal como Mortadelo e Filem\u00f3n, Batman, Pitufina, Capit\u00e1n Trueno, Torpedo, Joker, Spider-Man, Corto Malt\u00e9s, S\u00faper L\u00f3pez, Tint\u00edn, entre moitos outros<\/strong><strong>&nbsp;<\/strong><\/p>\n\n\n\n<p class=\"has-text-align-justify\"><strong>Como novidade nesta 27\u00aa edici\u00f3n do Sal\u00f3n Internacional do C\u00f3mic da Coru\u00f1a, este martes, 13 de agosto, \u00e1s 13.00h, na R\u00faa da BD, ter\u00e1 lugar a inauguraci\u00f3n dunha nova figura a\u00ednda non instalada: Gaspari\u00f1o de Xaqu\u00edn Mar\u00edn, que presidir\u00e1 as sesi\u00f3ns do \u2018Vi\u00f1etas Late Night\u2019 no Teatro Col\u00f3n<\/strong><\/p>\n\n\n\n<p class=\"has-text-align-justify\"><strong>Deste xeito, por primeira vez, un personaxe de c\u00f3mic dun autor galego s\u00famase \u00e1 colecci\u00f3n de figuras que visten a cidade da Coru\u00f1a durante a celebraci\u00f3n do Vi\u00f1etas; unha colecci\u00f3n que neste 2024 recupera, tam\u00e9n, a figura de Groucho, de Ventura &amp; Nieto, tras o pasamento de Enrique Ventura, un dos grandes cl\u00e1sicos da revista&nbsp;<em>El Jueves<\/em><\/strong><\/p>\n\n\n\n<p class=\"has-text-align-justify\"><strong>A inauguraci\u00f3n da 27\u00aa edici\u00f3n de Vi\u00f1etas desde o Atl\u00e1ntico ter\u00e1 lugar este luns, 12 de agosto, \u00e1s 18.00h, no Kiosco Alfonso: no acto estar\u00e1n presentes a alcaldesa da Coru\u00f1a, In\u00e9s Rey; o concelleiro de Cultura e Turismo do Concello da Coru\u00f1a, Gonzalo Castro; e o director do festival, Manel Cr\u00e1neo, que estar\u00e1n arroupados polos autores e autoras convidados desta nova edici\u00f3n de Vi\u00f1etas, ademais de outros artistas participantes e entidades colaboradoras, expositores e diferentes profesionais do sector da BD galega&nbsp;<\/strong><\/p>\n\n\n\n<p><\/p>\n\n\n\n<p><\/p>\n\n\n\n<figure class=\"wp-block-gallery has-nested-images columns-default is-cropped wp-block-gallery-1 is-layout-flex wp-block-gallery-is-layout-flex\">\n<figure class=\"wp-block-image size-large\"><a href=\"http:\/\/culturaliagz.com\/wp-content\/uploads\/2024\/08\/Vinetas-desde-o-Atlantico2-scaled.jpg\" target=\"_blank\" rel=\"noreferrer noopener\"><img loading=\"lazy\" decoding=\"async\" width=\"1024\" height=\"1024\" data-id=\"16525\" src=\"http:\/\/culturaliagz.com\/wp-content\/uploads\/2024\/08\/Vinetas-desde-o-Atlantico2-1024x1024.jpg\" alt=\"\" class=\"wp-image-16525\" srcset=\"http:\/\/culturaliagz.com\/wp-content\/uploads\/2024\/08\/Vinetas-desde-o-Atlantico2-980x980.jpg 980w, http:\/\/culturaliagz.com\/wp-content\/uploads\/2024\/08\/Vinetas-desde-o-Atlantico2-480x480.jpg 480w\" sizes=\"auto, (min-width: 0px) and (max-width: 480px) 480px, (min-width: 481px) and (max-width: 980px) 980px, (min-width: 981px) 1024px, 100vw\" \/><\/a><\/figure>\n\n\n\n<figure class=\"wp-block-image size-large\"><a href=\"http:\/\/culturaliagz.com\/wp-content\/uploads\/2024\/08\/Vinetas-desde-o-Atlantico4-scaled.jpg\" target=\"_blank\" rel=\"noreferrer noopener\"><img loading=\"lazy\" decoding=\"async\" width=\"1024\" height=\"1024\" data-id=\"16524\" src=\"http:\/\/culturaliagz.com\/wp-content\/uploads\/2024\/08\/Vinetas-desde-o-Atlantico4-1024x1024.jpg\" alt=\"\" class=\"wp-image-16524\" srcset=\"http:\/\/culturaliagz.com\/wp-content\/uploads\/2024\/08\/Vinetas-desde-o-Atlantico4-980x980.jpg 980w, http:\/\/culturaliagz.com\/wp-content\/uploads\/2024\/08\/Vinetas-desde-o-Atlantico4-480x480.jpg 480w\" sizes=\"auto, (min-width: 0px) and (max-width: 480px) 480px, (min-width: 481px) and (max-width: 980px) 980px, (min-width: 981px) 1024px, 100vw\" \/><\/a><\/figure>\n<\/figure>\n\n\n\n<p><\/p>\n\n\n\n<p><\/p>\n\n\n\n<p class=\"has-text-align-justify\">As tradicionais figuras de c\u00f3mic a tama\u00f1o real de Vi\u00f1etas desde o Atl\u00e1ntico poden verse xa por toda A Coru\u00f1a. A cidade herculina mostra desde este venres 9 de agosto os emblem\u00e1ticos personaxes do festival en lugares como os Xard\u00edns de M\u00e9ndez N\u00fa\u00f1ez, a Praza de Mar\u00eda Pita, o Obelisco ou o Kiosco Alfonso.<\/p>\n\n\n\n<p class=\"has-text-align-justify\">Entre estes personaxes de historieta non faltan nomes m\u00edticos do c\u00f3mic universal como Mortadelo e Filem\u00f3n, Batman, Pitufina, Capit\u00e1n Trueno, Torpedo, Joker, Spider-Man, Corto Malt\u00e9s, S\u00faper L\u00f3pez ou Tint\u00edn, entre moitos outros.<\/p>\n\n\n\n<p class=\"has-text-align-justify\">Como novidade nesta 27\u00aa edici\u00f3n do Sal\u00f3n Internacional do C\u00f3mic da Coru\u00f1a, este martes, 13 de agosto, \u00e1s 13.00h, na R\u00faa da BD, ter\u00e1 lugar a inauguraci\u00f3n dunha nova figura a\u00ednda non instalada: Gaspari\u00f1o de Xaqu\u00edn Mar\u00edn, que presidir\u00e1 as sesi\u00f3ns do \u2018Vi\u00f1etas Late Night\u2019 no Teatro Col\u00f3n. Deste xeito, por primeira vez, un personaxe de c\u00f3mic dun autor galego s\u00famase \u00e1 colecci\u00f3n de figuras que visten a cidade da Coru\u00f1a durante a celebraci\u00f3n do Vi\u00f1etas; unha colecci\u00f3n que neste 2024 recupera, tam\u00e9n, a figura de Groucho, de Ventura &amp; Nieto, tras o pasamento de Enrique Ventura, un dos cl\u00e1sicos da revista&nbsp;<em>El Jueves<\/em>.<\/p>\n\n\n\n<p><strong>LOCALIZACI\u00d3NS DAS FIGIRAS DE C\u00d3MIC DE VI\u00d1ETAS DESDE O ATL\u00c1NTICO NA CORU\u00d1A<\/strong><\/p>\n\n\n\n<p>\ud83d\udccd&nbsp;Batman \u2013 Cant\u00f3n Pequeno<\/p>\n\n\n\n<p>\ud83d\udccd&nbsp;Spiderman \u2013 Obelisco<\/p>\n\n\n\n<p>\ud83d\udccd&nbsp;Mortadelo e Filem\u00f3n \u2013 Zona Obelisco<\/p>\n\n\n\n<p>\ud83d\udccd&nbsp;Tint\u00edn \u2013 Palexco<\/p>\n\n\n\n<p>\ud83d\udccd&nbsp;Pitufina \u2013 Casa Museo Picasso<\/p>\n\n\n\n<p>\ud83d\udccd&nbsp;Carpanta \u2013 Kiosco Alfoso<\/p>\n\n\n\n<p>\ud83d\udccd&nbsp;Los Simpson \u2013 Fonte Kiosco Alfonso<\/p>\n\n\n\n<p>\ud83d\udccd&nbsp;Esther \u2013 Entrada do Kiosco Alfonso<\/p>\n\n\n\n<p>\ud83d\udccd&nbsp;Lucky Luke \u2013 Palco da M\u00fasica dos Xard\u00edns de M\u00e9ndez N\u00fa\u00f1ez<\/p>\n\n\n\n<p>\ud83d\udccd&nbsp;Blacksad \u2013 R\u00faa da BD (Xard\u00edns de M\u00e9ndez N\u00fa\u00f1ez)<\/p>\n\n\n\n<p>\ud83d\udccd&nbsp;Roco Vargas \u2013 R\u00faa da BD (Xard\u00edns de M\u00e9ndez N\u00fa\u00f1ez)<\/p>\n\n\n\n<p>\ud83d\udccd&nbsp;S\u00faper L\u00f3pez \u2013 R\u00faa da BD (Xard\u00edns de M\u00e9ndez N\u00fa\u00f1ez)<\/p>\n\n\n\n<p>\ud83d\udccd&nbsp;Corto Malt\u00e9s \u2013 Teatro Col\u00f3n<\/p>\n\n\n\n<p>\ud83d\udccd&nbsp;Gaspari\u00f1o \u2013 Teatro Col\u00f3n<\/p>\n\n\n\n<p>\ud83d\udccd&nbsp;Corto Malt\u00e9s II \u2013 Escenario Teatro Col\u00f3n<\/p>\n\n\n\n<p>\ud83d\udccd&nbsp;Groucho \u2013 Escenario Teatro Col\u00f3n<\/p>\n\n\n\n<p>\ud83d\udccd&nbsp;Torpedo \u2013 R\u00faa Dur\u00e1n Loriga<\/p>\n\n\n\n<p>\ud83d\udccd&nbsp;O Pr\u00edncipe Valente \u2013 Praza de Mar\u00eda Pita<\/p>\n\n\n\n<p>\ud83d\udccd&nbsp;Ast\u00e9rix e Ob\u00e9lix \u2013 Palacio Municipal (Praza de Mar\u00eda Pita)<\/p>\n\n\n\n<p>\ud83d\udccd&nbsp;Capit\u00e1n Trueno \u2013 Castelo de Santo Ant\u00f3n<\/p>\n\n\n\n<p>\ud83d\udccd&nbsp;Joker \u2013 F\u00f3rum Metropolitano<\/p>\n\n\n\n<p>\ud83d\udccd&nbsp;Hellboy\u2013 Hall Centro \u00c1gora<\/p>\n\n\n\n<p>\ud83d\udccd&nbsp;Superman \u2013 Paso elevado de Alfonso Molina<\/p>\n\n\n\n<p><strong>ACTO DE INAUGURACI\u00d3N DE VI\u00d1ETAS DESDE O ATL\u00c1NTICO 2024<\/strong><\/p>\n\n\n\n<p class=\"has-text-align-justify\">A inauguraci\u00f3n da 27\u00aa edici\u00f3n de Vi\u00f1etas desde o Atl\u00e1ntico ter\u00e1 lugar este luns, 12 de agosto, \u00e1s 18.00h, no Kiosco Alfonso: no acto estar\u00e1n presentes a alcaldesa da Coru\u00f1a, In\u00e9s Rey; o concelleiro de Cultura e Turismo do Concello da Coru\u00f1a, Gonzalo Castro; e o director do festival, Manel Cr\u00e1neo, que estar\u00e1n arroupados polos autores e autoras convidados desta nova edici\u00f3n de Vi\u00f1etas, ademais de outros artistas participantes e entidades colaboradoras, expositores e diferentes profesionais do sector da BD galega.<\/p>\n\n\n\n<p class=\"has-text-align-justify\">O mesmo luns, a partir das 18.00h, abrir\u00e1n tanto a tradicional R\u00faa da BD de Vi\u00f1etas como as diferentes exposici\u00f3ns do festival. E, contra \u00e1s 21.30h, a secci\u00f3n Vi\u00f1etas Show botar\u00e1 a andar no Teatro Col\u00f3n co concerto ilustrado de Sangre de Mu\u00e9rdago, Xulia Vicente e Sekone.<\/p>\n\n\n\n<p><strong>VI\u00d1ETAS DESDE O ATL\u00c1NTICO, 27 ANOS DUNHA CITA INTERNACIONAL DE REFERENCIA<\/strong><\/p>\n\n\n\n<p class=\"has-text-align-justify\">Vi\u00f1etas desde o Atl\u00e1ntico \u00e9 o festival internacional da banda dese\u00f1ada da cidade da Coru\u00f1a. Organizado polo Concello da Coru\u00f1a, cada mes de agosto re\u00fane unha coidada selecci\u00f3n de exposici\u00f3ns, artistas invitados, charlas, talleres, visitas guiadas, firmas e actividades paralelas, e unha feira cos expositores profesionais m\u00e1is relevantes do sector, que converten A Coru\u00f1a nun fervedoiro de creatividade e nun punto de encontro para amantes da banda dese\u00f1ada en todas as s\u00faas acepci\u00f3ns e singularidades.<\/p>\n\n\n\n<p class=\"has-text-align-justify\">Con m\u00e1is dun cuarto de s\u00e9culo \u00e1s s\u00faas costas, Vi\u00f1etas desde o Atl\u00e1ntico \u00e9 unha cita de referencia a nivel internacional para o p\u00fablico e os profesionais, que este 2024 celebrar\u00e1 a s\u00faa 27\u00aa edici\u00f3n do 12 ao 18 de agosto baixo a direcci\u00f3n do autor coru\u00f1\u00e9s Manel Cr\u00e1neo. Co empe\u00f1o de ofrecer unha visi\u00f3n o m\u00e1is ampla posible do mundo&nbsp;da banda dese\u00f1ada galega, nacional e internacional, Vi\u00f1etas desde o Atl\u00e1ntico regresa \u00e1 Coru\u00f1a como un proxecto de cidade, arroupado polo sector profesional e cunha vocaci\u00f3n de apertura a novas linguaxes, referentes e miradas. Porque A Coru\u00f1a \u00e9, sen lugar a d\u00fabidas, unha cidade de c\u00f3mic.<\/p>\n\n\n\n<p class=\"has-text-align-justify\">Como novidade, o programa de Vi\u00f1etas desde o Atl\u00e1ntico 2024 presenta unha nova estrutura, en torno a secci\u00f3ns especializadas orientadas aos seus diferentes p\u00fablicos: Vi\u00f1etas Expo, Vi\u00f1etas Show, Vi\u00f1etas R\u00faa BD, Vi\u00f1etas Mini, Vi\u00f1etas \u00d1am!, Vi\u00f1etas Pro, Vi\u00f1etas Inclusivas e Vi\u00f1etas na Escola.&nbsp;As tem\u00e1ticas sociais, a internacionalizaci\u00f3n e a aposta pola banda dese\u00f1ada independente e experimental son as claves de Vi\u00f1etas Expo, que dedicar\u00e1 exposici\u00f3ns monogr\u00e1ficas a Genie Espinosa, Lucas Varela, Marcello Quintanilha, Kundo Krunch, Susanna Mart\u00edn, Marc Torices, Yeyei G\u00f3mez e Jorge Campos, ademais de acoller as mostras das firmas ga\u00f1adoras do Premio Castelao de Banda Dese\u00f1ada 2023, Paula Mayor e Cristian F. Caruncho, e a mostra dos fanzines presentados ao I Premio Autob\u00e1n ao Mellor Fanzine Galego, convocado este 2024.<\/p>\n\n\n\n<p class=\"has-text-align-justify\">Pola s\u00faa banda, \u2018Toriyama en Galicia\u2019 \u00e9 o t\u00edtulo da exposici\u00f3n colectiva que lle rende homenaxe ao autor de personaxes xa m\u00edticos do noso imaxinario como Son Goku ou Arale, da man dunha coidada selecci\u00f3n de autoras e autores galegos como Paula Cheshire, Jos\u00e9 Domingo, Miguel Robledo ou Xulia Pis\u00f3n, entre moitos outros, con ilustraci\u00f3ns debuxadas especialmente para a mostra, ademais dunha escolma de p\u00e1xinas do fanzine&nbsp;<em>Onda Vital!!<\/em>&nbsp;e outros obxectos e publicaci\u00f3ns relacionados coa obra de Akira Toriyama.<\/p>\n\n\n\n<p class=\"has-text-align-justify\">Por primeira vez, un personaxe de c\u00f3mic dun autor galego \u2014Gaspari\u00f1o de Xaqu\u00edn Mar\u00edn\u2014 s\u00famase \u00e1 colecci\u00f3n de figuras que visten a cidade da Coru\u00f1a durante a celebraci\u00f3n do Vi\u00f1etas; unha colecci\u00f3n que neste 2024 recupera, tam\u00e9n, a figura de Groucho, de Ventura &amp; Nieto, tras o pasamento de Enrique Ventura, un dos grandes cl\u00e1sicos da revista&nbsp;<em>El Jueves.<\/em>&nbsp;Como outro dos fitos destacados, cabe mencionar, tam\u00e9n, que Fermin Muguruza presentar\u00e1 no marco de Vi\u00f1etas Show, no Teatro Col\u00f3n, o seu filme&nbsp;<em>Black is Beltza II: Ainhoa<\/em>, secuela do \u00e9xito&nbsp;<em>Black is Beltza<\/em>, primeira incursi\u00f3n do artista no cinema de animaci\u00f3n, que se presenta de novo acompa\u00f1ada da versi\u00f3n en banda dese\u00f1ada da historia, debuxada por Susanna Mart\u00edn.<\/p>\n\n\n\n<p><strong>M\u00c1IS INFORMACI\u00d3N&nbsp;<\/strong><\/p>\n\n\n\n<p><a href=\"https:\/\/www.vinetasdesdeoatlantico.com\" target=\"_blank\" rel=\"noreferrer noopener\">https:\/\/www.vinetasdesdeoatlantico.com<\/a><\/p>\n","protected":false},"excerpt":{"rendered":"<p>A cidade herculina mostra desde esta ma\u00f1\u00e1 os emblem\u00e1ticos personaxes do festival en lugares como os Xard\u00edns de M\u00e9ndez N\u00fa\u00f1ez, a Praza de Mar\u00eda Pita, o Obelisco ou o Kiosco [&hellip;]<\/p>\n","protected":false},"author":1,"featured_media":0,"comment_status":"open","ping_status":"open","sticky":false,"template":"","format":"standard","meta":{"_et_pb_use_builder":"","_et_pb_old_content":"","_et_gb_content_width":"","_jetpack_memberships_contains_paid_content":false,"footnotes":""},"categories":[23,7,129,6,57,1],"tags":[2441,2443,2442,2391,2162],"class_list":["post-16522","post","type-post","status-publish","format-standard","hentry","category-autoresas","category-creacion","category-literaria","category-novas","category-outras-artes","category-xeral","tag-kiosco-alfonso","tag-obelisco","tag-praza-de-maria-pita","tag-vinetas-desde-o-atlantico","tag-xardins-do-mendez-nunez"],"jetpack_featured_media_url":"","jetpack_sharing_enabled":true,"_links":{"self":[{"href":"http:\/\/culturaliagz.com\/index.php?rest_route=\/wp\/v2\/posts\/16522","targetHints":{"allow":["GET"]}}],"collection":[{"href":"http:\/\/culturaliagz.com\/index.php?rest_route=\/wp\/v2\/posts"}],"about":[{"href":"http:\/\/culturaliagz.com\/index.php?rest_route=\/wp\/v2\/types\/post"}],"author":[{"embeddable":true,"href":"http:\/\/culturaliagz.com\/index.php?rest_route=\/wp\/v2\/users\/1"}],"replies":[{"embeddable":true,"href":"http:\/\/culturaliagz.com\/index.php?rest_route=%2Fwp%2Fv2%2Fcomments&post=16522"}],"version-history":[{"count":2,"href":"http:\/\/culturaliagz.com\/index.php?rest_route=\/wp\/v2\/posts\/16522\/revisions"}],"predecessor-version":[{"id":16527,"href":"http:\/\/culturaliagz.com\/index.php?rest_route=\/wp\/v2\/posts\/16522\/revisions\/16527"}],"wp:attachment":[{"href":"http:\/\/culturaliagz.com\/index.php?rest_route=%2Fwp%2Fv2%2Fmedia&parent=16522"}],"wp:term":[{"taxonomy":"category","embeddable":true,"href":"http:\/\/culturaliagz.com\/index.php?rest_route=%2Fwp%2Fv2%2Fcategories&post=16522"},{"taxonomy":"post_tag","embeddable":true,"href":"http:\/\/culturaliagz.com\/index.php?rest_route=%2Fwp%2Fv2%2Ftags&post=16522"}],"curies":[{"name":"wp","href":"https:\/\/api.w.org\/{rel}","templated":true}]}}