{"id":16512,"date":"2024-08-07T23:39:33","date_gmt":"2024-08-07T22:39:33","guid":{"rendered":"http:\/\/culturaliagz.com\/?p=16512"},"modified":"2024-08-07T23:39:36","modified_gmt":"2024-08-07T22:39:36","slug":"as-arpistas-mais-novas-de-galicia-abren-mana-8-de-agosto-a-11a-edicion-do-noia-harp-fest","status":"publish","type":"post","link":"http:\/\/culturaliagz.com\/?p=16512","title":{"rendered":"As arpistas m\u00e1is novas de Galicia abren ma\u00f1\u00e1, 8 de agosto, a 11\u00aa edici\u00f3n do Noia Harp Fest"},"content":{"rendered":"\n<p><\/p>\n\n\n<div class=\"wp-block-image\">\n<figure class=\"aligncenter size-large\"><a href=\"http:\/\/culturaliagz.com\/wp-content\/uploads\/2024\/08\/20230803-Noia-Harp-Fest-Encontro-alumnado-de-arpa-27.jpg\" target=\"_blank\" rel=\"noreferrer noopener\"><img loading=\"lazy\" decoding=\"async\" width=\"1024\" height=\"683\" src=\"http:\/\/culturaliagz.com\/wp-content\/uploads\/2024\/08\/20230803-Noia-Harp-Fest-Encontro-alumnado-de-arpa-27-1024x683.jpg\" alt=\"\" class=\"wp-image-16513\" srcset=\"http:\/\/culturaliagz.com\/wp-content\/uploads\/2024\/08\/20230803-Noia-Harp-Fest-Encontro-alumnado-de-arpa-27-980x654.jpg 980w, http:\/\/culturaliagz.com\/wp-content\/uploads\/2024\/08\/20230803-Noia-Harp-Fest-Encontro-alumnado-de-arpa-27-480x320.jpg 480w\" sizes=\"auto, (min-width: 0px) and (max-width: 480px) 480px, (min-width: 481px) and (max-width: 980px) 980px, (min-width: 981px) 1024px, 100vw\" \/><\/a><\/figure>\n<\/div>\n\n\n<p><\/p>\n\n\n\n<p><\/p>\n\n\n\n<p class=\"has-text-align-justify\"><strong>O Liceo de Noia acoller\u00e1 desde as 10.30 horas o III Encontro das Escolas de Arpa de Galicia, que contar\u00e1 coa participaci\u00f3n do alumnado de cinco centros,e que culminar\u00e1 cun concerto colectivo a partir das 13.30 horas<br><br>O Festival Internacional de Arpa Vila de Noia ofrecer\u00e1, at\u00e9 o s\u00e1bado 10 de agosto, diversos concertos de m\u00fasica cl\u00e1sica, folk, experimental e jazz en seis escenarios diferentes da localidade coru\u00f1esa <\/strong><strong><br><br><br><\/strong><\/p>\n\n\n\n<p class=\"has-text-align-justify\">O co\u00f1ecido como Noia Harp Fest, o \u00fanico evento do noroeste peninsular dedicado \u00e1 interpretaci\u00f3n musical a trav\u00e9s da arpa, comeza este xoves, 8 de agosto, a s\u00faa 11\u00aa edici\u00f3n. O evento arrancar\u00e1, por terceiro ano consecutivo, coa celebraci\u00f3n do <strong>Encontro do Alumnado das Escolas de Arpa de Galicia<\/strong>, unha proposta coa que o festival procura estimular a relaci\u00f3n e crear unidade entre as e os instrumentistas m\u00e1is novos do pa\u00eds, e que nesta ocasi\u00f3n proceden da ETRAD de Vigo, da Escola Municipal de M\u00fasica de Santiago, do Conservatorio das Artes Mayeusis (Vigo), da Barreiro Arpa Escola (Vigo) e do Conservatorio de Torroso (Mos).\u00a0<\/p>\n\n\n\n<p class=\"has-text-align-justify\">As\u00ed, un total de <strong>23 nenas e nenos de distintas localidades galegas<\/strong> ensaiar\u00e1n e compartir\u00e1n os seus co\u00f1ecementos, acompa\u00f1ados por membros da Asociaci\u00f3n Noia Harp Fest, desde as 10.30 horas da ma\u00f1\u00e1 no Liceo de Noia. As probas culminar\u00e1n nun concerto colectivo que ter\u00e1 lugar <strong>este xoves, 8 de agosto, <\/strong>\u00e1s 13.00 horas, no mesmo Liceo e, como peche do recital, as e os estudantes interpretar\u00e1n un tema en com\u00fan. O acceso \u00e1 dita actuaci\u00f3n ser\u00e1 <strong>de balde para o p\u00fablico<\/strong>.&nbsp;<\/p>\n\n\n\n<p class=\"has-text-align-justify\">Xa en horario de tarde, as d\u00faas ducias de estudantes de arpa de Galicia que participar\u00e1n neste III Encontro poder\u00e1n gozar dunha sesi\u00f3n de <strong>navegaci\u00f3n en embarcaci\u00f3ns tradicionais e convivencia n\u00e1utica<\/strong> pola<strong> R\u00eda de Muros-Noia<\/strong>, tam\u00e9n co\u00f1ecida como R\u00eda da Estrela, en colaboraci\u00f3n coas asociaci\u00f3ns Balandro Joaqu\u00edn Vieta e Terra de Outes.<br><br>Finalmente, a xornada inaugural deste 11\u00ba Festival Internacional de Arpa Vila de Noia pecharase \u00e1s 20.00 horas cunha <strong>Foliada de benvida ao Noia Harp Fest,<\/strong> que se celebra por vez primeira a ceo aberto na R\u00faa do Curro -que se estrea, \u00e1 vez, como sede do evento-. Na fol\u00eda participar\u00e1n <strong>Iv\u00e1n Garc\u00eda, Nuria de Le\u00f3n<\/strong> co seu grupo e arpistas de <strong>SonDeSeu<\/strong>; e o baile final chegar\u00e1 da man da banda do NHF.<\/p>\n\n\n\n<p><\/p>\n\n\n\n<p><\/p>\n\n\n<div class=\"wp-block-image\">\n<figure class=\"aligncenter size-large\"><a href=\"http:\/\/culturaliagz.com\/wp-content\/uploads\/2024\/08\/20230803-Noia-Harp-Fest-Encontro-alumnado-de-arpa-11.jpg\" target=\"_blank\" rel=\"noreferrer noopener\"><img loading=\"lazy\" decoding=\"async\" width=\"1024\" height=\"683\" src=\"http:\/\/culturaliagz.com\/wp-content\/uploads\/2024\/08\/20230803-Noia-Harp-Fest-Encontro-alumnado-de-arpa-11-1024x683.jpg\" alt=\"\" class=\"wp-image-16514\" srcset=\"http:\/\/culturaliagz.com\/wp-content\/uploads\/2024\/08\/20230803-Noia-Harp-Fest-Encontro-alumnado-de-arpa-11-980x653.jpg 980w, http:\/\/culturaliagz.com\/wp-content\/uploads\/2024\/08\/20230803-Noia-Harp-Fest-Encontro-alumnado-de-arpa-11-480x320.jpg 480w\" sizes=\"auto, (min-width: 0px) and (max-width: 480px) 480px, (min-width: 481px) and (max-width: 980px) 980px, (min-width: 981px) 1024px, 100vw\" \/><\/a><\/figure>\n<\/div>\n\n\n<p><\/p>\n\n\n\n<p><\/p>\n\n\n\n<p class=\"has-text-align-justify\"><strong>NOIA HARP FEST<\/strong><\/p>\n\n\n\n<p class=\"has-text-align-justify\">O Noia Harp Fest celebra a s\u00faa 11\u00aa edici\u00f3n do 8 do ao 10 de agosto. Tr\u00e1tase\u00a0 do \u00fanico evento cultural do noroeste peninsular que ten como eixo vertebrador interpretaci\u00f3n musical a trav\u00e9s da arpa. Bandas e solistas chegadas de <strong>Alema\u00f1a, Escocia, Francia, Senegal e Ucra\u00edna<\/strong>, ademais do talento local, forman parte dun cartel ateigado de talento e <strong>pluralidade estil\u00edstica<\/strong>.\u00a0<\/p>\n\n\n\n<p class=\"has-text-align-justify\">O <strong>Noia Harp Fest<\/strong>, codirixido por<strong> Rodrigo Roman\u00ed, Beatriz Mart\u00ednez e Alba Barreiro<\/strong>, e que conta co apoio do Concello de Noia, da Xunta de Galicia a trav\u00e9s da Axencia Turismo de Galicia e da Deputaci\u00f3n da Coru\u00f1a, ten neste 2024 seis escenarios: a Igrexa Museo de Santa Mar\u00eda A Nova, o Teatro Coliseo Noela, o Liceo de Noia, a Praza do Tapal, o Claustro de San Francisco e a R\u00faa do Curro. Toda a informaci\u00f3n sobre as bandas, solistas e horarios dos concertos p\u00f3dese consultar en <a href=\"http:\/\/www.noiaharpfest.gal\/\" target=\"_blank\" rel=\"noreferrer noopener\">www.noiaharpfest.gal<\/a>.\u00a0<\/p>\n\n\n\n<p><strong>AXENDA NHF<\/strong> | 8 DE AGOSTO<br><br><strong>10.30h <\/strong>&#8211; Liceo de Noia | Inicio do III Encontro das Escolas de Arpa de Galicia.&nbsp;<\/p>\n\n\n\n<p><strong>13.30h<\/strong> &#8211; Liceo de Noia | Concerto colectivo do alumnado das Escolas de Arpa de Galicia.<\/p>\n\n\n\n<p><strong>20.00h<\/strong> &#8211; R\u00faa do Curro | Foliada de benvida ao 11\u00ba Noia Harp Fest.<\/p>\n\n\n\n<p><\/p>\n\n\n<a href=\"http:\/\/culturaliagz.com\/wp-content\/uploads\/2024\/08\/20240807-NHF-Axenda-xoves-8.pdf\" class=\"pdfemb-viewer\" style=\"\" data-width=\"max\" data-height=\"max\" data-toolbar=\"bottom\" data-toolbar-fixed=\"off\">20240807-NHF-Axenda-xoves-8<\/a>\n<p class=\"wp-block-pdfemb-pdf-embedder-viewer\"><\/p>\n","protected":false},"excerpt":{"rendered":"<p>O Liceo de Noia acoller\u00e1 desde as 10.30 horas o III Encontro das Escolas de Arpa de Galicia, que contar\u00e1 coa participaci\u00f3n do alumnado de cinco centros,e que culminar\u00e1 cun [&hellip;]<\/p>\n","protected":false},"author":1,"featured_media":0,"comment_status":"open","ping_status":"open","sticky":false,"template":"","format":"standard","meta":{"_et_pb_use_builder":"","_et_pb_old_content":"","_et_gb_content_width":"","_jetpack_memberships_contains_paid_content":false,"footnotes":""},"categories":[23,7,6,57,1],"tags":[2437,2438,1155],"class_list":["post-16512","post","type-post","status-publish","format-standard","hentry","category-autoresas","category-creacion","category-novas","category-outras-artes","category-xeral","tag-iii-encontro-das-escolas-de-arpa-de-galicia","tag-liceo-de-noia","tag-noia-harp-fest"],"jetpack_featured_media_url":"","jetpack_sharing_enabled":true,"_links":{"self":[{"href":"http:\/\/culturaliagz.com\/index.php?rest_route=\/wp\/v2\/posts\/16512","targetHints":{"allow":["GET"]}}],"collection":[{"href":"http:\/\/culturaliagz.com\/index.php?rest_route=\/wp\/v2\/posts"}],"about":[{"href":"http:\/\/culturaliagz.com\/index.php?rest_route=\/wp\/v2\/types\/post"}],"author":[{"embeddable":true,"href":"http:\/\/culturaliagz.com\/index.php?rest_route=\/wp\/v2\/users\/1"}],"replies":[{"embeddable":true,"href":"http:\/\/culturaliagz.com\/index.php?rest_route=%2Fwp%2Fv2%2Fcomments&post=16512"}],"version-history":[{"count":1,"href":"http:\/\/culturaliagz.com\/index.php?rest_route=\/wp\/v2\/posts\/16512\/revisions"}],"predecessor-version":[{"id":16516,"href":"http:\/\/culturaliagz.com\/index.php?rest_route=\/wp\/v2\/posts\/16512\/revisions\/16516"}],"wp:attachment":[{"href":"http:\/\/culturaliagz.com\/index.php?rest_route=%2Fwp%2Fv2%2Fmedia&parent=16512"}],"wp:term":[{"taxonomy":"category","embeddable":true,"href":"http:\/\/culturaliagz.com\/index.php?rest_route=%2Fwp%2Fv2%2Fcategories&post=16512"},{"taxonomy":"post_tag","embeddable":true,"href":"http:\/\/culturaliagz.com\/index.php?rest_route=%2Fwp%2Fv2%2Ftags&post=16512"}],"curies":[{"name":"wp","href":"https:\/\/api.w.org\/{rel}","templated":true}]}}