{"id":16470,"date":"2024-08-02T23:14:48","date_gmt":"2024-08-02T22:14:48","guid":{"rendered":"http:\/\/culturaliagz.com\/?p=16470"},"modified":"2024-08-02T23:14:51","modified_gmt":"2024-08-02T22:14:51","slug":"o-salon-teatro-do-cdg-de-santiago-de-compostela-acolle-este-sabado-a-mostra-aberta-da-residencia-paraiso-de-ana-cotore","status":"publish","type":"post","link":"http:\/\/culturaliagz.com\/?p=16470","title":{"rendered":"O Sal\u00f3n Teatro do CDG de Santiago de Compostela acolle este s\u00e1bado a mostra aberta da \u2018Residencia Para\u00edso\u2019 de Ana Cotor\u00e9"},"content":{"rendered":"\n<p><\/p>\n\n\n<div class=\"wp-block-image\">\n<figure class=\"aligncenter size-full is-resized\"><a href=\"http:\/\/culturaliagz.com\/wp-content\/uploads\/2024\/08\/Ana_Cotore-1.jpg\" target=\"_blank\" rel=\"noreferrer noopener\"><img loading=\"lazy\" decoding=\"async\" width=\"480\" height=\"480\" src=\"http:\/\/culturaliagz.com\/wp-content\/uploads\/2024\/08\/Ana_Cotore-1.jpg\" alt=\"\" class=\"wp-image-16471\" style=\"width:608px;height:auto\" srcset=\"http:\/\/culturaliagz.com\/wp-content\/uploads\/2024\/08\/Ana_Cotore-1.jpg 480w, http:\/\/culturaliagz.com\/wp-content\/uploads\/2024\/08\/Ana_Cotore-1-300x300.jpg 300w, http:\/\/culturaliagz.com\/wp-content\/uploads\/2024\/08\/Ana_Cotore-1-150x150.jpg 150w\" sizes=\"auto, (max-width: 480px) 100vw, 480px\" \/><\/a><\/figure>\n<\/div>\n\n\n<p><\/p>\n\n\n\n<p><\/p>\n\n\n\n<p class=\"has-text-align-justify\"><strong>No marco da oitava edici\u00f3n das Residencias Para\u00edso, impulsadas polo Colectivo RPM, a creadora, bailarina, int\u00e9rprete e pedagoga est\u00e1 a traballar en Compostela desde o pasado 15 de xullo no seu proxecto \u2018No necesito un nombre para ser mascota\u2019, coa sa\u00fade mental como foco de atenci\u00f3n<\/strong><\/p>\n\n\n\n<p class=\"has-text-align-justify\"><strong>Tras finalizar a estad\u00eda da s\u00faa residencia art\u00edstica, Ana Cotor\u00e9 ofrecer\u00e1 este s\u00e1bado, 3 de agosto, \u00e1s 20.00h, con entrada libre, unha mostra aberta do seu traballo en proceso no Sal\u00f3n Teatro do Centro Dram\u00e1tico Galego<\/strong><\/p>\n\n\n\n<p class=\"has-text-align-justify\"><strong>Residencias Para\u00edso \u00e9 un proxecto impulsado polo colectivo RPM que conta co financiamento da Xunta de Galicia, a trav\u00e9s da Axencia Galega das Industrias Culturais, e das distintas instituci\u00f3ns coprodutoras do programa: \u00c1rea de Cultura, Turismo e Promoci\u00f3n da Lingua do Concello de Lugo, Concello de Pontevedra, Concello de Vimianzo, Concello de Carballo, Concello de Ribadavia e Fundaci\u00f3n Cidade da Cultura de Galicia<\/strong><\/p>\n\n\n\n<p><\/p>\n\n\n\n<p class=\"has-text-align-justify\">O pasado 15 de xullo, a artista <strong>Ana Cotor\u00e9<\/strong> iniciaba a s\u00faa andaina na oitava edici\u00f3n das Residencias Para\u00edso 2024, un programa anual de residencias art\u00edsticas para a danza e as artes vivas pioneiro no noso territorio, promovido polo Colectivo RPM. E o fac\u00eda na <strong>Cidade da Cultura e no Sal\u00f3n Teatro<\/strong> de Santiago de Compostela, en torno \u00e1 proposta da creadora que ten por t\u00edtulo <strong><em>No necesito un nombre para ser mascota<\/em><\/strong>, unha investigaci\u00f3n atravesada polo corpo, o texto e a danza, que parte dunha experiencia autobiogr\u00e1fica para po\u00f1er o foco de atenci\u00f3n na problem\u00e1tica da sa\u00fade mental.<\/p>\n\n\n\n<p class=\"has-text-align-justify\">Agora, este s\u00e1bado, 3 de agosto, \u00e1s 20.00h, <strong>Ana Cotor\u00e9<\/strong> ofrecer\u00e1 unha <strong>mostra aberta do seu traballo en proceso<\/strong>, que ter\u00e1 lugar, tam\u00e9n, no Sal\u00f3n Teatro do Centro Dram\u00e1tico Galego de Santiago de Compostela, con entrada libre ata completar a capacidade da sala.<\/p>\n\n\n\n<p><strong>SOBRE O PROXECTO<\/strong><\/p>\n\n\n\n<p class=\"has-text-align-justify\"><em>No necesito un nombre para ser mascota<\/em> \u00e9 un proxecto no que <strong>Ana Cotor\u00e9<\/strong> aborda os conceptos de domesticaci\u00f3n e cansazo dentro do sistema capitalista, en xeral, e do sistema da arte, en particular, coa sa\u00fade mental como foco de atenci\u00f3n. Esta investigaci\u00f3n atravesada polo corpo, o texto e a danza v\u00e9n acompa\u00f1ada do iluminador Victor Long\u00e1s e conta coa mirada externa de \u00c1lvaro Murillo.<\/p>\n\n\n\n<p class=\"has-text-align-justify\"><strong><em>No necesito un nombre para ser mascota<\/em><\/strong> parte dunha experiencia autobiogr\u00e1fica para desenvolver unha proposta esc\u00e9nica na que conectar con todo aquilo que nos fai reestruturarnos cando algo externo irrompe e prov\u00f3canos un derrubamento vital.<\/p>\n\n\n\n<p><strong>SOBRE A ARTISTA<\/strong><\/p>\n\n\n\n<p class=\"has-text-align-justify\">Ana Cotor\u00e9 \u00e9 bailarina, int\u00e9rprete, creadora e pedagoga nada en Zaragoza. \u00c9 licenciada en Psicolog\u00eda e graduada en Educaci\u00f3n Social, disciplinas que influ\u00edron profundamente na s\u00faa investigaci\u00f3n do movemento e na s\u00faa traxectoria art\u00edstica.<\/p>\n\n\n\n<p class=\"has-text-align-justify\">Como bailarina, actriz e int\u00e9rprete, actualmente traballa en Madrid con Marina Otero na obra <em>Kill Me<\/em>, e participou no elenco da Compa\u00f1\u00eda Matarile Teatro nas obras <em>Daimon y la jodida l\u00f3gica<\/em> e en <em>Inloca<\/em>. Desde 2017 traballa coa Compagnia Movimento Danza de Gabriella Stazio (N\u00e1poles, Italia). Participou, tam\u00e9n, en diferentes proxectos de danza-teatro, un deles coa compa\u00f1\u00eda Connecting Fingers Company. Cotor\u00e9 adoita colaborar na creaci\u00f3n e supervisi\u00f3n coreogr\u00e1fica para traballos doutros profesionais das artes esc\u00e9nicas e recentemente traballou como core\u00f3grafa e na pel\u00edcula documental <em>When I Dance<\/em> (Berl\u00edn, Alema\u00f1a).<\/p>\n\n\n\n<p class=\"has-text-align-justify\">Como autora e creadora das s\u00faas propias pezas participou en diferentes festivais en Espa\u00f1a e no estranxeiro coas pezas <em>R\u00e9quiem por un cuerpo I<\/em>, <em>R\u00e9quiem por un cuerpo II<\/em>, <em>Takotsubo<\/em> e <em>Stage Diving<\/em>, entre outras, tanto en salas como en espazos non convencionais.\u00a0<\/p>\n\n\n\n<p><strong>M\u00c1IS INFORMACI\u00d3N SOBRE AS RESIDENCIAS PARA\u00cdSO<\/strong><\/p>\n\n\n\n<p class=\"has-text-align-justify\">Promovido polo <strong>Colectivo RPM<\/strong> \u2013entidade independente dedicada ao impulso da danza e a creaci\u00f3n contempor\u00e1nea en Galicia\u2013, o programa <strong>Residencias Para\u00edso 2024<\/strong> dir\u00edxese a artistas de Galicia, Espa\u00f1a e Portugal, con maior ou menor traxectoria, que precisen recollerse de forma intensiva arredor dun proxecto de investigaci\u00f3n ou creaci\u00f3n durante d\u00faas ou tres semanas. A iniciativa conta cun importe total de 22.000\u20ac e, neste 2024, acoller\u00e1 9 propostas en residencia \u2013cunha dotaci\u00f3n econ\u00f3mica de entre 1.500 e 3.000\u20ac (impostos inclu\u00eddos) cada unha\u2013 para favorecer as distintas fases do proxecto art\u00edstico seleccionado, desde a investigaci\u00f3n, a escritura, o traballo dramat\u00farxico, a creaci\u00f3n coreogr\u00e1fica ou, tam\u00e9n, as residencias de car\u00e1cter t\u00e9cnico.<\/p>\n\n\n\n<p class=\"has-text-align-justify\">Neste 2024, as residencias art\u00edsticas desenvolvense entre abril e outubro no Pazo da Cultura de Nar\u00f3n, o Pazo da Cultura de Carballo, a Casa da Cultura de Vimianzo, o Vello C\u00e1rcere de Lugo, a Cidade da Cultura de Santiago de Compostela, o Sal\u00f3n Teatro do Centro Dram\u00e1tico Galego, o Pazo da Cultura de Pontevedra e a Igrexa da Madalena de Ribadavia. Paralelamente, as e os artistas residentes seleccionadas e seleccionados participar\u00e1n nun encontro anual promovido polo Colectivo RPM que ter\u00e1 lugar os d\u00edas 20, 21 e 22 de setembro na Illa de San Sim\u00f3n. Entre os 203 proxectos recibidos na actual convocatoria das residencias, o Colectivo RPM seleccionou a Sergio Marey, Fran Rodr\u00edguez &amp; Brais Pombo, Ana Cotor\u00e9, Desgarradura, Noela Covelo Velasco &amp; \u00c9lise Moreau, Cris Balboa, Lucas Damiani, Jos\u00e9 Ram\u00f3n Hern\u00e1ndez \/ Osik\u00e1n &#8211; vivero de creaci\u00f3n e Furia Sotelo como \u2018Artistas Para\u00edso 2024\u2019.<\/p>\n\n\n\n<p class=\"has-text-align-justify\">Residencias Para\u00edso vai na procura de artistas de danza e artes vivas preocupadas e ocupadas polas derivas do seu tempo. Pretende fomentar a aparici\u00f3n de novos proxectos de investigaci\u00f3n e creaci\u00f3n arredor das novas linguaxes contempor\u00e1neas, alimentando o campo de acci\u00f3n da comunidade art\u00edstica do noso territorio, tanto a que xa existe como a que est\u00e1 por chegar. Normalizar o concepto de residencia art\u00edstica resulta fundamental para o presente e o futuro das pol\u00edticas culturais en Galicia, porque significa atender e respectar o espazo e o tempo dedicado \u00e1 investigaci\u00f3n art\u00edstica, o verdadeiro xerme de todo o que vir\u00e1.<\/p>\n\n\n\n<p class=\"has-text-align-justify\">O maior valor de Residencias Para\u00edso \u00e9 que sucede grazas a unha rede que atravesa de norte a sur o noso territorio a trav\u00e9s da colaboraci\u00f3n de espazos de distinta natureza, desde teatros ou centros culturais at\u00e9 espazos non convencionais. O exercicio de di\u00e1logo entre todas as partes (impulsores, coprodutores e espazos c\u00f3mplices), dota dunha identidade singular ao programa. Ao longo da s\u00faa historia, nas Residencias Para\u00edso participaron artistas e colectivos como Brigitte Vasallo, Clara Pampyn, Lu\u00edsa Saraiva, Fernando Epelde, Marcia V\u00e1zquez, Natalia Fernandes, Hermanas Gestring, Diego Anido, Compa\u00f1\u00eda Elahood, Andrea Quintana, Alejandra Balboa, Mar\u00eda Roja ou Laila Tafur, entre moitas outras.<\/p>\n\n\n\n<p class=\"has-text-align-justify\">Residencias Para\u00edso \u00e9 un proxecto interinstitucional do Colectivo RPM en colaboraci\u00f3n coa Xunta de Galicia, a trav\u00e9s da Axencia Galega de Industrias Culturais. Est\u00e1 coproducido pola \u00c1rea de Cultura, Turismo e Promoci\u00f3n da Lingua do Concello de Lugo, o Concello de Pontevedra, o Concello de Vimianzo, o Concello de Carballo, o Concello de Ribadavia e a Fundaci\u00f3n Cidade da Cultura de Galicia. E conta cola colaboraci\u00f3n do Centro Dram\u00e1tico Galego, O Vello C\u00e1rcere de Lugo, o FIOT \u2013 Festival Internacional Outono de Teatro de Carballo, o Pazo da Cultura de Nar\u00f3n e o Padroado da Cultura do Concello de Nar\u00f3n.<\/p>\n\n\n\n<p><strong>SOBRE O COLECTIVO RPM<\/strong><\/p>\n\n\n\n<p class=\"has-text-align-justify\"><strong>Colectivo RPM<\/strong> \u00e9 un colectivo de artistas vencellados \u00e1 danza e \u00e1s artes vivas que imaxina, dese\u00f1a e acompa\u00f1a proxectos contextuais desde Galicia. Mante\u00f1e un claro compromiso polo di\u00e1logo interinstitucional e co impulso de iniciativas ao redor da creaci\u00f3n contempor\u00e1nea, a investigaci\u00f3n e a visibilidade da comunidade art\u00edstica da danza e as artes vivas. Ademais do acompa\u00f1amento de artistas e procesos, o colectivo tam\u00e9n xera di\u00e1logos e acci\u00f3ns coas comunidades locais para achegar a pr\u00e1ctica art\u00edstica \u00e1 cidadan\u00eda. Dentro das li\u00f1as de acci\u00f3n do Colectivo RPM destaca o programa Residencias Para\u00edso -constru\u00eddo cunha rede de teatros e espazos c\u00f3mplices en Galicia- que lanza unha convocatoria anual para acoller en residencia a distintos artistas ao longo do ano, despregando unha serie de programaci\u00f3ns expandidas abertas ao p\u00fablico. Este programa est\u00e9ndese f\u00f3ra de Galicia na li\u00f1a Cruceiros Para\u00edso que posibilita abrir li\u00f1as de colaboraci\u00f3n con outros espazos estatais e internacionais.<\/p>\n\n\n\n<p><strong>M\u00c1IS INFORMACI\u00d3N:<\/strong><\/p>\n\n\n\n<p><a href=\"https:\/\/www.colectivorpm.gal\/\">https:\/\/www.colectivorpm.gal\/<\/a><\/p>\n\n\n\n<p><\/p>\n\n\n<a href=\"http:\/\/culturaliagz.com\/wp-content\/uploads\/2024\/08\/2024.08.02.-NP-Mostra-Residencia-Paraiso-Ana-Cotore.pdf\" class=\"pdfemb-viewer\" style=\"\" data-width=\"max\" data-height=\"max\" data-toolbar=\"bottom\" data-toolbar-fixed=\"off\">2024.08.02.-NP-Mostra-Residencia-Paraiso-Ana-Cotore<\/a>\n<p class=\"wp-block-pdfemb-pdf-embedder-viewer\"><\/p>\n","protected":false},"excerpt":{"rendered":"<p>No marco da oitava edici\u00f3n das Residencias Para\u00edso, impulsadas polo Colectivo RPM, a creadora, bailarina, int\u00e9rprete e pedagoga est\u00e1 a traballar en Compostela desde o pasado 15 de xullo no [&hellip;]<\/p>\n","protected":false},"author":1,"featured_media":0,"comment_status":"open","ping_status":"open","sticky":false,"template":"","format":"standard","meta":{"_et_pb_use_builder":"","_et_pb_old_content":"","_et_gb_content_width":"","_jetpack_memberships_contains_paid_content":false,"footnotes":""},"categories":[23,7,6,57,1],"tags":[2428,1712,2135,2136,1823],"class_list":["post-16470","post","type-post","status-publish","format-standard","hentry","category-autoresas","category-creacion","category-novas","category-outras-artes","category-xeral","tag-ana-cotore","tag-centro-dramatico-galego","tag-colectivo-rpm","tag-residencias-paraiso-2024","tag-salon-teatro-de-santiago-de-compostela"],"jetpack_featured_media_url":"","jetpack_sharing_enabled":true,"_links":{"self":[{"href":"http:\/\/culturaliagz.com\/index.php?rest_route=\/wp\/v2\/posts\/16470","targetHints":{"allow":["GET"]}}],"collection":[{"href":"http:\/\/culturaliagz.com\/index.php?rest_route=\/wp\/v2\/posts"}],"about":[{"href":"http:\/\/culturaliagz.com\/index.php?rest_route=\/wp\/v2\/types\/post"}],"author":[{"embeddable":true,"href":"http:\/\/culturaliagz.com\/index.php?rest_route=\/wp\/v2\/users\/1"}],"replies":[{"embeddable":true,"href":"http:\/\/culturaliagz.com\/index.php?rest_route=%2Fwp%2Fv2%2Fcomments&post=16470"}],"version-history":[{"count":1,"href":"http:\/\/culturaliagz.com\/index.php?rest_route=\/wp\/v2\/posts\/16470\/revisions"}],"predecessor-version":[{"id":16474,"href":"http:\/\/culturaliagz.com\/index.php?rest_route=\/wp\/v2\/posts\/16470\/revisions\/16474"}],"wp:attachment":[{"href":"http:\/\/culturaliagz.com\/index.php?rest_route=%2Fwp%2Fv2%2Fmedia&parent=16470"}],"wp:term":[{"taxonomy":"category","embeddable":true,"href":"http:\/\/culturaliagz.com\/index.php?rest_route=%2Fwp%2Fv2%2Fcategories&post=16470"},{"taxonomy":"post_tag","embeddable":true,"href":"http:\/\/culturaliagz.com\/index.php?rest_route=%2Fwp%2Fv2%2Ftags&post=16470"}],"curies":[{"name":"wp","href":"https:\/\/api.w.org\/{rel}","templated":true}]}}