{"id":16449,"date":"2024-08-02T00:50:39","date_gmt":"2024-08-01T23:50:39","guid":{"rendered":"http:\/\/culturaliagz.com\/?p=16449"},"modified":"2024-08-02T00:51:47","modified_gmt":"2024-08-01T23:51:47","slug":"o-festival-atlantica-duplica-a-asistencia-de-publico-na-sua-duodecima-edicion-con-dez-mil-espectadores","status":"publish","type":"post","link":"http:\/\/culturaliagz.com\/?p=16449","title":{"rendered":"O Festival Atl\u00e1ntica duplica a asistencia de p\u00fablico na s\u00faa duod\u00e9cima edici\u00f3n con dez mil espectadores"},"content":{"rendered":"\n<p><\/p>\n\n\n<div class=\"wp-block-image\">\n<figure class=\"aligncenter size-full\"><a href=\"http:\/\/culturaliagz.com\/wp-content\/uploads\/2024\/08\/Paco-Nogueiras-Museo-do-Pobo-Galego-Foto-Xaime-Cortizo.jpg\" target=\"_blank\" rel=\"noreferrer noopener\"><img loading=\"lazy\" decoding=\"async\" width=\"2048\" height=\"1365\" src=\"http:\/\/culturaliagz.com\/wp-content\/uploads\/2024\/08\/Paco-Nogueiras-Museo-do-Pobo-Galego-Foto-Xaime-Cortizo.jpg\" alt=\"\" class=\"wp-image-16450\" srcset=\"http:\/\/culturaliagz.com\/wp-content\/uploads\/2024\/08\/Paco-Nogueiras-Museo-do-Pobo-Galego-Foto-Xaime-Cortizo.jpg 2048w, http:\/\/culturaliagz.com\/wp-content\/uploads\/2024\/08\/Paco-Nogueiras-Museo-do-Pobo-Galego-Foto-Xaime-Cortizo-1280x853.jpg 1280w, http:\/\/culturaliagz.com\/wp-content\/uploads\/2024\/08\/Paco-Nogueiras-Museo-do-Pobo-Galego-Foto-Xaime-Cortizo-980x653.jpg 980w, http:\/\/culturaliagz.com\/wp-content\/uploads\/2024\/08\/Paco-Nogueiras-Museo-do-Pobo-Galego-Foto-Xaime-Cortizo-480x320.jpg 480w\" sizes=\"auto, (min-width: 0px) and (max-width: 480px) 480px, (min-width: 481px) and (max-width: 980px) 980px, (min-width: 981px) and (max-width: 1280px) 1280px, (min-width: 1281px) 2048px, 100vw\" \/><\/a><\/figure>\n<\/div>\n\n\n<p><\/p>\n\n\n\n<p><\/p>\n\n\n\n<p class=\"has-text-align-justify\"><strong>O festival celebrou a s\u00faa cuarta edici\u00f3n de ver\u00e1n con m\u00e1is de cen espect\u00e1culos repartidos por 25 concellos galegos e 5 fregues\u00edas portuguesas<\/strong><\/p>\n\n\n\n<p class=\"has-text-align-justify\"><strong>O p\u00fablico encheu os espazos e duplicou o n\u00famero habitual en moitas sedes<\/strong><\/p>\n\n\n\n<p class=\"has-text-align-justify\"><strong>Os roteiros narrados esgotaron en poucos minutos as s\u00faas prazas e percorreron unha ducia de localidades<\/strong><\/p>\n\n\n\n<p class=\"has-text-align-justify\"><strong>A madurez do p\u00fablico permitiu a elaboraci\u00f3n dun programa m\u00e1is complexo e diverso que en anteriores edici\u00f3ns<\/strong><\/p>\n\n\n\n<p class=\"has-text-align-justify\"><strong>\u00c1s artistas femininas derrubaron a barreira de x\u00e9nero e completaron os seus aforos cada noite, amosando madurez e propostas singulares<\/strong><\/p>\n\n\n\n<p class=\"has-text-align-justify\"><strong>A organizaci\u00f3n planea xa a edici\u00f3n do 2025 co desaf\u00edo de manter a diversidade do p\u00fablico fiel e atraer novos espectadores<\/strong><br>&nbsp;<br><\/p>\n\n\n\n<figure class=\"wp-block-gallery has-nested-images columns-default is-cropped wp-block-gallery-1 is-layout-flex wp-block-gallery-is-layout-flex\">\n<figure class=\"wp-block-image size-large\"><a href=\"http:\/\/culturaliagz.com\/wp-content\/uploads\/2024\/08\/Quico-cadaval-Caldas-de-Reis-Foto-Miguel-Muniz.jpg\" target=\"_blank\" rel=\"noreferrer noopener\"><img loading=\"lazy\" decoding=\"async\" width=\"1024\" height=\"683\" data-id=\"16451\" src=\"http:\/\/culturaliagz.com\/wp-content\/uploads\/2024\/08\/Quico-cadaval-Caldas-de-Reis-Foto-Miguel-Muniz-1024x683.jpg\" alt=\"\" class=\"wp-image-16451\" srcset=\"http:\/\/culturaliagz.com\/wp-content\/uploads\/2024\/08\/Quico-cadaval-Caldas-de-Reis-Foto-Miguel-Muniz-980x653.jpg 980w, http:\/\/culturaliagz.com\/wp-content\/uploads\/2024\/08\/Quico-cadaval-Caldas-de-Reis-Foto-Miguel-Muniz-480x320.jpg 480w\" sizes=\"auto, (min-width: 0px) and (max-width: 480px) 480px, (min-width: 481px) and (max-width: 980px) 980px, (min-width: 981px) 1024px, 100vw\" \/><\/a><\/figure>\n\n\n\n<figure class=\"wp-block-image size-large\"><a href=\"http:\/\/culturaliagz.com\/wp-content\/uploads\/2024\/08\/Su-Garrido-Pombo-A-Pobra-do-Caraminal-Foto-Adrian-Gonzalez.jpg\" target=\"_blank\" rel=\"noreferrer noopener\"><img loading=\"lazy\" decoding=\"async\" width=\"1024\" height=\"683\" data-id=\"16452\" src=\"http:\/\/culturaliagz.com\/wp-content\/uploads\/2024\/08\/Su-Garrido-Pombo-A-Pobra-do-Caraminal-Foto-Adrian-Gonzalez-1024x683.jpg\" alt=\"\" class=\"wp-image-16452\" srcset=\"http:\/\/culturaliagz.com\/wp-content\/uploads\/2024\/08\/Su-Garrido-Pombo-A-Pobra-do-Caraminal-Foto-Adrian-Gonzalez-980x654.jpg 980w, http:\/\/culturaliagz.com\/wp-content\/uploads\/2024\/08\/Su-Garrido-Pombo-A-Pobra-do-Caraminal-Foto-Adrian-Gonzalez-480x320.jpg 480w\" sizes=\"auto, (min-width: 0px) and (max-width: 480px) 480px, (min-width: 481px) and (max-width: 980px) 980px, (min-width: 981px) 1024px, 100vw\" \/><\/a><\/figure>\n\n\n\n<figure class=\"wp-block-image size-large\"><a href=\"http:\/\/culturaliagz.com\/wp-content\/uploads\/2024\/08\/Yoshi-Hioki-CSC-Maruxa-Coralia-Foto-Xaime-Cortizo.jpg\" target=\"_blank\" rel=\"noreferrer noopener\"><img loading=\"lazy\" decoding=\"async\" width=\"1024\" height=\"683\" data-id=\"16453\" src=\"http:\/\/culturaliagz.com\/wp-content\/uploads\/2024\/08\/Yoshi-Hioki-CSC-Maruxa-Coralia-Foto-Xaime-Cortizo-1024x683.jpg\" alt=\"\" class=\"wp-image-16453\" srcset=\"http:\/\/culturaliagz.com\/wp-content\/uploads\/2024\/08\/Yoshi-Hioki-CSC-Maruxa-Coralia-Foto-Xaime-Cortizo-980x653.jpg 980w, http:\/\/culturaliagz.com\/wp-content\/uploads\/2024\/08\/Yoshi-Hioki-CSC-Maruxa-Coralia-Foto-Xaime-Cortizo-480x320.jpg 480w\" sizes=\"auto, (min-width: 0px) and (max-width: 480px) 480px, (min-width: 481px) and (max-width: 980px) 980px, (min-width: 981px) 1024px, 100vw\" \/><\/a><\/figure>\n<\/figure>\n\n\n\n<p><\/p>\n\n\n\n<p><\/p>\n\n\n\n<p class=\"has-text-align-justify\">Logo de nove d\u00edas de actividade, Atl\u00e1ntica v\u00e9n de pechar a s\u00faa duod\u00e9cima edici\u00f3n cun balance moi positivo. As cifras o conf\u00edrmano como o encontro exclusivo de narraci\u00f3n oral m\u00e1is importante destas caracter\u00edsticas na pen\u00ednsula ib\u00e9rica: un total de 10.022 espectadores nas 102 funci\u00f3ns de 55 espect\u00e1culos diferentes que 51 artistas levaron a 25 concellos de toda Galicia e 5 fregues\u00edas da Serra do Xur\u00e9s.<\/p>\n\n\n\n<p class=\"has-text-align-justify\">Desde a organizaci\u00f3n do Festival salientan a consolidaci\u00f3n da colaboraci\u00f3n con Portugal grazas \u00e1 coordinaci\u00f3n coa Asociaci\u00f3n polo Rural Vivo en sete sedes. O espazo compartido cultural e hist\u00f3rico da Raia foi o escollido para esta nova e frut\u00edfera andaina. Tam\u00e9n destacan o papel de Santiago de Compostela, sede principal, como a \u201ccapital cultural\u201d m\u00e1is rural, con actividades por parroquias e barrios da cidade. Outro aspecto favorable foron as boas condiciones meteorol\u00f3xicas que permitiron ao p\u00fablico, preto de 10.000 persoas, participar con ledicia de todas as actividades, acadando cifras importantes nun evento de espect\u00e1culos de moi pequeno formato.<\/p>\n\n\n\n<p class=\"has-text-align-justify\">Foi, ademais, unha edici\u00f3n marcada polo aumento da participaci\u00f3n e pola madurez do seu p\u00fablico. Atl\u00e1ntica ten un p\u00fablico diverso en idade, x\u00e9nero e intereses que acolleu con entusiasmo propostas dispares, dende o escura e desgarrada versi\u00f3n da literatura de Rulfo de Jaime Santos de La Chana Teatro, aos contos tradicionais portugueses acompa\u00f1ados da magn\u00edfica voz de soprano de Estef\u00e2nia Surreira, pasando pola l\u00edrica po\u00e9tica de Su Garrido Pombo, a potencia dos contos de Paula Carballeira, a sensualidade dos relatos do xapon\u00e9s Yoshi Hioki e a mestr\u00eda de Cadaval, Paz\u00f3, Celso F. Sanmart\u00edn e Don Guti. E como alicerce, as voces consolidadas do pa\u00eds: Vero Rilo, Cris de Caldas, Atenea Garc\u00eda, Mar\u00eda da Pontragha ou Dani Blanco, entre outras.<\/p>\n\n\n\n<p class=\"has-text-align-justify\">C\u00f3mpre tam\u00e9n salientar que o p\u00fablico rompeu a barreira de x\u00e9nero en canto a propostas de artistas femininas para adultos. Elas cantaron, bailaron, contaron e a platea, logo de anos de programar de xeito igualitario, respondeu enchendo os espazos.<\/p>\n\n\n\n<p class=\"has-text-align-justify\">A coordinaci\u00f3n cos diferentes campamentos de ver\u00e1n encheu \u00e1s programaci\u00f3ns para p\u00fablico infantil e familiar que contou con obras como a sorprendente <em>Blancanieves<\/em>, premio Max 2023 ao mellor espect\u00e1culo para p\u00fablico infantil, xuvenil e familiar, \u00e1s historias ecoloxistas de Inma Soto e Anxo Moure, o novo espect\u00e1culo de Pabl\u00edsimo e as incorporaci\u00f3ns de Inacio Vilari\u00f1o e Alba Berm\u00fadez \u00e1 n\u00f3mina de artistas habituais de Atl\u00e1ntica mi\u00fado encabezada por Raquel Queiz\u00e1s. Todo isto supuxo unha aposta forte polo p\u00fablico mi\u00fado que permitiu \u00e1 rapazada gozar en espazos verdes de propostas de calidade.<\/p>\n\n\n\n<p class=\"has-text-align-justify\">Al\u00e9n diso, o festival aproveitou para consolidar a idea dos espazos patrimoniais como escenarios axeitados para a narraci\u00f3n oral. Atl\u00e1ntica estivo dende a Serra do Xur\u00e9s ata a Mari\u00f1a Lucense, dende \u00e1s r\u00edas aos montes, po\u00f1endo en valor espazos de gran valor patrimonial, tanto cultural como natural, e defendendo a s\u00faa filosof\u00eda de descentralizar a cultura, levando espect\u00e1culos de nivel a cidades, vilas e aldeas sen distinci\u00f3n. A Torre dos Andrade en Vilalba, o claustro de San Domingo en Betanzos, o Pazo do Couto na Pobra, o Malec\u00f3n de Caldas, o Pozo do Conxeiro en Dodro e a Escola de Nenas de Teo sum\u00e1ronse aos xa cl\u00e1sicos espazos do Centro de Interpretaci\u00f3n de Caldoval de Mugardos, o Lavadoiro de Penisqueira de Ribeira, o Castelo de Castrodouro en Alfoz, a Colexiata de Sar, o CSC Maruxa Coralia, o Museo do Pobo Galego, etc.<\/p>\n\n\n\n<p class=\"has-text-align-justify\">Este ano as igrexas rom\u00e1nicas foron a gran incorporaci\u00f3n aos roteiros narrados e, grazas \u00e1 colaboraci\u00f3n das dioceses de Lugo e Compostela, o p\u00fablico celebrou os 800 anos de Vilar de Donas e descifrou a narrativa da Igrexa de Figueiras. Tam\u00e9n houbo andainas para co\u00f1ecer as historias das mulleres de Ferrol, a evoluci\u00f3n do casco urbano de Ourense, \u00e1s caracter\u00edsticas do Couto Mixto e os castros e petr\u00f3glifos compostel\u00e1ns.<\/p>\n\n\n\n<p class=\"has-text-align-justify\">A boa acollida do p\u00fablico e a rede de colaboraci\u00f3n tecida dende hai anos con asociaci\u00f3ns, colectivos, fundaci\u00f3ns, bibliotecas, concellos, etc. permitiu que Atl\u00e1ntica estivera por todo o pa\u00eds cunha organizaci\u00f3n impecable. Precisamente, o Festival ve nesta v\u00eda participativa o cami\u00f1o a seguir no futuro: unha Atl\u00e1ntica fortalecida polo tecido asociativo e as instituci\u00f3ns.<\/p>\n\n\n\n<p class=\"has-text-align-justify\">A organizaci\u00f3n de Atl\u00e1ntica xa est\u00e1 a traballar no encontro de 2025, a edici\u00f3n 12+1, coa responsabilidade de amosar unha programaci\u00f3n de alto nivel art\u00edstico que compaxine o arraigo no territorio coa proxecci\u00f3n internacional sen os seu car\u00e1cter igualitario e integradora.<\/p>\n\n\n\n<p><strong>Festival Atl\u00e1ntica<\/strong><\/p>\n\n\n\n<p class=\"has-text-align-justify\">Atl\u00e1ntica, Festival Internacional de Narraci\u00f3n Oral, naceu no ano 2013 con sede en Santiago de Compostela cunha clara vocaci\u00f3n de ser un encontro de voces e historias de perfil atlanticista. Mant\u00e9n o seu obxectivo de indagar nas ra\u00edces com\u00fans das historias do oc\u00e9ano, na procura da identidade cultural do Atl\u00e1ntico. Traballa a prol da posta en valor dunha arte esc\u00e9nica vinculada ao territorio, antiga pero adaptada aos tempos, e ampara, xera e difunde unha narrativa integradora, igualitaria e sostible.<\/p>\n\n\n\n<p class=\"has-text-align-justify\">O XII Festival Atl\u00e1ntica foi posible grazas ao patrocinio da Xunta de Galicia e da Deputaci\u00f3n da Coru\u00f1a e ao apoio dos concellos de Santiago de Compostela, Ferrol, Teo, Alfoz, Caldas de Reis, Dodro, Mugardos, Outes, A Pobra do Carami\u00f1al, Ribeira, Sanxenxo e Vilalba.<\/p>\n\n\n\n<p><strong>+INFO:<\/strong> <a href=\"http:\/\/festivalatlantica.gal\" target=\"_blank\" rel=\"noreferrer noopener\">http:\/\/festivalatlantica.gal<\/a><\/p>\n\n\n\n<p><\/p>\n\n\n<a href=\"http:\/\/culturaliagz.com\/wp-content\/uploads\/2024\/08\/20240730-NP-Balance-Festival-Atlantica.pdf\" class=\"pdfemb-viewer\" style=\"\" data-width=\"max\" data-height=\"max\" data-toolbar=\"bottom\" data-toolbar-fixed=\"off\">20240730-NP-Balance-Festival-Atlantica<\/a>\n<p class=\"wp-block-pdfemb-pdf-embedder-viewer\"><\/p>\n","protected":false},"excerpt":{"rendered":"<p>O festival celebrou a s\u00faa cuarta edici\u00f3n de ver\u00e1n con m\u00e1is de cen espect\u00e1culos repartidos por 25 concellos galegos e 5 fregues\u00edas portuguesas O p\u00fablico encheu os espazos e duplicou [&hellip;]<\/p>\n","protected":false},"author":1,"featured_media":0,"comment_status":"open","ping_status":"open","sticky":false,"template":"","format":"standard","meta":{"_et_pb_use_builder":"","_et_pb_old_content":"","_et_gb_content_width":"","_jetpack_memberships_contains_paid_content":false,"footnotes":""},"categories":[23,7,129,6,57,1],"tags":[629],"class_list":["post-16449","post","type-post","status-publish","format-standard","hentry","category-autoresas","category-creacion","category-literaria","category-novas","category-outras-artes","category-xeral","tag-festival-atlantica"],"jetpack_featured_media_url":"","jetpack_sharing_enabled":true,"_links":{"self":[{"href":"http:\/\/culturaliagz.com\/index.php?rest_route=\/wp\/v2\/posts\/16449","targetHints":{"allow":["GET"]}}],"collection":[{"href":"http:\/\/culturaliagz.com\/index.php?rest_route=\/wp\/v2\/posts"}],"about":[{"href":"http:\/\/culturaliagz.com\/index.php?rest_route=\/wp\/v2\/types\/post"}],"author":[{"embeddable":true,"href":"http:\/\/culturaliagz.com\/index.php?rest_route=\/wp\/v2\/users\/1"}],"replies":[{"embeddable":true,"href":"http:\/\/culturaliagz.com\/index.php?rest_route=%2Fwp%2Fv2%2Fcomments&post=16449"}],"version-history":[{"count":2,"href":"http:\/\/culturaliagz.com\/index.php?rest_route=\/wp\/v2\/posts\/16449\/revisions"}],"predecessor-version":[{"id":16456,"href":"http:\/\/culturaliagz.com\/index.php?rest_route=\/wp\/v2\/posts\/16449\/revisions\/16456"}],"wp:attachment":[{"href":"http:\/\/culturaliagz.com\/index.php?rest_route=%2Fwp%2Fv2%2Fmedia&parent=16449"}],"wp:term":[{"taxonomy":"category","embeddable":true,"href":"http:\/\/culturaliagz.com\/index.php?rest_route=%2Fwp%2Fv2%2Fcategories&post=16449"},{"taxonomy":"post_tag","embeddable":true,"href":"http:\/\/culturaliagz.com\/index.php?rest_route=%2Fwp%2Fv2%2Ftags&post=16449"}],"curies":[{"name":"wp","href":"https:\/\/api.w.org\/{rel}","templated":true}]}}