{"id":16386,"date":"2024-07-17T23:46:17","date_gmt":"2024-07-17T22:46:17","guid":{"rendered":"http:\/\/culturaliagz.com\/?p=16386"},"modified":"2024-07-18T00:11:24","modified_gmt":"2024-07-17T23:11:24","slug":"o-atlantic-pride-reuniu-mais-de-25-000-persoas-na-sua-5a-edicion","status":"publish","type":"post","link":"http:\/\/culturaliagz.com\/?p=16386","title":{"rendered":"O Atlantic Pride reuniu m\u00e1is de 25.000 persoas na s\u00faa 5\u00aa edici\u00f3n"},"content":{"rendered":"\n<p><\/p>\n\n\n<div class=\"wp-block-image\">\n<figure class=\"aligncenter size-large\"><a href=\"http:\/\/culturaliagz.com\/wp-content\/uploads\/2024\/07\/Atlantic-Pride_1-1-scaled.jpg\" target=\"_blank\" rel=\"noreferrer noopener\"><img loading=\"lazy\" decoding=\"async\" width=\"1024\" height=\"683\" src=\"http:\/\/culturaliagz.com\/wp-content\/uploads\/2024\/07\/Atlantic-Pride_1-1-1024x683.jpg\" alt=\"\" class=\"wp-image-16396\" srcset=\"http:\/\/culturaliagz.com\/wp-content\/uploads\/2024\/07\/Atlantic-Pride_1-1-980x654.jpg 980w, http:\/\/culturaliagz.com\/wp-content\/uploads\/2024\/07\/Atlantic-Pride_1-1-480x320.jpg 480w\" sizes=\"auto, (min-width: 0px) and (max-width: 480px) 480px, (min-width: 481px) and (max-width: 980px) 980px, (min-width: 981px) 1024px, 100vw\" \/><\/a><\/figure>\n<\/div>\n\n\n<p><\/p>\n\n\n\n<p class=\"has-text-align-justify\"><strong>O \u2018Orgullo do Norte\u2019 celebrado na Coru\u00f1a do 7 ao 14 de xullo pechou con \u00e9xito oito xornadas de concertos, da man de figuras como Vengaboys, Chanel, Nebulossa, Nena Daconte, Ra\u00fal, Rosa L\u00f3pez, Las Ketchup, Shego, Luna Ki, Morreo, Supremme de Luxe, Luc\u00eda P\u00e9rez, Mondra, Sila L\u00faa, Lontreira, Amoebo e ata m\u00e1is dunha trintena de bandas e artistas de referencia, pese a choiva que se viviu na cidade a pasada semana<\/strong><\/p>\n\n\n\n<p class=\"has-text-align-justify\"><strong>A cita consol\u00eddase como un referente dos \u2018Orgullos\u2019 que se celebran nesta \u00e9poca do ano ao longo da Pen\u00ednsula, como un espazo de celebraci\u00f3n aberto, seguro e diverso, que ga\u00f1a novos adeptos ano tras ano, e no que se re\u00fanen coloridas propostas para todos os p\u00fablicos<\/strong><\/p>\n\n\n\n<p class=\"has-text-align-justify\"><strong>No seu programa te\u00f1en tam\u00e9n cabida divertidas actuaci\u00f3ns de drags, pinchadas de djs de referencia da escena galega, sesi\u00f3ns \u2018After Party\u2019 e a celebraci\u00f3n dun Certame Literario de Literatura LGTBI+, que neste 2024 rexistrou o seu r\u00e9cord de participaci\u00f3n<\/strong><\/p>\n\n\n\n<p class=\"has-text-align-justify\"><strong>O Atlantic Pride \u00e9 un festival pioneiro, gratu\u00edto e inclusivo nacido na Coru\u00f1a no ano 2019, destinado a reivindicar a liberdade afectiva, sexual e de identidade dende unha perspectiva l\u00fadica e inclusiva, impulsado pola Asociaci\u00f3n Orgullo Coru\u00f1a -ORCO- e o Concello da Coru\u00f1a, que conta co apoio da Deputaci\u00f3n da Coru\u00f1a e o patrocinio principal de Estrella Galicia, Coru\u00f1a The Style Outlets e Globalgrafic<\/strong><\/p>\n\n\n\n<p><\/p>\n\n\n\n<figure class=\"wp-block-gallery has-nested-images columns-default is-cropped wp-block-gallery-1 is-layout-flex wp-block-gallery-is-layout-flex\">\n<figure class=\"wp-block-image size-large\"><a href=\"http:\/\/culturaliagz.com\/wp-content\/uploads\/2024\/07\/Atlantic-Pride_2-scaled.jpg\" target=\"_blank\" rel=\"noreferrer noopener\"><img loading=\"lazy\" decoding=\"async\" width=\"1024\" height=\"683\" data-id=\"16388\" src=\"http:\/\/culturaliagz.com\/wp-content\/uploads\/2024\/07\/Atlantic-Pride_2-1024x683.jpg\" alt=\"\" class=\"wp-image-16388\" srcset=\"http:\/\/culturaliagz.com\/wp-content\/uploads\/2024\/07\/Atlantic-Pride_2-980x654.jpg 980w, http:\/\/culturaliagz.com\/wp-content\/uploads\/2024\/07\/Atlantic-Pride_2-480x320.jpg 480w\" sizes=\"auto, (min-width: 0px) and (max-width: 480px) 480px, (min-width: 481px) and (max-width: 980px) 980px, (min-width: 981px) 1024px, 100vw\" \/><\/a><\/figure>\n\n\n\n<figure class=\"wp-block-image size-large\"><a href=\"http:\/\/culturaliagz.com\/wp-content\/uploads\/2024\/07\/Atlantic-Pride_3-scaled.jpg\" target=\"_blank\" rel=\"noreferrer noopener\"><img loading=\"lazy\" decoding=\"async\" width=\"1024\" height=\"683\" data-id=\"16389\" src=\"http:\/\/culturaliagz.com\/wp-content\/uploads\/2024\/07\/Atlantic-Pride_3-1024x683.jpg\" alt=\"\" class=\"wp-image-16389\" srcset=\"http:\/\/culturaliagz.com\/wp-content\/uploads\/2024\/07\/Atlantic-Pride_3-980x654.jpg 980w, http:\/\/culturaliagz.com\/wp-content\/uploads\/2024\/07\/Atlantic-Pride_3-480x320.jpg 480w\" sizes=\"auto, (min-width: 0px) and (max-width: 480px) 480px, (min-width: 481px) and (max-width: 980px) 980px, (min-width: 981px) 1024px, 100vw\" \/><\/a><\/figure>\n<\/figure>\n\n\n\n<p><\/p>\n\n\n\n<p><\/p>\n\n\n\n<p class=\"has-text-align-justify\">O Atlantic Pride reuniu m\u00e1is de 25.000 persoas na s\u00faa 5\u00aa edici\u00f3n. Deste xeito, o \u2018Orgullo do Norte\u2019 celebrado na Coru\u00f1a do 7 ao 14 de xullo pechou con \u00e9xito oito xornadas de concertos, da man de figuras como Vengaboys, Chanel, Nebulossa, Nena Daconte, Ra\u00fal, Rosa L\u00f3pez, Las Ketchup, Shego, Luna Ki, Morreo, Supremme de Luxe, Luc\u00eda P\u00e9rez, Mondra, Sila L\u00faa, Lontreira, Amoebo e ata m\u00e1is dunha trintena de bandas e artistas de referencia, pese que a choiva vivida na cidade a pasada semana nalgunha das veladas.<\/p>\n\n\n\n<p class=\"has-text-align-justify\">A cita consol\u00eddase como un referente dos \u2018Orgullos\u2019 que se celebran nesta \u00e9poca do ano ao longo da Pen\u00ednsula, como un espazo de celebraci\u00f3n aberto, seguro e diverso, que ga\u00f1a novos adeptos ano tras ano, e no que se re\u00fanen coloridas propostas para todos os p\u00fablicos. No seu programa te\u00f1en tam\u00e9n cabida divertidas e explosivas actuaci\u00f3ns de drags, pinchadas de djs de referencia da escena galega, sesi\u00f3ns \u2018After Party\u2019 e a celebraci\u00f3n dun Certame Literario de Literatura LGTBI+, que neste 2024 rexistrou o seu r\u00e9cord de participaci\u00f3n.&nbsp;<\/p>\n\n\n\n<p class=\"has-text-align-justify\">Iv\u00e1n Cervo, un dos directores do Atlantic Pride, quixo transmitir o seu agradecemento a todas as persoas que un ano m\u00e1is fixeron posible o festival: artistas, p\u00fablico, equipos, patrocinadores e apoios. \u201cDesde a Asociaci\u00f3n Orgullo Coru\u00f1a e o Atlantic Pride queremos agradecer a todas as persoas e colectivos que gozaron deste evento aberto e diverso, que neste 2024 consolidouse como unha das citas de referencia da m\u00fasica no noroeste peninsular\u201d. E continuou: \u201cGrazas, tam\u00e9n, aos artistas programados, pola s\u00faa xenerosidade e polo bo ambiente que crearon ao longo dos oitos d\u00edas nos que se celebrou o Atlantic Pride\u201d.<\/p>\n\n\n\n<p class=\"has-text-align-justify\">Sobre a asistencia, Cervo destacou que, \u201ca pesar deste at\u00edpico ver\u00e1n coru\u00f1\u00e9s, as cifras de p\u00fablico do festival foron case r\u00e9cord nos tres escenarios nos que o evento tivo lugar: a Fundaci\u00f3n Lu\u00eds Seoane, a Praza de Pontevedra e os Xard\u00edns de M\u00e9ndez N\u00fa\u00f1ez\u201d. \u201cIsto \u00e9 unha mostra m\u00e1is do interese que o evento xera na cidade da Coru\u00f1a\u201d, remarcou, conclu\u00edndo que, moi pronto, \u201cagardamos anunciar novidades para a edici\u00f3n 2025 do Alantic Pride e, mentres tanto, seguiremos celebrando a diversidade, a inclusi\u00f3n e a integraci\u00f3n durante todo o ano\u201d.<\/p>\n\n\n\n<p><strong>SOBRE O ATLANTIC PRIDE, O \u2018ORGULLO DO NORTE&#8217;<\/strong><\/p>\n\n\n\n<p class=\"has-text-align-justify\">Entre o 7 e o 14 de xullo, A Coru\u00f1a volveu ser a sede do \u2018Orgullo do Norte\u2019 para celebrar a quinta edici\u00f3n do Atlantic Pride. Neste 2024, o festival propuxo oito xornadas de m\u00fasica e celebraci\u00f3n ao redor da diversidade sexo-afectiva e de identidade nunha das citas imprescindibles do ver\u00e1n no noroeste peninsular.&nbsp;<\/p>\n\n\n\n<p class=\"has-text-align-justify\">O Atlantic Pride \u00e9 un festival pioneiro, gratu\u00edto e inclusivo nacido na Coru\u00f1a no ano 2019, destinado a reivindicar a liberdade afectiva, sexual e de identidade dende unha perspectiva l\u00fadica e inclusiva, impulsado pola Asociaci\u00f3n Orgullo Coru\u00f1a -ORCO- e o Concello da Coru\u00f1a, que conta co apoio da Deputaci\u00f3n da Coru\u00f1a e o patrocinio principal de Estrella Galicia, Coru\u00f1a The Style Outlets e Globalgrafic.<\/p>\n\n\n\n<p class=\"has-text-align-justify\">Na s\u00faa quinta edici\u00f3n, contou coa presencia das estrelas eurovisivas Nebulossa, Rosa L\u00f3pez, Las Ketchup e Luc\u00eda P\u00e9rez, xunto a figuras que pisan forte na nova escena galega, como Mondra, Sila L\u00faa, O Rabelo e Nenaza, Catuxa Salom, Lontreira e Amoebo. Na festa deste \u2018Orgullo do Norte\u2019 non faltaron, tampouco, as voces de grandes divas como Chanel, Luna Ki e Supremme de Luxe, ademais das drags Nomi Bull, Cloe Savage e Meiga-I.<\/p>\n\n\n\n<p class=\"has-text-align-justify\">No cartel deste Atlantic Pride 2024 destacaron, tam\u00e9n, nomes como os de Nena Daconte, Shego, Morreo, Ra\u00fal, Selena Leo, Eris MacKenzie e Filloas. O grupo Vengaboys foi o encargado de po\u00f1er o acento internacional ao festival, mentres que as pinchadas correron a cargo dos dj\u2019s EME DJ, S.Alma, La Suprema, D-Lemma, DJ90, DJ Licho, Roi Porto, La Eterna e DJ Flashback. O festival contou, tam\u00e9n, coa actuaci\u00f3n especial do Coro \u201cCores\u201d.&nbsp;<\/p>\n\n\n\n<p class=\"has-text-align-justify\">O Atlantic Pride nace na Coru\u00f1a no ano 2019 coa vontade de situar \u00e1 cidade herculina como a capital do bo ambiente e a celebraci\u00f3n sen distinci\u00f3ns nin barreiras. Tr\u00e1tase dun festival pioneiro, gratu\u00edto e inclusivo, destinado a reivindicar a liberdade afectiva, sexual e de identidade dende unha perspectiva l\u00fadica e inclusiva. O proxecto, que trata de aglutinar a todas as capas da sociedade coru\u00f1esa dentro dunha contorna segura e amigable, desenv\u00f3lvese en torno a varios d\u00edas de concertos e actividades culturais, entre elas, o seu Certame de Literatura LGTBI+, coa fin de atraer ao p\u00fablico local e de f\u00f3ra, como un referente cultural, tur\u00edstico e social do noroeste.<\/p>\n\n\n\n<p><\/p>\n\n\n<a href=\"http:\/\/culturaliagz.com\/wp-content\/uploads\/2024\/07\/20240717-NP-balance-Atlantic-Pride-2024.pdf\" class=\"pdfemb-viewer\" style=\"\" data-width=\"max\" data-height=\"max\" data-toolbar=\"bottom\" data-toolbar-fixed=\"off\">20240717-NP-balance-Atlantic-Pride-2024<\/a>\n<p class=\"wp-block-pdfemb-pdf-embedder-viewer\"><\/p>\n\n\n\n<p><\/p>\n\n\n\n<p><\/p>\n\n\n\n<figure class=\"wp-block-audio\"><audio controls src=\"http:\/\/culturaliagz.com\/wp-content\/uploads\/2024\/07\/Audio-balance-Atlantic-Pride-Ivan-Flashback.m4a\"><\/audio><\/figure>\n","protected":false},"excerpt":{"rendered":"<p>O \u2018Orgullo do Norte\u2019 celebrado na Coru\u00f1a do 7 ao 14 de xullo pechou con \u00e9xito oito xornadas de concertos, da man de figuras como Vengaboys, Chanel, Nebulossa, Nena Daconte, [&hellip;]<\/p>\n","protected":false},"author":1,"featured_media":0,"comment_status":"open","ping_status":"open","sticky":false,"template":"","format":"standard","meta":{"_et_pb_use_builder":"","_et_pb_old_content":"","_et_gb_content_width":"","_jetpack_memberships_contains_paid_content":false,"footnotes":""},"categories":[23,7,6,57,1],"tags":[2059,2122],"class_list":["post-16386","post","type-post","status-publish","format-standard","hentry","category-autoresas","category-creacion","category-novas","category-outras-artes","category-xeral","tag-atlantic-pride-2024","tag-o-orgullo-do-norte"],"jetpack_featured_media_url":"","jetpack_sharing_enabled":true,"_links":{"self":[{"href":"http:\/\/culturaliagz.com\/index.php?rest_route=\/wp\/v2\/posts\/16386","targetHints":{"allow":["GET"]}}],"collection":[{"href":"http:\/\/culturaliagz.com\/index.php?rest_route=\/wp\/v2\/posts"}],"about":[{"href":"http:\/\/culturaliagz.com\/index.php?rest_route=\/wp\/v2\/types\/post"}],"author":[{"embeddable":true,"href":"http:\/\/culturaliagz.com\/index.php?rest_route=\/wp\/v2\/users\/1"}],"replies":[{"embeddable":true,"href":"http:\/\/culturaliagz.com\/index.php?rest_route=%2Fwp%2Fv2%2Fcomments&post=16386"}],"version-history":[{"count":3,"href":"http:\/\/culturaliagz.com\/index.php?rest_route=\/wp\/v2\/posts\/16386\/revisions"}],"predecessor-version":[{"id":16397,"href":"http:\/\/culturaliagz.com\/index.php?rest_route=\/wp\/v2\/posts\/16386\/revisions\/16397"}],"wp:attachment":[{"href":"http:\/\/culturaliagz.com\/index.php?rest_route=%2Fwp%2Fv2%2Fmedia&parent=16386"}],"wp:term":[{"taxonomy":"category","embeddable":true,"href":"http:\/\/culturaliagz.com\/index.php?rest_route=%2Fwp%2Fv2%2Fcategories&post=16386"},{"taxonomy":"post_tag","embeddable":true,"href":"http:\/\/culturaliagz.com\/index.php?rest_route=%2Fwp%2Fv2%2Ftags&post=16386"}],"curies":[{"name":"wp","href":"https:\/\/api.w.org\/{rel}","templated":true}]}}