{"id":16361,"date":"2024-07-11T22:18:50","date_gmt":"2024-07-11T21:18:50","guid":{"rendered":"http:\/\/culturaliagz.com\/?p=16361"},"modified":"2024-07-11T22:21:30","modified_gmt":"2024-07-11T21:21:30","slug":"nena-daconte-luna-ki-e-sila-lua-continuan-a-festa-do-atlantic-pride-este-venres-12-de-xullo","status":"publish","type":"post","link":"http:\/\/culturaliagz.com\/?p=16361","title":{"rendered":"Nena Daconte, Luna Ki e Sila Lua contin\u00faan a festa do Atlantic Pride este venres 12 de xullo"},"content":{"rendered":"\n<p><\/p>\n\n\n<div class=\"wp-block-image\">\n<figure class=\"aligncenter size-large\"><a href=\"http:\/\/culturaliagz.com\/wp-content\/uploads\/2024\/07\/Nena_Daconte.jpg\" target=\"_blank\" rel=\"noreferrer noopener\"><img loading=\"lazy\" decoding=\"async\" width=\"1024\" height=\"682\" src=\"http:\/\/culturaliagz.com\/wp-content\/uploads\/2024\/07\/Nena_Daconte-1024x682.jpg\" alt=\"\" class=\"wp-image-16362\" srcset=\"http:\/\/culturaliagz.com\/wp-content\/uploads\/2024\/07\/Nena_Daconte-980x653.jpg 980w, http:\/\/culturaliagz.com\/wp-content\/uploads\/2024\/07\/Nena_Daconte-480x320.jpg 480w\" sizes=\"auto, (min-width: 0px) and (max-width: 480px) 480px, (min-width: 481px) and (max-width: 980px) 980px, (min-width: 981px) 1024px, 100vw\" \/><\/a><\/figure>\n<\/div>\n\n\n<p><\/p>\n\n\n\n<p><\/p>\n\n\n\n<p class=\"has-text-align-justify\"><strong>Os Xard\u00edns de M\u00e9ndez N\u00fa\u00f1ez acoller\u00e1n os concertos da sexta xornada do festival de 20.30 a 02.20h, na que as pinchadas correr\u00e1n a cargo dos dj\u2019s Roi Porto e Dj Licho<\/strong><\/p>\n\n\n\n<p class=\"has-text-align-justify\"><strong>Desde \u00e1s 21.30h, o p\u00fablico poder\u00e1 gozar da mestura libre de x\u00e9neros de Sila Lua, a medio cami\u00f1o entre a m\u00fasica urbana de fala hispana e a electr\u00f3nica experimental europea<\/strong><\/p>\n\n\n\n<p class=\"has-text-align-justify\"><strong>\u00c1s 22.30h, Nena Daconte presentar\u00e1 en directo os temas do seu \u00faltimo disco,&nbsp;<em>Casi Perfecto<\/em>, co que reivindica o seu pasado m\u00e1is pop-rock para falar de amor, de desamor, da soidade e do paso do tempo<\/strong><\/p>\n\n\n\n<p class=\"has-text-align-justify\"><strong>Contra \u00e1s 00.00h chegaralle a s\u00faa quenda a Luna Ki,&nbsp;un dos valores de futuro da nova m\u00fasica urbana en Espa\u00f1a, co explosi\u00f3n electr\u00f3nica do seu \u00e1lbum&nbsp;<em>Generaci\u00f3n de cristal<\/em><\/strong><\/p>\n\n\n\n<p><\/p>\n\n\n\n<p class=\"has-text-align-justify\">A festa do <a href=\"https:\/\/atlanticpride.es\/\" target=\"_blank\" rel=\"noreferrer noopener\">Atlantic Pride<\/a> contin\u00faa este venres na Coru\u00f1a con algunhas figuras de referencia da escena musical actual. De 20.30 a 02.20 horas, o p\u00fablico poder\u00e1 gozar nos Xard\u00edns de M\u00e9ndez N\u00fa\u00f1ez da mestura libre de x\u00e9neros de Sila Lua, a medio cami\u00f1o entre a m\u00fasica urbana de fala hispana e a electr\u00f3nica experimental europea; do pop-rock de Nena Daconte, cos temas en directo do seu \u00faltimo disco,\u00a0<em>Casi Perfecto<\/em>; e da\u00a0fusi\u00f3n de sons como o new wave, o eurodance, o afrobeat ou o trap-pop\u00a0de Luna Ki.Pola s\u00faa banda, as pinchadas para abrir e pechar a velada correr\u00e1n a cargo de Dj Licho e Roi Porto.<\/p>\n\n\n\n<p class=\"has-text-align-justify\">Este venres contin\u00faan, tam\u00e9n, as sesi\u00f3ns \u2018After Party\u2019 do Atlantic Pride no Playa Club da Coru\u00f1a con Gorllitox unha vez rematados os concertos ao aire libre nos Xard\u00edns (de 02.00h a peche). En&nbsp;<a href=\"http:\/\/www.atlanticpride.es\/fiestas\" target=\"_blank\" rel=\"noreferrer noopener\">www.atlanticpride.es\/fiestas<\/a>&nbsp;\u00e9 posible consultar os detalles destas festas \u2018After Party\u2019 do Atlantic Pride, as\u00ed como adquirir as entradas anticipadas, a un prezo de 12 euros (consumici\u00f3n inclu\u00edda). Os pases poderanse mercar tam\u00e9n o mesmo d\u00eda na porta do Playa Club (15 euros, consumici\u00f3n inclu\u00edda).<\/p>\n\n\n\n<p><strong>PROGRAMA ATLANTIC PRIDE 2024<\/strong><\/p>\n\n\n\n<p><strong>Venres, 12 de xullo<\/strong><\/p>\n\n\n\n<p><em>Xard\u00edns de M\u00e9ndez N\u00fa\u00f1ez<\/em><\/p>\n\n\n\n<p>(20.30 a 02.20h)<\/p>\n\n\n\n<p>20.30h Dj Licho<\/p>\n\n\n\n<p>21.30h Sila Lua<\/p>\n\n\n\n<p>22.30h Nena Daconte<\/p>\n\n\n\n<p>00.00h Luna Ki<\/p>\n\n\n\n<p>01.00h Roi Porto<\/p>\n\n\n\n<p><\/p>\n\n\n<div class=\"wp-block-image\">\n<figure class=\"alignleft size-medium\"><a href=\"http:\/\/culturaliagz.com\/wp-content\/uploads\/2024\/07\/Sila-Lua-scaled.jpg\" target=\"_blank\" rel=\"noreferrer noopener\"><img loading=\"lazy\" decoding=\"async\" width=\"200\" height=\"300\" src=\"http:\/\/culturaliagz.com\/wp-content\/uploads\/2024\/07\/Sila-Lua-200x300.jpg\" alt=\"\" class=\"wp-image-16363\"\/><\/a><\/figure>\n<\/div>\n\n\n<p><strong>SILA LUA<\/strong><\/p>\n\n\n\n<p class=\"has-text-align-justify\">Sila Lua, artista e produtora galega, leva desde 2017 desenvolvendo o seu son, algo a medio cami\u00f1o entre a m\u00fasica urbana de fala hispana e a electr\u00f3nica experimental europea; una mistura libre de x\u00e9neros froito da s\u00faa crianza espa\u00f1ola e dos seus anos vivindo e estudando produci\u00f3n musical en Londres. As s\u00faas canci\u00f3ns, de forte mensaxe l\u00edrico, produci\u00f3ns detalladas e unha elegancia misteriosa, val\u00e9ronlle o t\u00edtulo de \u201cdiva marciana do novo pop escuro europeo\u201d por parte da prensa especializada.<\/p>\n\n\n\n<p class=\"has-text-align-justify\">Este talento emerxente logrou o ano pasado un \u00e9xito viral cos seus temas&nbsp;<em>Nada<\/em>&nbsp;e&nbsp;<em>Quiero llorar<\/em>, parte da banda sonora oficial da cuarta temporada da serie&nbsp;<em>\u00c9lite<\/em>, de Netflix, e que acumula xa +4M&nbsp;<em>streams<\/em>&nbsp;combinados e +200k Shazams (<em>Nada<\/em>&nbsp;alcanzou o posto #160 nas listas globais de Shazam na primeira semana da estrea da serie). Isto brindoulle a oportunidade de escribir a encargo&nbsp;<em>Tanta vida<\/em>, canci\u00f3n orixinal da serie de Atresplayer Premium&nbsp;<em>La edad de la ira<\/em>.<\/p>\n\n\n\n<p class=\"has-text-align-justify\">Agora presenta o seu primeiro \u00e1lbum,&nbsp;<em>ROMPE<\/em>, un traballo conceptual que xira en torno ao mar, os seus s\u00edmbolos, os seus mitos e a s\u00faa inmensidade, e que est\u00e1 composto por 11 cortes. Unha mestura moi coidada de m\u00fasica urbana, electr\u00f3nica e pop na que a artista estivo traballando o pasado ano e medio xunto ao produtor Mumbai Moon e onde contou con varios m\u00fasicxs, productorxs e colaboradorxs invitadxs de Espa\u00f1a, Brasil e Ecuador.<\/p>\n\n\n\n<p><strong>NENA DACONTE<\/strong><\/p>\n\n\n\n<p class=\"has-text-align-justify\">Mai recupera en\u202f<em>Casi Perfecto<\/em>, o seu sexto \u00e1lbum de estudio,\u202fa esencia dos seus comezos: volve ao son e \u00e1 est\u00e9tica dos seus primeiros discos, con dez novas canci\u00f3ns que xiran en torno ao amor, o desamor, a soidade e o paso do tempo. Son canci\u00f3ns compostas novamente por Mai, excepto\u202f<em>El verano<\/em>, que \u00e9 unha adaptaci\u00f3n dun poema do cantautor Marwan. Producidas todas elas por\u202fDani Alcover,&nbsp;te\u00f1en&nbsp;un son pop rock dos 90. \u00c9&nbsp;<em>Casi perfecto&#8230;<\/em>&nbsp;como a vida, como o amor\u2026 Pero, quen quere ser perfecto?&nbsp;<\/p>\n\n\n\n<p class=\"has-text-align-justify\">Mai, Nena Daconte, medrou cos referentes musicais dos seus irm\u00e1ns maiores:&nbsp;The&nbsp;Beatles,&nbsp;The&nbsp;Byrds,&nbsp;The&nbsp;Who, REM, Nacha Pop, Elvis&nbsp;Costello, Los Secretos\u2026 A m\u00fasica atrapouna. M\u00e1is tarde, na adolescencia, montou unha banda de pop rock coa que tocaba versi\u00f3ns de Led Zeppelin, Radiohead ou&nbsp;The&nbsp;Cranberries, xunto con canci\u00f3ns propias por bares de Malasa\u00f1a, en Madrid, como Al&nbsp;Lab\u2019Oratorio.&nbsp;&nbsp;Tras participar na segunda edici\u00f3n do programa televisivo&nbsp;<em>Operaci\u00f3n Triunfo<\/em>, fundou Nena Daconte, marca coa que autoeditou o seu primeiro disco e coa que co\u00f1eceu o \u00e9xito grazas a temas como&nbsp;<em>Idiota<\/em>,&nbsp;<em>En qu\u00e9 estrella estar\u00e1<\/em>&nbsp;ou&nbsp;<em>Ten\u00eda tanto que darte<\/em>, compostos pola propia artista, en torno \u00e1 idea da soidade, a obsesi\u00f3n pola b\u00fasqueda do amor ou a perda da ilusi\u00f3n polo paso do tempo.&nbsp;Tras numerosos premios e m\u00e1is de 400 concertos percorrendo a xeograf\u00eda espa\u00f1ola e cidades como Par\u00eds ou Berl\u00edn, Nena Daconte apartouse da m\u00fasica ata 2022, ano no que regresa cun novo traballo discogr\u00e1fico,&nbsp;<em>Casi Perfecto<\/em>, para reivindicar o seu pasado m\u00e1is pop-rock da man do selo independente&nbsp;Subterfuge.&nbsp;<\/p>\n\n\n\n<p><\/p>\n\n\n<div class=\"wp-block-image\">\n<figure class=\"alignright size-medium\"><a href=\"http:\/\/culturaliagz.com\/wp-content\/uploads\/2024\/07\/Luna-Ki-scaled.jpg\" target=\"_blank\" rel=\"noreferrer noopener\"><img loading=\"lazy\" decoding=\"async\" width=\"300\" height=\"200\" src=\"http:\/\/culturaliagz.com\/wp-content\/uploads\/2024\/07\/Luna-Ki-300x200.jpg\" alt=\"\" class=\"wp-image-16364\"\/><\/a><\/figure>\n<\/div>\n\n\n<p><strong>LUNA KI<\/strong><\/p>\n\n\n\n<p class=\"has-text-align-justify\">Luna Ki \u00e9 o nome do proxecto musical da artista cubana Luna G\u00f3rriz (Barcelona, 1999), quen estase a posicionar como un de los valores de futuro da nova m\u00fasica urbana en Espa\u00f1a. O seu estilo \u00fanico, cunha gran variedad de referentes, desde Riff Raf ou Ivy Queen ata Shakira, mistura x\u00e9neros tan dispares como o trap o o k-pop. O seu modo de reinventar os sons sumado a unha rechamante imaxe, non deixa indiferente a ningu\u00e9n, aportando un xiro que concede voz \u00e1s novas xeraci\u00f3ns. O seu \u00e9 un exercicio de rebeld\u00eda \u00fanico, que sit\u00faa \u00e1 persoa no centro do discurso.&nbsp;<\/p>\n\n\n\n<p class=\"has-text-align-justify\">O seu primeiro sinxelo,&nbsp;<em>Septiembre<\/em>, foi toda unha declaraci\u00f3n de intenci\u00f3ns, e acadou en poucos meses m\u00e1is de 5 mill\u00f3ns de reproduci\u00f3ns, posicion\u00e1ndose entre os lanzamentos m\u00e1is virais de Spotify desde o seu lanzamento.&nbsp;<\/p>\n\n\n\n<p class=\"has-text-align-justify\">Tras avanzar os sinxelos&nbsp;<em>Enero<\/em>&nbsp;e&nbsp;<em>Cuatro Bodas<\/em>,&nbsp;&nbsp;Luna Ki presenta agora&nbsp;<em>Generaci\u00f3n de cristal<\/em>, un EP no que homenaxea \u00e1 s\u00faa propia xeraci\u00f3n a trav\u00e9s de sete pistas musicais. Con Carlos Ares na produci\u00f3n executiva,&nbsp;<em>Generaci\u00f3n de cristal<\/em>&nbsp;conc\u00edbese como unha explosi\u00f3n electr\u00f3nica, unha reinterpretaci\u00f3n das bases do pop a trav\u00e9s da fusi\u00f3n de sons como o new wave, o eurodance, o afrobeat ou o trap-pop. A produci\u00f3n tam\u00e9n a firman Ra\u00fal Santos (Supernova), Dj Glass (Sexo Electr\u00f3nico), Chus Santana (Enero), Allnightproducer (Cuatro Bodas e Bizarre Fatalit\u00e9), Milan Leon e Ricard Galusi (McQueen).&nbsp;<\/p>\n\n\n\n<p class=\"has-text-align-justify\">Un retrato ir\u00f3nico e emocional da Xeraci\u00f3n Z, no que Luna Ki reivindica a fraxilidade como fortaleza e a hipersensibilidade como unha arma para expresar sentimentos reprimidos. O traballo explora, entre outros, temas como o poliamor, os impulsos autodestructivos, a construci\u00f3n do ego, o sexo&#8230; A dualidade entre a tecnolox\u00eda e a natureza est\u00e1 moi presente neste novo EP de Luna Ki. Riveragento (dese\u00f1o), Sergi Padial (foto), MNLO (estilismo) e Luna crean un contraste po\u00e9tico onde o artificial e o real poden coexistir \u00e1 perfecci\u00f3n.<\/p>\n\n\n\n<p><\/p>\n\n\n<a href=\"http:\/\/culturaliagz.com\/wp-content\/uploads\/2024\/07\/20240711-NP-venres-12-Atlantic-Pride.pdf\" class=\"pdfemb-viewer\" style=\"\" data-width=\"max\" data-height=\"max\" data-toolbar=\"bottom\" data-toolbar-fixed=\"off\">20240711-NP-venres-12-Atlantic-Pride<\/a>\n<p class=\"wp-block-pdfemb-pdf-embedder-viewer\"><\/p>\n","protected":false},"excerpt":{"rendered":"<p>Os Xard\u00edns de M\u00e9ndez N\u00fa\u00f1ez acoller\u00e1n os concertos da sexta xornada do festival de 20.30 a 02.20h, na que as pinchadas correr\u00e1n a cargo dos dj\u2019s Roi Porto e Dj [&hellip;]<\/p>\n","protected":false},"author":1,"featured_media":0,"comment_status":"open","ping_status":"open","sticky":false,"template":"","format":"standard","meta":{"_et_pb_use_builder":"","_et_pb_old_content":"","_et_gb_content_width":"","_jetpack_memberships_contains_paid_content":false,"footnotes":""},"categories":[23,7,6,57,1],"tags":[2401,2059,2124,2324,2402,2060,2162],"class_list":["post-16361","post","type-post","status-publish","format-standard","hentry","category-autoresas","category-creacion","category-novas","category-outras-artes","category-xeral","tag-dj-licho","tag-atlantic-pride-2024","tag-luna-ki","tag-nena-daconte","tag-roi-porto","tag-sila-lua","tag-xardins-do-mendez-nunez"],"jetpack_featured_media_url":"","jetpack_sharing_enabled":true,"_links":{"self":[{"href":"http:\/\/culturaliagz.com\/index.php?rest_route=\/wp\/v2\/posts\/16361","targetHints":{"allow":["GET"]}}],"collection":[{"href":"http:\/\/culturaliagz.com\/index.php?rest_route=\/wp\/v2\/posts"}],"about":[{"href":"http:\/\/culturaliagz.com\/index.php?rest_route=\/wp\/v2\/types\/post"}],"author":[{"embeddable":true,"href":"http:\/\/culturaliagz.com\/index.php?rest_route=\/wp\/v2\/users\/1"}],"replies":[{"embeddable":true,"href":"http:\/\/culturaliagz.com\/index.php?rest_route=%2Fwp%2Fv2%2Fcomments&post=16361"}],"version-history":[{"count":2,"href":"http:\/\/culturaliagz.com\/index.php?rest_route=\/wp\/v2\/posts\/16361\/revisions"}],"predecessor-version":[{"id":16368,"href":"http:\/\/culturaliagz.com\/index.php?rest_route=\/wp\/v2\/posts\/16361\/revisions\/16368"}],"wp:attachment":[{"href":"http:\/\/culturaliagz.com\/index.php?rest_route=%2Fwp%2Fv2%2Fmedia&parent=16361"}],"wp:term":[{"taxonomy":"category","embeddable":true,"href":"http:\/\/culturaliagz.com\/index.php?rest_route=%2Fwp%2Fv2%2Fcategories&post=16361"},{"taxonomy":"post_tag","embeddable":true,"href":"http:\/\/culturaliagz.com\/index.php?rest_route=%2Fwp%2Fv2%2Ftags&post=16361"}],"curies":[{"name":"wp","href":"https:\/\/api.w.org\/{rel}","templated":true}]}}