{"id":16352,"date":"2024-07-11T21:56:34","date_gmt":"2024-07-11T20:56:34","guid":{"rendered":"http:\/\/culturaliagz.com\/?p=16352"},"modified":"2024-07-11T21:58:59","modified_gmt":"2024-07-11T20:58:59","slug":"fillas-de-cassandra-publica-descarnio-o-seu-novo-sinxelo-este-venres-12-de-xullo","status":"publish","type":"post","link":"http:\/\/culturaliagz.com\/?p=16352","title":{"rendered":"Fillas de Cassandra publica d&#8217;ESCARNIO, o seu novo sinxelo, este venres 12 de xullo"},"content":{"rendered":"\n<p><\/p>\n\n\n<div class=\"wp-block-image\">\n<figure class=\"aligncenter size-large\"><a href=\"http:\/\/culturaliagz.com\/wp-content\/uploads\/2024\/07\/Portada_dESCARNIO.jpg\" target=\"_blank\" rel=\"noreferrer noopener\"><img loading=\"lazy\" decoding=\"async\" width=\"1024\" height=\"1024\" src=\"http:\/\/culturaliagz.com\/wp-content\/uploads\/2024\/07\/Portada_dESCARNIO-1024x1024.jpg\" alt=\"\" class=\"wp-image-16353\" srcset=\"http:\/\/culturaliagz.com\/wp-content\/uploads\/2024\/07\/Portada_dESCARNIO-1024x1024.jpg 1024w, http:\/\/culturaliagz.com\/wp-content\/uploads\/2024\/07\/Portada_dESCARNIO-980x980.jpg 980w, http:\/\/culturaliagz.com\/wp-content\/uploads\/2024\/07\/Portada_dESCARNIO-480x480.jpg 480w\" sizes=\"auto, (min-width: 0px) and (max-width: 480px) 480px, (min-width: 481px) and (max-width: 980px) 980px, (min-width: 981px) 1024px, 100vw\" \/><\/a><\/figure>\n<\/div>\n\n\n<p><\/p>\n\n\n\n<p><\/p>\n\n\n\n<p class=\"has-text-align-justify\" style=\"font-size:18px\"><strong>Fillas de Cassandra publica ma\u00f1\u00e1, venres 12, o seu novo sinxelo, nomeado <\/strong><em><strong>d\u2019ESCARNIO, <\/strong><\/em><strong>\u201cun ritual para desfacerse da ira\u201d<br><\/strong><\/p>\n\n\n\n<p class=\"has-text-align-justify\" style=\"font-size:15px\"><strong>A creaci\u00f3n electr\u00f3nica do d\u00fao vigu\u00e9s \u00e9 un canto que se sit\u00faa \u201centre a s\u00e1tira e a introspecci\u00f3n\u201d, e que pretende dar conta \u201cdo proceso que sup\u00f3n deixar atr\u00e1s a furia e os dixomed\u00edxomes\u201d<\/strong><\/p>\n\n\n\n<p><\/p>\n\n\n\n<p><\/p>\n\n\n<div class=\"wp-block-image\">\n<figure class=\"aligncenter size-large\"><a href=\"http:\/\/culturaliagz.com\/wp-content\/uploads\/2024\/07\/FillasDeCassandra_dESCARNIO-\u00a9-Candela-Lora.jpg\" target=\"_blank\" rel=\"noreferrer noopener\"><img loading=\"lazy\" decoding=\"async\" width=\"1024\" height=\"683\" src=\"http:\/\/culturaliagz.com\/wp-content\/uploads\/2024\/07\/FillasDeCassandra_dESCARNIO-\u00a9-Candela-Lora-1024x683.jpg\" alt=\"\" class=\"wp-image-16356\" srcset=\"http:\/\/culturaliagz.com\/wp-content\/uploads\/2024\/07\/FillasDeCassandra_dESCARNIO-\u00a9-Candela-Lora-1024x683.jpg 1024w, http:\/\/culturaliagz.com\/wp-content\/uploads\/2024\/07\/FillasDeCassandra_dESCARNIO-\u00a9-Candela-Lora-300x200.jpg 300w, http:\/\/culturaliagz.com\/wp-content\/uploads\/2024\/07\/FillasDeCassandra_dESCARNIO-\u00a9-Candela-Lora-768x512.jpg 768w, http:\/\/culturaliagz.com\/wp-content\/uploads\/2024\/07\/FillasDeCassandra_dESCARNIO-\u00a9-Candela-Lora-1536x1024.jpg 1536w, http:\/\/culturaliagz.com\/wp-content\/uploads\/2024\/07\/FillasDeCassandra_dESCARNIO-\u00a9-Candela-Lora-1080x720.jpg 1080w, http:\/\/culturaliagz.com\/wp-content\/uploads\/2024\/07\/FillasDeCassandra_dESCARNIO-\u00a9-Candela-Lora-1280x853.jpg 1280w, http:\/\/culturaliagz.com\/wp-content\/uploads\/2024\/07\/FillasDeCassandra_dESCARNIO-\u00a9-Candela-Lora-980x653.jpg 980w, http:\/\/culturaliagz.com\/wp-content\/uploads\/2024\/07\/FillasDeCassandra_dESCARNIO-\u00a9-Candela-Lora-480x320.jpg 480w, http:\/\/culturaliagz.com\/wp-content\/uploads\/2024\/07\/FillasDeCassandra_dESCARNIO-\u00a9-Candela-Lora.jpg 1800w\" sizes=\"auto, (max-width: 1024px) 100vw, 1024px\" \/><\/a><\/figure>\n<\/div>\n\n\n<p><\/p>\n\n\n\n<p><\/p>\n\n\n\n<p class=\"has-text-align-justify\"><a href=\"https:\/\/www.instagram.com\/fillasdecassandra.mp3\/\" target=\"_blank\" rel=\"noreferrer noopener\">Fillas de Cassandra<\/a> publicar\u00e1 este venres, 12 de xullo, o seu novo sinxelo, nomeado <em><strong>d\u2019ESCARNIO.<\/strong><\/em> A peza, que se poder\u00e1 escoitar <a href=\"https:\/\/links.altafonte.com\/dESCARNIOfillas\" target=\"_blank\" rel=\"noreferrer noopener\">a partir das 00.00 horas de ma\u00f1\u00e1 nas principais plataformas dixitais<\/a>, \u201c\u00e9 un ritual para desfacerse da ira\u201d.\u00a0<\/p>\n\n\n\n<p class=\"has-text-align-justify\">Tal e como explican Mar\u00eda SOA e Sara Faro, a s\u00faa nova creaci\u00f3n, en cuxa produci\u00f3n tam\u00e9n participan Mumbai Moon e Greta Ch\u2019aska, \u201c\u00e9 unha sorte de cantiga actualizada que se sit\u00faa entre a queixa sat\u00edrica e un exercici\u00f3n de autocr\u00edtica e introspecci\u00f3n\u201d. \u201c<em>d\u2019ESCARNIO<\/em> quere dar conta do proceso longo e complexo que sup\u00f3n abandonar a furia e os dixomed\u00edxomes ata acadar un canto liberador; e que esixe reco\u00f1ecer e nomear o dano para deixalo ir\u201d, din.<\/p>\n\n\n\n<p class=\"has-text-align-justify\">A sutileza das melod\u00edas ac\u00fasticas, a agresividade dos recursos do x\u00e9nero industrial e as texturas et\u00e9reas que se dil\u00faen entre os ritmos m\u00e1is tribais, vencellados \u00e1 ra\u00edz, ofrecen, como resultado, un tema de corte electr\u00f3nico e compacto no que a ira se revela como un espazo de forza, mais tam\u00e9n de vulnerabilidade.&nbsp;<\/p>\n\n\n\n<p class=\"has-text-align-justify\"><em>d\u2019ESCARNIO,<\/em> o novo tema de Fillas de Cassandra, \u00e9 unha das novidades que se pode escoitar nos directos da xira <em>\u00daltimas Dionis\u00edacas,<\/em> na que Sara Faro e Mar\u00eda SOA revisitan os temas do seu disco <em>Acr\u00f3pole<\/em> desde unha perspectiva m\u00e1is electr\u00f3nica e escura. Logo de visitar Marrocos e actuar o pasado s\u00e1bado canda Ed Sheeran ou Bomba Est\u00e9reo no Gozo Festival, as artistas viguesas continuar\u00e1n o seu periplo peninsular e formar\u00e1n parte do cartel de citas de referencia, como \u00e9 caso do Festival de Ortigueira, El Tingladu, Festival de la Luz ou Revenidas, entre outras moitas.<\/p>\n\n\n\n<p class=\"has-text-align-justify\"><strong><br>A m\u00fasica de Fillas de Cassandra, en Netflix<br><\/strong><br>Al\u00e9n da estrea este venres 12 do sinxelo <em>d\u2019ESCARNIO<\/em>, a m\u00fasica de Fillas de Cassandra, est\u00e1 de actualidade nas plataformas audiovisuais.<strong> <\/strong>Se hai uns d\u00edas <em>II. LIS\u00cdSTRATA (varre vasoira)<\/em> superaba o mill\u00f3n de reproduci\u00f3ns en Spotify<strong>, <\/strong>ao \u00e9xito s\u00famase tam\u00e9n a difusi\u00f3n de <em><strong>canta mi\u00f1a sombra (negra sombra)<\/strong><\/em><em>, <\/em>por ser unha das pezas quese incl\u00faen na<strong> banda sonora de <\/strong><em><strong>Clanes<\/strong><\/em><strong>, <\/strong>a serie de Netflix que est\u00e1 acadar os primeiros postos en n\u00famero de visualizaci\u00f3ns en distintos pa\u00edses do mundo.<\/p>\n\n\n\n<p><strong><br>Vindeiras datas confirmadas das <em>\u00daltimas Dionis\u00edacas<\/em><\/strong><\/p>\n\n\n\n<ul class=\"wp-block-list\">\n<li>12 de xullo. Ortigueira. Festival de Ortigueira.<\/li>\n\n\n\n<li>25 de xullo. O Rosal.&nbsp;<\/li>\n\n\n\n<li>27 de xullo. Vilanova i la Geltr\u00fa. El Tingladu.<\/li>\n\n\n\n<li>2 de agosto. Bueu. SonR\u00edas Baixas.<\/li>\n\n\n\n<li>3 de agosto. Catoira. Festa Vikinga.&nbsp;<\/li>\n\n\n\n<li>17 de agosto. Pontevedra. Festas da Peregrina.&nbsp;<\/li>\n\n\n\n<li>19 de agosto. Pobra do Carami\u00f1al.<\/li>\n\n\n\n<li>21 de agosto. Ferrol. Festas San Roque.<\/li>\n\n\n\n<li>23 ao 24 de agosto. Boimorto. Festival de la Luz.<\/li>\n\n\n\n<li>30 de agosto. Pant\u00f3n. 13 Roeis Fest.<\/li>\n\n\n\n<li>30 de agosto ao 1 de setembro. Ponteceso. Festiletras.&nbsp;<\/li>\n\n\n\n<li>13 de setembro. Vilaxo\u00e1n. Festival Revenidas.&nbsp;<\/li>\n<\/ul>\n\n\n\n<p><strong>Escoita <\/strong><a href=\"https:\/\/links.altafonte.com\/dESCARNIOfillas\" target=\"_blank\" rel=\"noreferrer noopener\"><em><strong>d\u2019ESCARNIO<\/strong><\/em><\/a><em><strong>&nbsp;<\/strong><\/em><\/p>\n\n\n\n<p><\/p>\n\n\n<a href=\"http:\/\/culturaliagz.com\/wp-content\/uploads\/2024\/07\/20240711-NP-GAL-Fillas-de-Cassandra-dESCARNIO.pdf\" class=\"pdfemb-viewer\" style=\"\" data-width=\"max\" data-height=\"max\" data-toolbar=\"bottom\" data-toolbar-fixed=\"off\">20240711-NP-GAL-Fillas-de-Cassandra-dESCARNIO<\/a>\n<p class=\"wp-block-pdfemb-pdf-embedder-viewer\"><\/p>\n","protected":false},"excerpt":{"rendered":"<p>Fillas de Cassandra publica ma\u00f1\u00e1, venres 12, o seu novo sinxelo, nomeado d\u2019ESCARNIO, \u201cun ritual para desfacerse da ira\u201d A creaci\u00f3n electr\u00f3nica do d\u00fao vigu\u00e9s \u00e9 un canto que se [&hellip;]<\/p>\n","protected":false},"author":1,"featured_media":0,"comment_status":"open","ping_status":"open","sticky":false,"template":"","format":"standard","meta":{"_et_pb_use_builder":"","_et_pb_old_content":"","_et_gb_content_width":"","_jetpack_memberships_contains_paid_content":false,"footnotes":""},"categories":[23,7,6,57,1],"tags":[2400,1475],"class_list":["post-16352","post","type-post","status-publish","format-standard","hentry","category-autoresas","category-creacion","category-novas","category-outras-artes","category-xeral","tag-descarnio","tag-fillas-de-cassandra"],"jetpack_featured_media_url":"","jetpack_sharing_enabled":true,"_links":{"self":[{"href":"http:\/\/culturaliagz.com\/index.php?rest_route=\/wp\/v2\/posts\/16352","targetHints":{"allow":["GET"]}}],"collection":[{"href":"http:\/\/culturaliagz.com\/index.php?rest_route=\/wp\/v2\/posts"}],"about":[{"href":"http:\/\/culturaliagz.com\/index.php?rest_route=\/wp\/v2\/types\/post"}],"author":[{"embeddable":true,"href":"http:\/\/culturaliagz.com\/index.php?rest_route=\/wp\/v2\/users\/1"}],"replies":[{"embeddable":true,"href":"http:\/\/culturaliagz.com\/index.php?rest_route=%2Fwp%2Fv2%2Fcomments&post=16352"}],"version-history":[{"count":4,"href":"http:\/\/culturaliagz.com\/index.php?rest_route=\/wp\/v2\/posts\/16352\/revisions"}],"predecessor-version":[{"id":16360,"href":"http:\/\/culturaliagz.com\/index.php?rest_route=\/wp\/v2\/posts\/16352\/revisions\/16360"}],"wp:attachment":[{"href":"http:\/\/culturaliagz.com\/index.php?rest_route=%2Fwp%2Fv2%2Fmedia&parent=16352"}],"wp:term":[{"taxonomy":"category","embeddable":true,"href":"http:\/\/culturaliagz.com\/index.php?rest_route=%2Fwp%2Fv2%2Fcategories&post=16352"},{"taxonomy":"post_tag","embeddable":true,"href":"http:\/\/culturaliagz.com\/index.php?rest_route=%2Fwp%2Fv2%2Ftags&post=16352"}],"curies":[{"name":"wp","href":"https:\/\/api.w.org\/{rel}","templated":true}]}}