{"id":16341,"date":"2024-07-08T22:18:03","date_gmt":"2024-07-08T21:18:03","guid":{"rendered":"http:\/\/culturaliagz.com\/?p=16341"},"modified":"2024-07-08T22:18:07","modified_gmt":"2024-07-08T21:18:07","slug":"festival-de-autoedicion-e-bd-autoban-celebra-neste-2024-o-seu-10o-aniversario","status":"publish","type":"post","link":"http:\/\/culturaliagz.com\/?p=16341","title":{"rendered":"Festival de Autoedici\u00f3n e BD Autob\u00e1n celebra neste 2024 o seu 10\u00ba aniversario"},"content":{"rendered":"\n<p><\/p>\n\n\n<div class=\"wp-block-image\">\n<figure class=\"aligncenter size-full\"><a href=\"http:\/\/culturaliagz.com\/wp-content\/uploads\/2024\/07\/Cartel_ATBN24.jpg\" target=\"_blank\" rel=\"noreferrer noopener\"><img loading=\"lazy\" decoding=\"async\" width=\"990\" height=\"1400\" src=\"http:\/\/culturaliagz.com\/wp-content\/uploads\/2024\/07\/Cartel_ATBN24.jpg\" alt=\"\" class=\"wp-image-16342\" srcset=\"http:\/\/culturaliagz.com\/wp-content\/uploads\/2024\/07\/Cartel_ATBN24.jpg 990w, http:\/\/culturaliagz.com\/wp-content\/uploads\/2024\/07\/Cartel_ATBN24-980x1386.jpg 980w, http:\/\/culturaliagz.com\/wp-content\/uploads\/2024\/07\/Cartel_ATBN24-480x679.jpg 480w\" sizes=\"auto, (min-width: 0px) and (max-width: 480px) 480px, (min-width: 481px) and (max-width: 980px) 980px, (min-width: 981px) 990px, 100vw\" \/><\/a><\/figure>\n<\/div>\n\n\n<p><\/p>\n\n\n\n<p><\/p>\n\n\n\n<p><\/p>\n\n\n\n<p class=\"has-text-align-justify\"><strong>Os d\u00edas 16 e 17 de agosto ter\u00e1 lugar na Coru\u00f1a a d\u00e9cima edici\u00f3n do Festival de Autoedici\u00f3n e BD organizado pola Asociaci\u00f3n Cultural Autob\u00e1n, que se desenvolver\u00e1 en paralelo \u00e1 celebraci\u00f3n de Vi\u00f1etas desde o Atl\u00e1ntico 2024<\/strong><strong>&nbsp;<\/strong><\/p>\n\n\n\n<p class=\"has-text-align-justify\"><strong>O ilustrador Jos\u00e9 Domingo \u00e9 o autor do cartel deste 10\u00ba Autob\u00e1n, nun homenaxe a estes 10 anos de traxectoria do evento, xa que tam\u00e9n foi el quen dese\u00f1ou o cartel da primeira edici\u00f3n de Autob\u00e1n celebrada en 2014<\/strong><\/p>\n\n\n\n<p class=\"has-text-align-justify\"><strong>Moitas das xoves promesas que ga\u00f1aron o Combate de Debuxantes de Autob\u00e1n nesta d\u00e9cada de historia acabar\u00edan por converterse en historietistas e artistas de renome, como Xulia Vicente, Cynthia Alfonso, Xulia Pis\u00f3n, Paula Freire, Teresa Ferreiro, Jorge Parras, Paz Rodr\u00edguez ou Aisha Rey<\/strong><\/p>\n\n\n\n<p><\/p>\n\n\n\n<p><\/p>\n\n\n\n<figure class=\"wp-block-gallery has-nested-images columns-3 is-cropped wp-block-gallery-1 is-layout-flex wp-block-gallery-is-layout-flex\">\n<figure class=\"wp-block-image size-large\"><a href=\"http:\/\/culturaliagz.com\/wp-content\/uploads\/2024\/07\/Autoban.jpg\" target=\"_blank\" rel=\"noreferrer noopener\"><img loading=\"lazy\" decoding=\"async\" width=\"1024\" height=\"684\" data-id=\"16343\" src=\"http:\/\/culturaliagz.com\/wp-content\/uploads\/2024\/07\/Autoban-1024x684.jpg\" alt=\"\" class=\"wp-image-16343\" srcset=\"http:\/\/culturaliagz.com\/wp-content\/uploads\/2024\/07\/Autoban-1024x684.jpg 1024w, http:\/\/culturaliagz.com\/wp-content\/uploads\/2024\/07\/Autoban-980x654.jpg 980w, http:\/\/culturaliagz.com\/wp-content\/uploads\/2024\/07\/Autoban-480x320.jpg 480w\" sizes=\"auto, (min-width: 0px) and (max-width: 480px) 480px, (min-width: 481px) and (max-width: 980px) 980px, (min-width: 981px) 1024px, 100vw\" \/><\/a><\/figure>\n\n\n\n<figure class=\"wp-block-image size-large\"><a href=\"http:\/\/culturaliagz.com\/wp-content\/uploads\/2024\/07\/Combate-Debuxantes_ATBN23-scaled.jpg\" target=\"_blank\" rel=\"noreferrer noopener\"><img loading=\"lazy\" decoding=\"async\" width=\"1024\" height=\"678\" data-id=\"16344\" src=\"http:\/\/culturaliagz.com\/wp-content\/uploads\/2024\/07\/Combate-Debuxantes_ATBN23-1024x678.jpg\" alt=\"\" class=\"wp-image-16344\" srcset=\"http:\/\/culturaliagz.com\/wp-content\/uploads\/2024\/07\/Combate-Debuxantes_ATBN23-980x649.jpg 980w, http:\/\/culturaliagz.com\/wp-content\/uploads\/2024\/07\/Combate-Debuxantes_ATBN23-480x318.jpg 480w\" sizes=\"auto, (min-width: 0px) and (max-width: 480px) 480px, (min-width: 481px) and (max-width: 980px) 980px, (min-width: 981px) 1024px, 100vw\" \/><\/a><\/figure>\n\n\n\n<figure class=\"wp-block-image size-large\"><a href=\"http:\/\/culturaliagz.com\/wp-content\/uploads\/2024\/07\/Primeira-edicion-Autoban-scaled.jpg\" target=\"_blank\" rel=\"noreferrer noopener\"><img loading=\"lazy\" decoding=\"async\" width=\"1024\" height=\"678\" data-id=\"16345\" src=\"http:\/\/culturaliagz.com\/wp-content\/uploads\/2024\/07\/Primeira-edicion-Autoban-1024x678.jpg\" alt=\"\" class=\"wp-image-16345\" srcset=\"http:\/\/culturaliagz.com\/wp-content\/uploads\/2024\/07\/Primeira-edicion-Autoban-980x649.jpg 980w, http:\/\/culturaliagz.com\/wp-content\/uploads\/2024\/07\/Primeira-edicion-Autoban-480x318.jpg 480w\" sizes=\"auto, (min-width: 0px) and (max-width: 480px) 480px, (min-width: 481px) and (max-width: 980px) 980px, (min-width: 981px) 1024px, 100vw\" \/><\/a><\/figure>\n<\/figure>\n\n\n\n<p><\/p>\n\n\n\n<p><\/p>\n\n\n\n<p class=\"has-text-align-justify\">Autob\u00e1n celebra neste 2024 o seu 10\u00ba aniversario. Os d\u00edas 16 e 17 de agosto ter\u00e1 lugar na Coru\u00f1a a d\u00e9cima edici\u00f3n do Festival de Autoedici\u00f3n e BD organizado pola Asociaci\u00f3n Cultural Autob\u00e1n, que se desenvolver\u00e1 en paralelo \u00e1 celebraci\u00f3n de Vi\u00f1etas desde o Atl\u00e1ntico 2024. O ilustrador Jos\u00e9 Domingo \u00e9 o autor do cartel deste 10\u00ba Autob\u00e1n, nun homenaxe a estes 10 anos de traxectoria do evento, xa que tam\u00e9n foi el quen dese\u00f1ou o cartel da primeira edici\u00f3n de Autob\u00e1n celebrada en 2014.\u00a0<\/p>\n\n\n\n<p class=\"has-text-align-justify\">Entre os fitos do Autob\u00e1n nesta d\u00e9cada de historia cabe destacar que moitas das xoves promesas que ga\u00f1aron o. seu Combate de Debuxantes acabar\u00edan por converterse en historietistas e artistas de renome, como Xulia Vicente, Cynthia Alfonso, Xulia Pis\u00f3n, Paula Freire, Teresa Ferreiro, Jorge Parras, Paz Rodr\u00edguez ou Aisha Rey.<\/p>\n\n\n\n<p><strong>SOBRE A HISTORIA DO AUTOB\u00c1N<\/strong><\/p>\n\n\n\n<p class=\"has-text-align-justify\">O Autob\u00e1n xurdiu en agosto de 2014 na Coru\u00f1a como unha alternativa independente ao festival de c\u00f3mic galego de referencia, o Vi\u00f1etas desde o Atl\u00e1ntico. Un grupo de autores e debuxantes locais que non acababan de atopar un oco para os seus fanzines no marco deste evento decidiron crear o seu propio festival paralelo de autoedici\u00f3n, seguindo o modelo de moitas outras citas que empezaron a proliferar polo estado na mesma \u00e9poca.<\/p>\n\n\n\n<p class=\"has-text-align-justify\">A primeira edici\u00f3n argallouse en poucas semanas recorrendo \u00e1 xenerosidade dos amigos e aos recursos de internet para compensar a falta de orzamento e de medios. Foi un modesto festival cun mercado onde se presentaron unha vintena de publicaci\u00f3ns e varias actividades paralelas, como faladoiros ou o Combate de Debuxantes, que ser\u00eda unha das s\u00faas marcas de identidade xunto ao bril\u00e9 brutal.<\/p>\n\n\n\n<p class=\"has-text-align-justify\">De natureza n\u00f3made e improvisada, tras pasar por diversos emprazamentos, o local autoxestionado Nave 1839 converter\u00edase na s\u00faa sede oficiosa. Esta uni\u00f3n dar\u00eda lugar a un&nbsp;<em>spin-off<\/em>&nbsp;invernal de dimensi\u00f3ns m\u00e1is reducidas, o Autobom. Este modelo autoxestionado mant\u00edvose at\u00e9 que chegou a covid-19. A pandemia obrigou a reformular como se vi\u00f1an facendo as cousas e, tras unha edici\u00f3n dixital en 2020, o proxecto renacer\u00eda asumindo novos obxectivos coa fundaci\u00f3n da Asociaci\u00f3n Cultural Autob\u00e1n no ano 2023.<\/p>\n\n\n\n<p class=\"has-text-align-justify\">Tras consolidar durante este \u00faltimo ano un clube de debuxo mensual no que participaron ducias de debuxantes locais, o Autob\u00e1n chega en 2024 ao seu 10\u00ba aniversario afianzando o emprazamento do seu mercado de ver\u00e1n na c\u00e9ntrica Praza de San Andr\u00e9s, onde m\u00e1is de 70 expositores de toda a pen\u00ednsula reciben un fluxo constante de visitantes que repercute nun \u00e9xito de vendas. O evento mant\u00e9n o patrocinio de entidades como Punto Gal e a colaboraci\u00f3n co Vi\u00f1etas desde o Atl\u00e1ntico, con quen organiza un concerto ilustrado no Teatro Col\u00f3n. Pero a principal e m\u00e1is ambiciosa novidade, grazas ao apoio do Concello da Coru\u00f1a, \u00e9 a convocatoria do I Premio Autob\u00e1n ao Mellor Fanzine Galego, cunha dotaci\u00f3n econ\u00f3mica de 1.250 \u20ac.&nbsp;<\/p>\n\n\n\n<p class=\"has-text-align-justify\">Ademais do seu xa cl\u00e1sico mercado de fanzines, entre as actividades que regresar\u00e1n este ano a Autob\u00e1n destacan o bril\u00e9 brutal, o Autobombo (minipresentaci\u00f3ns r\u00e1pidas dos proxectos participantes), os concertos ilustrados, o Autolab (un laboratorio de banda dese\u00f1ada experimental), as pinchadas de dj\u2019s ou o Minib\u00e1n (obradoiros pensados para os m\u00e1is cativos), sen esquecer a impresi\u00f3n do Autozine, a s\u00faa publicaci\u00f3n anual gratu\u00edta.<\/p>\n\n\n\n<p><strong>FITOS DUNHA D\u00c9CADA DO AUTOB\u00c1N<\/strong><\/p>\n\n\n\n<p class=\"has-text-align-justify\">Ademais das persoas ga\u00f1adoras do Combate de Debuxantes, outros autores destacados coma Jano Vi\u00f1uela, Diego Burd\u00edo, Paula Esteban ou David Calvi\u00f1o colaboraron como creadores dos p\u00f3sters para esta cita ao longo dos anos.<\/p>\n\n\n\n<p class=\"has-text-align-justify\">As sedes m\u00e1is populares do Autob\u00e1n foron a a\u00f1orada Nave 1839 e a actual Praza de San Andr\u00e9s, pero o festival tense movido por toda A Coru\u00f1a: celebrou edici\u00f3ns no espazo The Room, nos bares Old School, La Maleta, Ledicia, Meliora, Bar 13 ou Monty, na Sala Filomatic, na librer\u00eda A Tobeira de Oza ou no local social A Revolteira, e tivo unha exposici\u00f3n antol\u00f3xica no Caf\u00e9 de Macondo. Este ano s\u00famase o C\u00edrculo de Artes\u00e1ns.<\/p>\n\n\n\n<p class=\"has-text-align-justify\">Nos faladoiros do Autob\u00e1n te\u00f1en participado ducias de personalidades do sector, coma os debuxantes Emma R\u00edos, Natasha Bustos, Alberto V\u00e1zquez, Bea Lema, Roberta V\u00e1zquez, Manel Cr\u00e1neo, Santy Guti\u00e9rrez, Alberto Guiti\u00e1n, Leandro Barea, Pepa Prieto Puy, Miguel Porto, In\u00e9s Cararejos ou Brais Rodr\u00edguez, os cr\u00edticos Octavio Beares, Manuel Barreiro e Edu Maro\u00f1o, os blogueiros Esteban Y\u00e1\u00f1ez e Ghanito, a bibliotecaria Sira Gonz\u00e1lez ou os libreiros To\u00f1o Vilaverde e Sim\u00f3n Blanco. Trat\u00e1ronse temas como a censura e a liberdade de expresi\u00f3n, a visibilidade feminista e LGBT+ no mundo da banda dese\u00f1ada, os diferentes eventos de autoedici\u00f3n galegos, o funcionamento dos colectivos autorais, o traballo dos humoristas gr\u00e1ficos, o paso \u00e1 industria do videoxogo, o panorama fanzineiro a nivel estatal ou a historia da autoedici\u00f3n en Galicia.<\/p>\n\n\n\n<p><strong>SOBRE AUTOB\u00c1N<\/strong><\/p>\n\n\n\n<p class=\"has-text-align-justify\">Autob\u00e1n \u00e9 o festival coru\u00f1\u00e9s de c\u00f3mic autoeditado. No ano 2023, a iniciativa constit\u00faese como asociaci\u00f3n cultural. O seu obxectivo \u00e9 a promoci\u00f3n da banda dese\u00f1ada e a ilustraci\u00f3n, a autoedici\u00f3n e a autoxesti\u00f3n, as\u00ed como tecer unha rede de apoio para as persoas que se dedican a estas disciplinas. No seu labor incl\u00faese a creaci\u00f3n de eventos e actividades para a xesti\u00f3n de espazos nos que todos os e as amantes da autoedici\u00f3n sexan protagonistas.&nbsp;<\/p>\n\n\n\n<p class=\"has-text-align-justify\">A asociaci\u00f3n organiza cada mes de agosto o Festival Autob\u00e1n coincidindo co encontro internacional Vi\u00f1etas desde o Atl\u00e1ntico. Tr\u00e1tase dun mercado de autoedici\u00f3n que ofrece a autores e autoras, colectivos, proxectos de autoedici\u00f3n e microeditoriais de toda a Pen\u00ednsula a oportunidade de amosar e vender o seu material. O Festival Autob\u00e1n prop\u00f3n, tam\u00e9n, combates de debuxantes, presentaci\u00f3ns de proxectos, obradoiros, exposici\u00f3ns, m\u00fasica e gastronom\u00eda durante a s\u00faa celebraci\u00f3n.<\/p>\n\n\n\n<p class=\"has-text-align-justify\">Por outra banda, a asociaci\u00f3n promove, tam\u00e9n, iniciativas como o Autobom, que se presenta como a edici\u00f3n de primavera do Autob\u00e1n, coa vontade de ser un encontro entre a xente que se dedica e goza coa autoedici\u00f3n gr\u00e1fica e a BD alternativa, con charlas, faladoiros, obradoiros e actividades diversas en torno ao mundo dos fanzines. De forma mensual, Autob\u00e1n organiza, asimesmo, un Club de Debuxo con diferentes tem\u00e1ticas en espazos afines do sector.<\/p>\n\n\n\n<p><a href=\"\"><\/a><\/p>\n\n\n\n<p><strong>V\u00eddeo primeira edici\u00f3n de Autob\u00e1n&nbsp;<\/strong>I Ano 2014<\/p>\n\n\n\n<figure class=\"wp-block-embed is-type-video is-provider-youtube wp-block-embed-youtube wp-embed-aspect-16-9 wp-has-aspect-ratio\"><div class=\"wp-block-embed__wrapper\">\n<iframe loading=\"lazy\" title=\"Resumo do AUTOB\u00c1N\" width=\"1080\" height=\"608\" src=\"https:\/\/www.youtube.com\/embed\/j1qqhwu8ON0?feature=oembed\" frameborder=\"0\" allow=\"accelerometer; autoplay; clipboard-write; encrypted-media; gyroscope; picture-in-picture; web-share\" referrerpolicy=\"strict-origin-when-cross-origin\" allowfullscreen><\/iframe>\n<\/div><\/figure>\n\n\n\n<p><strong>V\u00eddeo 1\u00ba Combate de Debuxantes en Autob\u00e1n&nbsp;<\/strong>I Ano 2014<\/p>\n\n\n\n<figure class=\"wp-block-embed is-type-video is-provider-vimeo wp-block-embed-vimeo wp-embed-aspect-16-9 wp-has-aspect-ratio\"><div class=\"wp-block-embed__wrapper\">\n<iframe loading=\"lazy\" title=\"Combate de Debuxantes, 2014\" src=\"https:\/\/player.vimeo.com\/video\/104254161?dnt=1&amp;app_id=122963\" width=\"1080\" height=\"608\" frameborder=\"0\" allow=\"autoplay; fullscreen; picture-in-picture; clipboard-write\"><\/iframe>\n<\/div><\/figure>\n\n\n\n<p><\/p>\n\n\n\n<p><\/p>\n\n\n<a href=\"http:\/\/culturaliagz.com\/wp-content\/uploads\/2024\/07\/2024.07.08.-NP-10o-Aniversario-Autoban.pdf\" class=\"pdfemb-viewer\" style=\"\" data-width=\"max\" data-height=\"max\" data-toolbar=\"bottom\" data-toolbar-fixed=\"off\">2024.07.08.-NP-10o-Aniversario-Autoban<\/a>\n<p class=\"wp-block-pdfemb-pdf-embedder-viewer\"><\/p>\n","protected":false},"excerpt":{"rendered":"<p>Os d\u00edas 16 e 17 de agosto ter\u00e1 lugar na Coru\u00f1a a d\u00e9cima edici\u00f3n do Festival de Autoedici\u00f3n e BD organizado pola Asociaci\u00f3n Cultural Autob\u00e1n, que se desenvolver\u00e1 en paralelo [&hellip;]<\/p>\n","protected":false},"author":1,"featured_media":0,"comment_status":"open","ping_status":"open","sticky":false,"template":"","format":"standard","meta":{"_et_pb_use_builder":"","_et_pb_old_content":"","_et_gb_content_width":"","_jetpack_memberships_contains_paid_content":false,"footnotes":""},"categories":[23,7,129,6,57,1],"tags":[2269,2272,2396],"class_list":["post-16341","post","type-post","status-publish","format-standard","hentry","category-autoresas","category-creacion","category-literaria","category-novas","category-outras-artes","category-xeral","tag-asociacion-cultural-autoban","tag-festival-autoban-2","tag-festival-de-autoedicion-e-bd"],"jetpack_featured_media_url":"","jetpack_sharing_enabled":true,"_links":{"self":[{"href":"http:\/\/culturaliagz.com\/index.php?rest_route=\/wp\/v2\/posts\/16341","targetHints":{"allow":["GET"]}}],"collection":[{"href":"http:\/\/culturaliagz.com\/index.php?rest_route=\/wp\/v2\/posts"}],"about":[{"href":"http:\/\/culturaliagz.com\/index.php?rest_route=\/wp\/v2\/types\/post"}],"author":[{"embeddable":true,"href":"http:\/\/culturaliagz.com\/index.php?rest_route=\/wp\/v2\/users\/1"}],"replies":[{"embeddable":true,"href":"http:\/\/culturaliagz.com\/index.php?rest_route=%2Fwp%2Fv2%2Fcomments&post=16341"}],"version-history":[{"count":1,"href":"http:\/\/culturaliagz.com\/index.php?rest_route=\/wp\/v2\/posts\/16341\/revisions"}],"predecessor-version":[{"id":16347,"href":"http:\/\/culturaliagz.com\/index.php?rest_route=\/wp\/v2\/posts\/16341\/revisions\/16347"}],"wp:attachment":[{"href":"http:\/\/culturaliagz.com\/index.php?rest_route=%2Fwp%2Fv2%2Fmedia&parent=16341"}],"wp:term":[{"taxonomy":"category","embeddable":true,"href":"http:\/\/culturaliagz.com\/index.php?rest_route=%2Fwp%2Fv2%2Fcategories&post=16341"},{"taxonomy":"post_tag","embeddable":true,"href":"http:\/\/culturaliagz.com\/index.php?rest_route=%2Fwp%2Fv2%2Ftags&post=16341"}],"curies":[{"name":"wp","href":"https:\/\/api.w.org\/{rel}","templated":true}]}}