{"id":16302,"date":"2024-07-04T23:19:12","date_gmt":"2024-07-04T22:19:12","guid":{"rendered":"http:\/\/culturaliagz.com\/?p=16302"},"modified":"2024-07-04T23:19:15","modified_gmt":"2024-07-04T22:19:15","slug":"de-ninghures-publica-este-venres-5-poco-o-seu-novo-sinxelo","status":"publish","type":"post","link":"http:\/\/culturaliagz.com\/?p=16302","title":{"rendered":"De Ninghures publica este venres 5 &#8216;Po\u00e7o&#8217;, o seu novo sinxelo"},"content":{"rendered":"\n<p><\/p>\n\n\n<div class=\"wp-block-image\">\n<figure class=\"aligncenter size-large\"><a href=\"http:\/\/culturaliagz.com\/wp-content\/uploads\/2024\/07\/Portada-Poco.jpg\" target=\"_blank\" rel=\"noreferrer noopener\"><img loading=\"lazy\" decoding=\"async\" width=\"1024\" height=\"1024\" src=\"http:\/\/culturaliagz.com\/wp-content\/uploads\/2024\/07\/Portada-Poco-1024x1024.jpg\" alt=\"\" class=\"wp-image-16303\" srcset=\"http:\/\/culturaliagz.com\/wp-content\/uploads\/2024\/07\/Portada-Poco-980x980.jpg 980w, http:\/\/culturaliagz.com\/wp-content\/uploads\/2024\/07\/Portada-Poco-480x480.jpg 480w\" sizes=\"auto, (min-width: 0px) and (max-width: 480px) 480px, (min-width: 481px) and (max-width: 980px) 980px, (min-width: 981px) 1024px, 100vw\" \/><\/a><\/figure>\n<\/div>\n\n\n<p><\/p>\n\n\n\n<p><\/p>\n\n\n\n<p class=\"has-text-align-justify has-medium-font-size\"><strong>De Ninghures estrea este venres 5 de xullo o seu novo sinxelo, \u2018Po\u00e7o\u2019, \u201cun convite ao baile, ao bo rollo e \u00e1 foliada\u201d<\/strong><\/p>\n\n\n\n<p class=\"has-text-align-justify\"><strong>O grupo, ga\u00f1ador<\/strong> <strong>dos Premios Ari(t)mar \u00e1<\/strong> <strong>Mellor M\u00fasica do Ano en Galicia polo seu tema<em> Morena,<\/em> presenta este ver\u00e1n un tema ateigado de \u201cenerx\u00eda, naturalidade, desenfado e que invita ao p\u00fablico a pasalo ben\u201d&nbsp;<\/strong><\/p>\n\n\n\n<p class=\"has-text-align-justify\"><strong>A banda actuar\u00e1 ma\u00f1\u00e1, venres 5, no ciclo Atardecer no Gai\u00e1s, e nas vindeiras semanas participar\u00e1 en Festigal, Carballeira de Zas, Festiletras ou Revenidas<\/strong><\/p>\n\n\n\n<p><\/p>\n\n\n\n<p><\/p>\n\n\n<div class=\"wp-block-image\">\n<figure class=\"aligncenter size-large is-resized\"><a href=\"http:\/\/culturaliagz.com\/wp-content\/uploads\/2024\/07\/DeNinghures.jpg\" target=\"_blank\" rel=\"noreferrer noopener\"><img loading=\"lazy\" decoding=\"async\" width=\"1024\" height=\"684\" src=\"http:\/\/culturaliagz.com\/wp-content\/uploads\/2024\/07\/DeNinghures-1024x684.jpg\" alt=\"\" class=\"wp-image-16304\" style=\"width:821px;height:auto\" srcset=\"http:\/\/culturaliagz.com\/wp-content\/uploads\/2024\/07\/DeNinghures-980x654.jpg 980w, http:\/\/culturaliagz.com\/wp-content\/uploads\/2024\/07\/DeNinghures-480x320.jpg 480w\" sizes=\"auto, (min-width: 0px) and (max-width: 480px) 480px, (min-width: 481px) and (max-width: 980px) 980px, (min-width: 981px) 1024px, 100vw\" \/><\/a><\/figure>\n<\/div>\n\n\n<p><\/p>\n\n\n\n<p class=\"has-text-align-justify\">\u201cV\u00e9n bailar, v\u00e9n bailar\u201d. O retrouso do novo sinxelo de De Ninghures \u00e9 expl\u00edcito e directo: un aut\u00e9ntico <strong>convite ao baile, \u00e1 festa e \u00e1 foliada<\/strong>. A banda publica este venres 5 de xullo o seu novo tema,<strong> <em>Po\u00e7o<\/em><\/strong>, unha mui\u00f1eira en\u00e9rxica, ateigada de \u201caire fresco bo rollo e naturalidade\u201d, na li\u00f1a da propia esencia da formaci\u00f3n, e que desta quenda pretende convidar ao p\u00fablico, dun xeito sinxelo e desenfadado, \u201ca pasalo ben\u201d.<\/p>\n\n\n\n<p class=\"has-text-align-justify\"><em>Po\u00e7o<\/em> <a href=\"https:\/\/links.altafonte.com\/yppbdjx\"><\/a><a href=\"https:\/\/links.altafonte.com\/yppbdjx\" target=\"_blank\" rel=\"noreferrer noopener\">estar\u00e1 dispo\u00f1ible a partir das 00.00 horas do d\u00eda 5 nas principais plataformas dixitais<\/a>. Nesta ocasi\u00f3n, o novo sinxelo de De Ninghures acompa\u00f1arase dunha peza audiovisual moi especial e que estar\u00e1 dispo\u00f1ible na s\u00faa canle de Youtube: rodada cunha Handycam polos propios membros do grupo, o videoclip pretende reflectir, con naturalidade, o d\u00eda a d\u00eda da propia formaci\u00f3n, \u00e1 vez que traslada o esp\u00edrito de festa e foliada que a define.\u00a0<\/p>\n\n\n\n<p class=\"has-text-align-justify\">\u201cQueremos que cando a xente escoite <em>Po\u00e7o,<\/em> unha mui\u00f1eira de monta\u00f1a con moita enerx\u00eda, como as que nos gustan, sinta ese convite ao baile, ao bo rollo, \u00e1 foliada. Que a xente sinta como propio o que cantamos e que se vexa reflectida nesa letra, nese retrouso e nesa onda de desenfado, desinhibici\u00f3n e alegr\u00eda\u201d, sinala o grupo, reco\u00f1ecido pola s\u00faa capacidade de experimentar con influencias musicais de todo o mundo sen perder o seu obxectivo: por en valor a m\u00fasica de ra\u00edz e a creaci\u00f3n contempor\u00e1nea.&nbsp;<\/p>\n\n\n\n<p class=\"has-text-align-justify\"><strong>De Ninghures<\/strong>, agrupaci\u00f3n conformada por m\u00fasicos con notable experiencia procedentes de Berganti\u00f1os, Compostela e A Fonsagrada, foi reco\u00f1ecida publicamente esta primavera co galard\u00f3n \u00e1 Mellor M\u00fasica do Ano en Galicia dos Premios Ari(t)mar polo seu tema<em> <strong>Morena<\/strong><\/em>, un sinxelo que d\u00e1 boa conta dun dos seus m\u00e1is claros sinais de identidade: a uni\u00f3n org\u00e1nica entre a tradici\u00f3n galega e a m\u00fasica dance, e que tam\u00e9n est\u00e1 presente, dalg\u00fan xeito, neste novo <em>Po\u00e7o<\/em>, tema do que a banda dar\u00e1 boa conta nos vindeiros directos que ofrecer\u00e1 este ver\u00e1n. <strong>O primeiro deles ter\u00e1 lugar ma\u00f1\u00e1 mesmo, venres 5, <\/strong>en Santiago de Compostela, no marco do ciclo <strong>Atardecer no Gai\u00e1s. <\/strong>Entre as citas destes meses tam\u00e9n est\u00e1n eventos como <strong>Festigal, Festa da Carballeira de Zas, Festiletras ou Revenidas, <\/strong>entre outras moitas.<\/p>\n\n\n\n<p><\/p>\n\n\n<a href=\"http:\/\/culturaliagz.com\/wp-content\/uploads\/2024\/07\/20240704-NP-POCO-Novo-sinxelo-de-De-Ninghures.pdf\" class=\"pdfemb-viewer\" style=\"\" data-width=\"max\" data-height=\"max\" data-toolbar=\"bottom\" data-toolbar-fixed=\"off\">20240704-NP-POCO-Novo-sinxelo-de-De-Ninghures<\/a>\n<p class=\"wp-block-pdfemb-pdf-embedder-viewer\"><\/p>\n","protected":false},"excerpt":{"rendered":"<p>De Ninghures estrea este venres 5 de xullo o seu novo sinxelo, \u2018Po\u00e7o\u2019, \u201cun convite ao baile, ao bo rollo e \u00e1 foliada\u201d O grupo, ga\u00f1ador dos Premios Ari(t)mar \u00e1 [&hellip;]<\/p>\n","protected":false},"author":1,"featured_media":0,"comment_status":"open","ping_status":"open","sticky":false,"template":"","format":"standard","meta":{"_et_pb_use_builder":"","_et_pb_old_content":"","_et_gb_content_width":"","_jetpack_memberships_contains_paid_content":false,"footnotes":""},"categories":[23,7,6,57,1],"tags":[2389,1488,2390,2387,2388],"class_list":["post-16302","post","type-post","status-publish","format-standard","hentry","category-autoresas","category-creacion","category-novas","category-outras-artes","category-xeral","tag-atardecer-no-gaias","tag-de-ninghures","tag-festigal","tag-poco","tag-premios-aritmar-a-mellor-musica-do-ano-en-galicia"],"jetpack_featured_media_url":"","jetpack_sharing_enabled":true,"_links":{"self":[{"href":"http:\/\/culturaliagz.com\/index.php?rest_route=\/wp\/v2\/posts\/16302","targetHints":{"allow":["GET"]}}],"collection":[{"href":"http:\/\/culturaliagz.com\/index.php?rest_route=\/wp\/v2\/posts"}],"about":[{"href":"http:\/\/culturaliagz.com\/index.php?rest_route=\/wp\/v2\/types\/post"}],"author":[{"embeddable":true,"href":"http:\/\/culturaliagz.com\/index.php?rest_route=\/wp\/v2\/users\/1"}],"replies":[{"embeddable":true,"href":"http:\/\/culturaliagz.com\/index.php?rest_route=%2Fwp%2Fv2%2Fcomments&post=16302"}],"version-history":[{"count":1,"href":"http:\/\/culturaliagz.com\/index.php?rest_route=\/wp\/v2\/posts\/16302\/revisions"}],"predecessor-version":[{"id":16306,"href":"http:\/\/culturaliagz.com\/index.php?rest_route=\/wp\/v2\/posts\/16302\/revisions\/16306"}],"wp:attachment":[{"href":"http:\/\/culturaliagz.com\/index.php?rest_route=%2Fwp%2Fv2%2Fmedia&parent=16302"}],"wp:term":[{"taxonomy":"category","embeddable":true,"href":"http:\/\/culturaliagz.com\/index.php?rest_route=%2Fwp%2Fv2%2Fcategories&post=16302"},{"taxonomy":"post_tag","embeddable":true,"href":"http:\/\/culturaliagz.com\/index.php?rest_route=%2Fwp%2Fv2%2Ftags&post=16302"}],"curies":[{"name":"wp","href":"https:\/\/api.w.org\/{rel}","templated":true}]}}