{"id":16295,"date":"2024-07-03T23:24:39","date_gmt":"2024-07-03T22:24:39","guid":{"rendered":"http:\/\/culturaliagz.com\/?p=16295"},"modified":"2024-07-03T23:24:42","modified_gmt":"2024-07-03T22:24:42","slug":"neboa-de-estio-exposicion-colectiva-na-galeria-neboa","status":"publish","type":"post","link":"http:\/\/culturaliagz.com\/?p=16295","title":{"rendered":"N\u00c9BOA DE EST\u00cdO, Exposici\u00f3n colectiva na Galer\u00eda N\u00c9BOA"},"content":{"rendered":"\n<p><\/p>\n\n\n<div class=\"wp-block-image\">\n<figure class=\"aligncenter size-full\"><a href=\"http:\/\/culturaliagz.com\/wp-content\/uploads\/2024\/07\/NEBOA.png\" target=\"_blank\" rel=\"noreferrer noopener\"><img loading=\"lazy\" decoding=\"async\" width=\"1414\" height=\"2000\" src=\"http:\/\/culturaliagz.com\/wp-content\/uploads\/2024\/07\/NEBOA.png\" alt=\"\" class=\"wp-image-16296\" srcset=\"http:\/\/culturaliagz.com\/wp-content\/uploads\/2024\/07\/NEBOA.png 1414w, http:\/\/culturaliagz.com\/wp-content\/uploads\/2024\/07\/NEBOA-1280x1810.png 1280w, http:\/\/culturaliagz.com\/wp-content\/uploads\/2024\/07\/NEBOA-980x1386.png 980w, http:\/\/culturaliagz.com\/wp-content\/uploads\/2024\/07\/NEBOA-480x679.png 480w\" sizes=\"auto, (min-width: 0px) and (max-width: 480px) 480px, (min-width: 481px) and (max-width: 980px) 980px, (min-width: 981px) and (max-width: 1280px) 1280px, (min-width: 1281px) 1414px, 100vw\" \/><\/a><\/figure>\n<\/div>\n\n\n<p><\/p>\n\n\n\n<p><\/p>\n\n\n\n<p class=\"has-text-align-justify\">Exposici\u00f3n colectiva: <strong>&#8220;N\u00c9BOA DE EST\u00cdO&#8221; de Carlota Pereiro, Vicente Blanco e Sabela Eiriz&nbsp;<\/strong><\/p>\n\n\n\n<p class=\"has-text-align-justify\">Dispo\u00f1ible dende o <strong>5 de xullo ata o 7 setembro do 2024&nbsp;<\/strong><\/p>\n\n\n\n<p class=\"has-text-align-justify\">Enderezo <strong>R\u00faa Lamas de Prado 31, Lugo<\/strong><\/p>\n\n\n\n<p><\/p>\n\n\n\n<p class=\"has-text-align-justify\">O vindeiro venres 5 de xullo, a Galer\u00eda N\u00c9BOA inaugura a mostra colectiva <em>N\u00c9BOA DE EST\u00cdO<\/em> dos artistas Carlota Pereiro (Santiago de Compostela, 1988), Vicente Blanco (Cee, 1974) e Sabela Eiriz (Lugo, 1991).<\/p>\n\n\n\n<p><\/p>\n\n\n<a href=\"http:\/\/culturaliagz.com\/wp-content\/uploads\/2024\/07\/NdP_NEBOA-DE-ESTIO_-Galeria-NEBOA.pdf\" class=\"pdfemb-viewer\" style=\"\" data-width=\"max\" data-height=\"max\" data-toolbar=\"bottom\" data-toolbar-fixed=\"off\">NdP_NEBOA-DE-ESTIO_-Galeria-NEBOA<\/a>\n<p class=\"wp-block-pdfemb-pdf-embedder-viewer\"><\/p>\n","protected":false},"excerpt":{"rendered":"<p>Exposici\u00f3n colectiva: &#8220;N\u00c9BOA DE EST\u00cdO&#8221; de Carlota Pereiro, Vicente Blanco e Sabela Eiriz&nbsp; Dispo\u00f1ible dende o 5 de xullo ata o 7 setembro do 2024&nbsp; Enderezo R\u00faa Lamas de Prado [&hellip;]<\/p>\n","protected":false},"author":1,"featured_media":0,"comment_status":"open","ping_status":"open","sticky":false,"template":"","format":"standard","meta":{"_et_pb_use_builder":"","_et_pb_old_content":"","_et_gb_content_width":"","_jetpack_memberships_contains_paid_content":false,"footnotes":""},"categories":[23,7,6,57,1],"tags":[2385,2236,2384,2168,2386],"class_list":["post-16295","post","type-post","status-publish","format-standard","hentry","category-autoresas","category-creacion","category-novas","category-outras-artes","category-xeral","tag-carlota-pereiro","tag-neboa","tag-neboa-de-estio","tag-sabela-eiriz","tag-vicente-blanco"],"jetpack_featured_media_url":"","jetpack_sharing_enabled":true,"_links":{"self":[{"href":"http:\/\/culturaliagz.com\/index.php?rest_route=\/wp\/v2\/posts\/16295","targetHints":{"allow":["GET"]}}],"collection":[{"href":"http:\/\/culturaliagz.com\/index.php?rest_route=\/wp\/v2\/posts"}],"about":[{"href":"http:\/\/culturaliagz.com\/index.php?rest_route=\/wp\/v2\/types\/post"}],"author":[{"embeddable":true,"href":"http:\/\/culturaliagz.com\/index.php?rest_route=\/wp\/v2\/users\/1"}],"replies":[{"embeddable":true,"href":"http:\/\/culturaliagz.com\/index.php?rest_route=%2Fwp%2Fv2%2Fcomments&post=16295"}],"version-history":[{"count":1,"href":"http:\/\/culturaliagz.com\/index.php?rest_route=\/wp\/v2\/posts\/16295\/revisions"}],"predecessor-version":[{"id":16298,"href":"http:\/\/culturaliagz.com\/index.php?rest_route=\/wp\/v2\/posts\/16295\/revisions\/16298"}],"wp:attachment":[{"href":"http:\/\/culturaliagz.com\/index.php?rest_route=%2Fwp%2Fv2%2Fmedia&parent=16295"}],"wp:term":[{"taxonomy":"category","embeddable":true,"href":"http:\/\/culturaliagz.com\/index.php?rest_route=%2Fwp%2Fv2%2Fcategories&post=16295"},{"taxonomy":"post_tag","embeddable":true,"href":"http:\/\/culturaliagz.com\/index.php?rest_route=%2Fwp%2Fv2%2Ftags&post=16295"}],"curies":[{"name":"wp","href":"https:\/\/api.w.org\/{rel}","templated":true}]}}