{"id":16287,"date":"2024-07-02T22:49:03","date_gmt":"2024-07-02T21:49:03","guid":{"rendered":"http:\/\/culturaliagz.com\/?p=16287"},"modified":"2024-07-02T22:49:06","modified_gmt":"2024-07-02T21:49:06","slug":"garcia-mc-publica-o-videoclip-do-seu-novo-sincelo-mirame","status":"publish","type":"post","link":"http:\/\/culturaliagz.com\/?p=16287","title":{"rendered":"Garc\u00eda Mc publica o videoclip do seu novo sincelo &#8220;M\u00edrame!&#8221;"},"content":{"rendered":"\n<p><\/p>\n\n\n\n<figure class=\"wp-block-embed is-type-video is-provider-youtube wp-block-embed-youtube wp-embed-aspect-16-9 wp-has-aspect-ratio\"><div class=\"wp-block-embed__wrapper\">\n<iframe loading=\"lazy\" title=\"GARC\u00cdA MC - M\u00edrame! (Beat x Peter Petrowski) VIDEOCLIP\" width=\"1080\" height=\"608\" src=\"https:\/\/www.youtube.com\/embed\/L1egdKYavM0?feature=oembed\" frameborder=\"0\" allow=\"accelerometer; autoplay; clipboard-write; encrypted-media; gyroscope; picture-in-picture; web-share\" referrerpolicy=\"strict-origin-when-cross-origin\" allowfullscreen><\/iframe>\n<\/div><\/figure>\n\n\n\n<p><\/p>\n\n\n\n<p><\/p>\n\n\n\n<p class=\"has-text-align-justify\">Garc\u00eda Mc lanza o videoclip do seu novo tema \u201cM\u00edrame!\u201d, no que critica duramente o xenocidio en Palestina. Nun v\u00eddeo no que xoga coas sombras para recrear imaxes cr\u00faas, o rapeiro amosa o seu apoio cara o sector m\u00e1is castigado no conflito, os nenos. Tras a boa acollida do lanzamento do tema, Garc\u00eda mant\u00e9n o compromiso social que o caracteriza para dar forma a unha representaci\u00f3n visual da canci\u00f3n cargada de reivindicaci\u00f3n e cr\u00edtica aceda.<\/p>\n\n\n\n<p class=\"has-text-align-justify\">\u201c<em>M\u00edrame!<\/em>\u201d, presentada o pasado xoves baixo a produci\u00f3n de Petrowski (Ezetaerre), x\u00fantase a \u201c<em>Quen Son Eu?<\/em>\u201d e \u201c<em>Aguardiente<\/em>\u201d como temas publicados recentemente por parte do rapeiro. Preto est\u00e1 xa o seu pr\u00f3ximo traballo discogr\u00e1fico, que recibir\u00e1 o nome de \u201c<em>Sergio Manuel<\/em>\u201d, e que ser\u00e1 un EP de car\u00e1cter autobiogr\u00e1fico. \u201c<em>M\u00edrame!<\/em>\u201d \u00e9 unha par\u00e9ntese nos lanzamentos do seu novo disco, a modo de canci\u00f3n urxente polos nenos de Palestina.<\/p>\n\n\n\n<p class=\"has-text-align-justify\">Por outra banda, \u00e1brese unha nova etapa para o rapeiro, que v\u00e9n de anunciar fai escasos d\u00edas o peche do ciclo ca Naci\u00f3n Quilombo. Tras 7 anos de traxectoria nas que creou unha banda rapeira de m\u00fasicas do mundo, Garc\u00eda Mc pecha esta etapa para abrirse a novos horizontes art\u00edsticos e creativos que anunciar\u00e1 en breve. As \u00faltimas oportunidades de desfrutar deste directo \u00fanico en Galicia ser\u00e1n este 2024. Un directo que destacou por presentarse ante m\u00e1is de 20.000 persoas na praza coru\u00f1esa de Mar\u00eda Pita, entre outras datas moi sinaladas como a do Ap\u00f3stolo en Santiago. O ic\u00f3nico Festival Revenidas ser\u00e1 o lugar encargado para facer a despedida m\u00e1is p\u00fablica da Naci\u00f3n Quilombo, cun concerto especial no que interpretar\u00e1n os seus grandes \u00e9xitos. O evento realizado en Vilaxo\u00e1n de Arousa confirmou o seu concerto para o venres 13 de setembro no \u00faltimo avance de artistas publicado a semana pasada.<\/p>\n\n\n\n<p><strong>M\u00c1IS SOBRE GARC\u00cdA MC<\/strong><\/p>\n\n\n\n<p class=\"has-text-align-justify\">Garc\u00eda Mc \u00e9 un dos grandes referentes da cultura hip-hop en Galicia. O rapeiro galego leva mudando o panorama musical os m\u00e1is de 25 anos que leva en activo, destacando por levar as s\u00faas rimas lonxe das fronteiras galegas con diversas incursi\u00f3ns por Latinoam\u00e9rica, polo af\u00e1n did\u00e1ctico e divulgativo que o levou a impartir clases e obradoiros sobre cultura hip-hop e rimas, ou polo seu interese na combinaci\u00f3n de x\u00e9neros con enfoque multicultural. O seu \u00e9xito quedou patente en concertos como o da de Mar\u00eda Pita en 2022, ante 20.000 persoas que celebraban as festas da Coru\u00f1a, as\u00ed como en numerosos concertos en pa\u00edses como Portugal, Dinamarca, Cuba, Guinea-Bissau ou M\u00e9xico, ou na participaci\u00f3n en grandes festivais como o SonR\u00edas Baixas en 2022 ou o Festival Noroeste da Coru\u00f1a en 2023.<\/p>\n\n\n\n<p class=\"has-text-align-justify\">En 2023, Garc\u00eda Mc comezou a asentar as bases do que ser\u00e1 o seu pr\u00f3ximo traballo co adianto de \u201c<em>Quen son eu?\u201d<\/em>, que conta coa colaboraci\u00f3n con Xisco Feijoo, e \u201c<em>Aguardiente<\/em>\u201d, no que colaboran artistas do m\u00edtico grupo Orishas, Julio Maloa, integrante de La Ra\u00edz, ou Dj Hazhe. Estes temas estar\u00e1n inclu\u00eddos no seu novo EP titulado \u201c<em>Sergio Manuel<\/em>\u201d, que ver\u00e1 a luz nos pr\u00f3ximos meses e ter\u00e1 un car\u00e1cter autobiogr\u00e1fico co que promete sorprender de novo ao seu p\u00fablico, amosando as\u00ed a s\u00faa clara faceta innovadora, vers\u00e1til e inconformista. \u201cM\u00edrame!\u201d irrompe momentaneamente entre os lanzamentos do seu novo disco dada a situaci\u00f3n urxente pola humanidade na Palestina Hist\u00f3rica, ao verso de: \u201c<em>Neno palestino, este \u00e9 o meu rezo, a t\u00faa dignidade e luz eu agradezo<\/em>\u201d.<\/p>\n","protected":false},"excerpt":{"rendered":"<p>Garc\u00eda Mc lanza o videoclip do seu novo tema \u201cM\u00edrame!\u201d, no que critica duramente o xenocidio en Palestina. Nun v\u00eddeo no que xoga coas sombras para recrear imaxes cr\u00faas, o [&hellip;]<\/p>\n","protected":false},"author":1,"featured_media":0,"comment_status":"open","ping_status":"open","sticky":false,"template":"","format":"standard","meta":{"_et_pb_use_builder":"","_et_pb_old_content":"","_et_gb_content_width":"","_jetpack_memberships_contains_paid_content":false,"footnotes":""},"categories":[23,7,6,57,1],"tags":[1555,2369],"class_list":["post-16287","post","type-post","status-publish","format-standard","hentry","category-autoresas","category-creacion","category-novas","category-outras-artes","category-xeral","tag-garcia-mc","tag-mirame"],"jetpack_featured_media_url":"","jetpack_sharing_enabled":true,"_links":{"self":[{"href":"http:\/\/culturaliagz.com\/index.php?rest_route=\/wp\/v2\/posts\/16287","targetHints":{"allow":["GET"]}}],"collection":[{"href":"http:\/\/culturaliagz.com\/index.php?rest_route=\/wp\/v2\/posts"}],"about":[{"href":"http:\/\/culturaliagz.com\/index.php?rest_route=\/wp\/v2\/types\/post"}],"author":[{"embeddable":true,"href":"http:\/\/culturaliagz.com\/index.php?rest_route=\/wp\/v2\/users\/1"}],"replies":[{"embeddable":true,"href":"http:\/\/culturaliagz.com\/index.php?rest_route=%2Fwp%2Fv2%2Fcomments&post=16287"}],"version-history":[{"count":1,"href":"http:\/\/culturaliagz.com\/index.php?rest_route=\/wp\/v2\/posts\/16287\/revisions"}],"predecessor-version":[{"id":16288,"href":"http:\/\/culturaliagz.com\/index.php?rest_route=\/wp\/v2\/posts\/16287\/revisions\/16288"}],"wp:attachment":[{"href":"http:\/\/culturaliagz.com\/index.php?rest_route=%2Fwp%2Fv2%2Fmedia&parent=16287"}],"wp:term":[{"taxonomy":"category","embeddable":true,"href":"http:\/\/culturaliagz.com\/index.php?rest_route=%2Fwp%2Fv2%2Fcategories&post=16287"},{"taxonomy":"post_tag","embeddable":true,"href":"http:\/\/culturaliagz.com\/index.php?rest_route=%2Fwp%2Fv2%2Ftags&post=16287"}],"curies":[{"name":"wp","href":"https:\/\/api.w.org\/{rel}","templated":true}]}}