{"id":16253,"date":"2024-06-30T10:44:25","date_gmt":"2024-06-30T09:44:25","guid":{"rendered":"http:\/\/culturaliagz.com\/?p=16253"},"modified":"2024-06-30T10:44:29","modified_gmt":"2024-06-30T09:44:29","slug":"o-xii-festival-atlantica-programa-en-santiago-unha-vintena-de-propostas-entre-o-1-e-o-6-de-xullo","status":"publish","type":"post","link":"http:\/\/culturaliagz.com\/?p=16253","title":{"rendered":"O XII FESTIVAL ATL\u00c1NTICA PROGRAMA EN SANTIAGO UNHA VINTENA DE PROPOSTAS ENTRE O 1 E O 6 DE XULLO"},"content":{"rendered":"\n<p><\/p>\n\n\n\n<p><\/p>\n\n\n<div class=\"wp-block-image\">\n<figure class=\"aligncenter size-large\"><a href=\"http:\/\/culturaliagz.com\/wp-content\/uploads\/2024\/06\/cartel_datas_ATL24-scaled.jpeg\" target=\"_blank\" rel=\"noreferrer noopener\"><img loading=\"lazy\" decoding=\"async\" width=\"725\" height=\"1024\" src=\"http:\/\/culturaliagz.com\/wp-content\/uploads\/2024\/06\/cartel_datas_ATL24-725x1024.jpeg\" alt=\"\" class=\"wp-image-16254\"\/><\/a><\/figure>\n<\/div>\n\n\n<p><\/p>\n\n\n\n<p><\/p>\n\n\n\n<p class=\"has-text-align-justify\"><strong>24 planes diferentes gratu\u00edtos que incl\u00faen contos, m\u00fasica, andainas, unha ruta en bicicleta, un documental e un obradoiro<\/strong><\/p>\n\n\n\n<p class=\"has-text-align-justify\"><strong>A funci\u00f3n inaugural ser\u00e1 \u2018Pisando el llano\u2019 de La Chana Teatro que tam\u00e9n representar\u00e1 \u2018Blancanieves\u2019, premio Max 2023 ao mellor espect\u00e1culo infantil, xuvenil e familiar<\/strong><\/p>\n\n\n\n<p class=\"has-text-align-justify\"><strong>Xunto \u00e1 portuguesa Ana Sofia Paiva e o xapon\u00e9s Yoshi Hioki estar\u00e1n \u2018cl\u00e1sicos\u2019 de Atl\u00e1ntica como Paula Carballeira, Vero Rilo, Cris de Caldas, Paco Nogueiras ou Raquel Queiz\u00e1s, entre outros<\/strong><\/p>\n\n\n\n<p class=\"has-text-align-justify\"><strong>Protagonismo de la fusi\u00f3n de m\u00fasica e contos cos espect\u00e1culos \u2018Contos de revoluci\u00f3n: entre Brassens e Neira Vilas\u2019, de Dani Blanco e Z\u00e9 Pumar, e \u2018Patios de luz\u2019de Su Garrido Pombo<\/strong><\/p>\n\n\n\n<p class=\"has-text-align-justify\"><strong>A programaci\u00f3n completa p\u00f3dese consultar na web festivalatlantica.gal<\/strong><\/p>\n\n\n\n<p class=\"has-text-align-justify\"><br><\/p>\n\n\n\n<figure class=\"wp-block-gallery has-nested-images columns-default is-cropped wp-block-gallery-1 is-layout-flex wp-block-gallery-is-layout-flex\">\n<figure class=\"wp-block-image size-large\"><a href=\"http:\/\/culturaliagz.com\/wp-content\/uploads\/2024\/06\/Atlantica-2024-Artistas-Santiago.jpeg\" target=\"_blank\" rel=\"noreferrer noopener\"><img loading=\"lazy\" decoding=\"async\" width=\"1024\" height=\"576\" data-id=\"16255\" src=\"http:\/\/culturaliagz.com\/wp-content\/uploads\/2024\/06\/Atlantica-2024-Artistas-Santiago-1024x576.jpeg\" alt=\"\" class=\"wp-image-16255\" srcset=\"http:\/\/culturaliagz.com\/wp-content\/uploads\/2024\/06\/Atlantica-2024-Artistas-Santiago-980x551.jpeg 980w, http:\/\/culturaliagz.com\/wp-content\/uploads\/2024\/06\/Atlantica-2024-Artistas-Santiago-480x270.jpeg 480w\" sizes=\"auto, (min-width: 0px) and (max-width: 480px) 480px, (min-width: 481px) and (max-width: 980px) 980px, (min-width: 981px) 1024px, 100vw\" \/><\/a><\/figure>\n\n\n\n<figure class=\"wp-block-image size-large\"><a href=\"http:\/\/culturaliagz.com\/wp-content\/uploads\/2024\/06\/Atlantica-2023-Museo-do-Pobo-Galego.jpeg\" target=\"_blank\" rel=\"noreferrer noopener\"><img loading=\"lazy\" decoding=\"async\" width=\"1024\" height=\"683\" data-id=\"16257\" src=\"http:\/\/culturaliagz.com\/wp-content\/uploads\/2024\/06\/Atlantica-2023-Museo-do-Pobo-Galego-1024x683.jpeg\" alt=\"\" class=\"wp-image-16257\" srcset=\"http:\/\/culturaliagz.com\/wp-content\/uploads\/2024\/06\/Atlantica-2023-Museo-do-Pobo-Galego-980x653.jpeg 980w, http:\/\/culturaliagz.com\/wp-content\/uploads\/2024\/06\/Atlantica-2023-Museo-do-Pobo-Galego-480x320.jpeg 480w\" sizes=\"auto, (min-width: 0px) and (max-width: 480px) 480px, (min-width: 481px) and (max-width: 980px) 980px, (min-width: 981px) 1024px, 100vw\" \/><\/a><\/figure>\n\n\n\n<figure class=\"wp-block-image size-large\"><a href=\"http:\/\/culturaliagz.com\/wp-content\/uploads\/2024\/06\/Atlantica-2023-CSC-Maruxa-e-Coralia.jpeg\" target=\"_blank\" rel=\"noreferrer noopener\"><img loading=\"lazy\" decoding=\"async\" width=\"1024\" height=\"683\" data-id=\"16256\" src=\"http:\/\/culturaliagz.com\/wp-content\/uploads\/2024\/06\/Atlantica-2023-CSC-Maruxa-e-Coralia-1024x683.jpeg\" alt=\"\" class=\"wp-image-16256\" srcset=\"http:\/\/culturaliagz.com\/wp-content\/uploads\/2024\/06\/Atlantica-2023-CSC-Maruxa-e-Coralia-980x653.jpeg 980w, http:\/\/culturaliagz.com\/wp-content\/uploads\/2024\/06\/Atlantica-2023-CSC-Maruxa-e-Coralia-480x320.jpeg 480w\" sizes=\"auto, (min-width: 0px) and (max-width: 480px) 480px, (min-width: 481px) and (max-width: 980px) 980px, (min-width: 981px) 1024px, 100vw\" \/><\/a><\/figure>\n<\/figure>\n\n\n\n<p><\/p>\n\n\n\n<p class=\"has-text-align-justify\">O\u00a0<strong><a href=\"http:\/\/festivalatlantica.gal\/\" target=\"_blank\" rel=\"noreferrer noopener\">Festival Atl\u00e1ntica<\/a><\/strong>\u00a0ultima os preparativos para desembarcar en\u00a0<strong>Santiago de Compostela e a s\u00faa bisbarra<\/strong>\u00a0cun intenso programa que desenvolver\u00e1\u00a0<strong>24 actividades gratu\u00edtas entre os d\u00edas 1 e 6 de xullo<\/strong>. A descentralizaci\u00f3n \u00e9 unha das marcas do veterano encontro en Compostela, con funci\u00f3ns urbanas que conviven coa aposta decidida por barrios, lugares e parroquias do extenso rural do concello. Boa parte das propostas son de narraci\u00f3n oral, pero haber\u00e1 tam\u00e9n espect\u00e1culos que mesturen contos e m\u00fasica, e actividades mais diversas como andainas e mesmo a proxecci\u00f3n dun documental e un obradoiro de memoria.<\/p>\n\n\n\n<p class=\"has-text-align-justify\">O espect\u00e1culo inaugural da edici\u00f3n deste ano vai ser o unipersoal&nbsp;<em>Pisando el llano<\/em>&nbsp;da compa\u00f1\u00eda salmantina La Chana Teatro que tam\u00e9n levar\u00e1 ata ao Teatro Principal&nbsp;<em>Blancanieves<\/em>, unha obra multipremiada que no 2023 acadou o Max ao mellor espect\u00e1culo infantil, xuvenil e familiar. Tam\u00e9n de f\u00f3ra de Galicia ser\u00e1n as historias da portuguesa Ana Sofia Paiva e do xapon\u00e9s Yoshi Hioki, ambos os dous con propostas para p\u00fablico familiar e adulto.<\/p>\n\n\n\n<p class=\"has-text-align-justify\">Mais a gran maior\u00eda do programa recae sobre artistas da narraci\u00f3n galega: Paula Carballeira, Raquel Queiz\u00e1s, Inacio Vilari\u00f1o, Vero Rilo, Inma Soto, Iseo Agilda e Pabl\u00edsimo. Haber\u00e1 tam\u00e9n funci\u00f3ns con m\u00fasica que chegar\u00e1n da man de Lu\u00eds Prego e Samuel Soto, Cris de Caldas e Xabi do Cami\u00f1o e Paco Nogueiras. Menci\u00f3n aparte merecen a estrea o venres 5 de&nbsp;<em>Contos de revoluci\u00f3n: entre Brassens e Neira Vilas<\/em>, de Dani Blanco e Z\u00e9 Pumar, e a clausura en Compostela con Su Garrido Pombo e&nbsp;<em>Patios de luz<\/em>&nbsp;na explanada da Colexiata de Sar o&nbsp;s\u00e1bado 6.<\/p>\n\n\n\n<p class=\"has-text-align-justify\"><strong>Propostas diversas<\/strong><br>O p\u00fablico m\u00e1is activo ter\u00e1 este ano a posibilidade de gozar de d\u00faas andainas, unha nocturna polos petr\u00f3glifos da Devesa da Rula guiada polo Colectivo A Rula e que xa esgotou as s\u00faas prazas, e outra di\u00farna polo rom\u00e1nico do rural da igrexa de Santa Mar\u00eda de Figueiras. Outra proposta \u00e9 co\u00f1ecer os castros da bisbarra nunha ruta en bicicleta na que colabora a Gentalha do Pichel. Pechan o apartado de actividades diversas o obradoiro Memoria e relato dos obxectos a cargo de Alba Grande e a proxecci\u00f3n do documental&nbsp;<em>Caneli\u00f1as<\/em>, de Paula Casti\u00f1eiras e Mar\u00eda Gonz\u00e1lez, no Museo do Pobo Galego<\/p>\n\n\n\n<p class=\"has-text-align-justify\">No tocante ao veci\u00f1o concello de Teo, poder\u00e1 gozar tam\u00e9n de Atl\u00e1ntica entre os d\u00edas 3 e 6 de xullo cunha variada programaci\u00f3n para a cativada con funci\u00f3ns de Yoshi Hioki e Vero Rilo. Ademais o p\u00fablico adulto ter\u00e1 a sorte de presenciar a estrea de&nbsp;<em>Contar para vivilo<\/em>&nbsp;de C\u00e1ndido Paz\u00f3 e os&nbsp;<em>Contos e cantos da Baleanorte<\/em>&nbsp;de Lidia Luna acompa\u00f1ada de Ug\u00eda Pedreira.<\/p>\n\n\n\n<p class=\"has-text-align-justify\"><strong>Toda Galicia&#8230; e Portugal<\/strong><br>Ademais, o 3 de xullo marcar\u00e1 o inicio do festival en boa parte das 25 sedes espalladas por toda Galicia. Este ano participan en Atl\u00e1ntica, al\u00e9n de Santiago e Teo, os concellos de Ferrol, A Coru\u00f1a, A Estrada, A Pobra do Carami\u00f1al, Alfoz, Betanzos, Bri\u00f3n, Caldas de Reis, Chantada, Cuntis, Dodro, Lobios, Meaus, Mugardos, Ourense, Outes, Palas de Rei, Pazos de Borb\u00e9n, Ribeira, Rois, Sanxenxo, Vigo e Vilalba. A esta extensa actividade c\u00f3mpre engadir a programaci\u00f3n de Portugal que levar\u00e1 trece propostas a cinco sedes diferentes, reafirmando o car\u00e1cter transfronteirizo do encontro.&nbsp;<\/p>\n\n\n\n<p class=\"has-text-align-justify\">O XII Festival Atl\u00e1ntica \u00e9 posible grazas ao patrocinio da Xunta de Cultura e da Deputaci\u00f3n da Coru\u00f1a e ao apoio dos concellos de Santiago de Compostela, Ferrol, Teo, Alfoz, Caldas de Reis, Dodro, Mugardos, Outes, A Pobra do Carami\u00f1al, Ribeira, Sanxenxo e Vilalba. A programaci\u00f3n actualizada p\u00f3dese consultar na web festivalatlantica.gal.<\/p>\n\n\n\n<p><\/p>\n\n\n\n<p>PROGRAMACI\u00d3N <\/p>\n\n\n\n<p><\/p>\n\n\n<a href=\"http:\/\/culturaliagz.com\/wp-content\/uploads\/2024\/06\/ATL24_COMPOSTELA_programa.pdf\" class=\"pdfemb-viewer\" style=\"\" data-width=\"max\" data-height=\"max\" data-toolbar=\"bottom\" data-toolbar-fixed=\"off\">ATL24_COMPOSTELA_programa<\/a>\n<p class=\"wp-block-pdfemb-pdf-embedder-viewer\"><\/p>\n\n\n\n<p><\/p>\n\n\n\n<p class=\"has-text-align-justify\"><strong>Festival Atl\u00e1ntica<\/strong><br>Atl\u00e1ntica, Festival Internacional de Narraci\u00f3n Oral, naceu no ano 2013 con sede en Santiago de Compostela cunha clara vocaci\u00f3n de ser un encontro de voces e historias de perfil atlanticista. Mant\u00e9n o seu obxectivo de indagar nas ra\u00edces com\u00fans das historias do oc\u00e9ano, na procura da identidade cultural do Atl\u00e1ntico. Traballa a prol da posta en valor dunha arte esc\u00e9nica vinculada ao territorio, antiga pero adaptada aos tempos, e ampara, xera e difunde unha narrativa integradora, igualitaria e sostible.<\/p>\n\n\n\n<p><\/p>\n\n\n<a href=\"http:\/\/culturaliagz.com\/wp-content\/uploads\/2024\/06\/20240627-NP-Festival-Atlantica-Santiago.pdf\" class=\"pdfemb-viewer\" style=\"\" data-width=\"max\" data-height=\"max\" data-toolbar=\"bottom\" data-toolbar-fixed=\"off\">20240627-NP-Festival-Atlantica-Santiago<\/a>\n<p class=\"wp-block-pdfemb-pdf-embedder-viewer\"><\/p>\n\n\n\n<p><\/p>\n\n\n\n<p><\/p>\n\n\n\n<p>DOSSIER<\/p>\n\n\n\n<p><\/p>\n\n\n<a href=\"http:\/\/culturaliagz.com\/wp-content\/uploads\/2024\/06\/FA-2024-Dossier_SANTIAGO.pdf\" class=\"pdfemb-viewer\" style=\"\" data-width=\"max\" data-height=\"max\" data-toolbar=\"bottom\" data-toolbar-fixed=\"off\">FA-2024-Dossier_SANTIAGO<\/a>\n<p class=\"wp-block-pdfemb-pdf-embedder-viewer\"><\/p>\n","protected":false},"excerpt":{"rendered":"<p>24 planes diferentes gratu\u00edtos que incl\u00faen contos, m\u00fasica, andainas, unha ruta en bicicleta, un documental e un obradoiro A funci\u00f3n inaugural ser\u00e1 \u2018Pisando el llano\u2019 de La Chana Teatro que [&hellip;]<\/p>\n","protected":false},"author":1,"featured_media":0,"comment_status":"open","ping_status":"open","sticky":false,"template":"","format":"standard","meta":{"_et_pb_use_builder":"","_et_pb_old_content":"","_et_gb_content_width":"","_jetpack_memberships_contains_paid_content":false,"footnotes":""},"categories":[23,7,129,6,57,1],"tags":[629,2372,175],"class_list":["post-16253","post","type-post","status-publish","format-standard","hentry","category-autoresas","category-creacion","category-literaria","category-novas","category-outras-artes","category-xeral","tag-festival-atlantica","tag-gentalha-do-pichel","tag-museo-do-pobo-galego"],"jetpack_featured_media_url":"","jetpack_sharing_enabled":true,"_links":{"self":[{"href":"http:\/\/culturaliagz.com\/index.php?rest_route=\/wp\/v2\/posts\/16253","targetHints":{"allow":["GET"]}}],"collection":[{"href":"http:\/\/culturaliagz.com\/index.php?rest_route=\/wp\/v2\/posts"}],"about":[{"href":"http:\/\/culturaliagz.com\/index.php?rest_route=\/wp\/v2\/types\/post"}],"author":[{"embeddable":true,"href":"http:\/\/culturaliagz.com\/index.php?rest_route=\/wp\/v2\/users\/1"}],"replies":[{"embeddable":true,"href":"http:\/\/culturaliagz.com\/index.php?rest_route=%2Fwp%2Fv2%2Fcomments&post=16253"}],"version-history":[{"count":1,"href":"http:\/\/culturaliagz.com\/index.php?rest_route=\/wp\/v2\/posts\/16253\/revisions"}],"predecessor-version":[{"id":16261,"href":"http:\/\/culturaliagz.com\/index.php?rest_route=\/wp\/v2\/posts\/16253\/revisions\/16261"}],"wp:attachment":[{"href":"http:\/\/culturaliagz.com\/index.php?rest_route=%2Fwp%2Fv2%2Fmedia&parent=16253"}],"wp:term":[{"taxonomy":"category","embeddable":true,"href":"http:\/\/culturaliagz.com\/index.php?rest_route=%2Fwp%2Fv2%2Fcategories&post=16253"},{"taxonomy":"post_tag","embeddable":true,"href":"http:\/\/culturaliagz.com\/index.php?rest_route=%2Fwp%2Fv2%2Ftags&post=16253"}],"curies":[{"name":"wp","href":"https:\/\/api.w.org\/{rel}","templated":true}]}}