{"id":16245,"date":"2024-06-28T15:08:12","date_gmt":"2024-06-28T14:08:12","guid":{"rendered":"http:\/\/culturaliagz.com\/?p=16245"},"modified":"2024-06-28T15:09:06","modified_gmt":"2024-06-28T14:09:06","slug":"marimondra-%f0%9f%8f%b3%ef%b8%8f%f0%9f%8c%88-o-sinxelo-co-que-mondra-reivindica-con-orgullo-ser-galego-e-maricon-xa-esta-disponible-nas-plataformas-dixitais","status":"publish","type":"post","link":"http:\/\/culturaliagz.com\/?p=16245","title":{"rendered":"MARIMONDRA \ud83c\udff3\ufe0f\u200d\ud83c\udf08, o sinxelo co que Mondra reivindica con orgullo \u201cser galego e maric\u00f3n\u201d, xa est\u00e1 dispo\u00f1ible nas plataformas dixitais"},"content":{"rendered":"\n<p><\/p>\n\n\n\n<p><\/p>\n\n\n<div class=\"wp-block-image\">\n<figure class=\"aligncenter size-full is-resized\"><a href=\"http:\/\/culturaliagz.com\/wp-content\/uploads\/2024\/06\/Mondra-presenta-MARIMONDRA-\u00a9-Aigi-Boga.jpeg\" target=\"_blank\" rel=\"noreferrer noopener\"><img loading=\"lazy\" decoding=\"async\" width=\"800\" height=\"1200\" src=\"http:\/\/culturaliagz.com\/wp-content\/uploads\/2024\/06\/Mondra-presenta-MARIMONDRA-\u00a9-Aigi-Boga.jpeg\" alt=\"\" class=\"wp-image-16246\" style=\"width:783px;height:auto\" srcset=\"http:\/\/culturaliagz.com\/wp-content\/uploads\/2024\/06\/Mondra-presenta-MARIMONDRA-\u00a9-Aigi-Boga.jpeg 800w, http:\/\/culturaliagz.com\/wp-content\/uploads\/2024\/06\/Mondra-presenta-MARIMONDRA-\u00a9-Aigi-Boga-200x300.jpeg 200w, http:\/\/culturaliagz.com\/wp-content\/uploads\/2024\/06\/Mondra-presenta-MARIMONDRA-\u00a9-Aigi-Boga-683x1024.jpeg 683w, http:\/\/culturaliagz.com\/wp-content\/uploads\/2024\/06\/Mondra-presenta-MARIMONDRA-\u00a9-Aigi-Boga-768x1152.jpeg 768w, http:\/\/culturaliagz.com\/wp-content\/uploads\/2024\/06\/Mondra-presenta-MARIMONDRA-\u00a9-Aigi-Boga-480x720.jpeg 480w\" sizes=\"auto, (max-width: 800px) 100vw, 800px\" \/><\/a><\/figure>\n<\/div>\n\n\n<p><\/p>\n\n\n\n<p class=\"has-text-align-justify\"><strong>A nova creaci\u00f3n de Mondra, un tema proLGBTIQA+ no que reivindica a creaci\u00f3n cuir en galego e feita no pa\u00eds, quere dar voz \u00e1 disidencia e \u00e1 diversidade<\/strong><\/p>\n\n\n\n<p class=\"has-text-align-justify\"><strong><br class=\"\"><\/strong><strong>O tema acomp\u00e1\u00f1ase dun videoclip no que o artista e o seu equipo bailan rodeados de froita de orixe galega, \u00e1 vez que signan e visibilizan termos como \u201ctrans\u201d, \u201clesbiana\u201d, \u201ccuir\u201d ou \u201cmarica\u201d<\/strong><\/p>\n\n\n\n<p class=\"has-text-align-justify\"><br><\/p>\n\n\n\n<figure class=\"wp-block-gallery has-nested-images columns-default is-cropped wp-block-gallery-1 is-layout-flex wp-block-gallery-is-layout-flex\">\n<figure class=\"wp-block-image size-large\"><a href=\"http:\/\/culturaliagz.com\/wp-content\/uploads\/2024\/06\/Mondra_Marimonda-4-\u00a9-Aigi-Boga.jpeg\" target=\"_blank\" rel=\"noreferrer noopener\"><img loading=\"lazy\" decoding=\"async\" width=\"683\" height=\"1024\" data-id=\"16247\" src=\"http:\/\/culturaliagz.com\/wp-content\/uploads\/2024\/06\/Mondra_Marimonda-4-\u00a9-Aigi-Boga-683x1024.jpeg\" alt=\"\" class=\"wp-image-16247\" srcset=\"http:\/\/culturaliagz.com\/wp-content\/uploads\/2024\/06\/Mondra_Marimonda-4-\u00a9-Aigi-Boga-683x1024.jpeg 683w, http:\/\/culturaliagz.com\/wp-content\/uploads\/2024\/06\/Mondra_Marimonda-4-\u00a9-Aigi-Boga-200x300.jpeg 200w, http:\/\/culturaliagz.com\/wp-content\/uploads\/2024\/06\/Mondra_Marimonda-4-\u00a9-Aigi-Boga-768x1152.jpeg 768w, http:\/\/culturaliagz.com\/wp-content\/uploads\/2024\/06\/Mondra_Marimonda-4-\u00a9-Aigi-Boga-980x1470.jpeg 980w, http:\/\/culturaliagz.com\/wp-content\/uploads\/2024\/06\/Mondra_Marimonda-4-\u00a9-Aigi-Boga-480x720.jpeg 480w, http:\/\/culturaliagz.com\/wp-content\/uploads\/2024\/06\/Mondra_Marimonda-4-\u00a9-Aigi-Boga.jpeg 1000w\" sizes=\"auto, (max-width: 683px) 100vw, 683px\" \/><\/a><\/figure>\n\n\n\n<figure class=\"wp-block-image size-large\"><a href=\"http:\/\/culturaliagz.com\/wp-content\/uploads\/2024\/06\/Mondra_Marimonda-3-\u00a9-Aigi-Boga.jpeg\" target=\"_blank\" rel=\"noreferrer noopener\"><img loading=\"lazy\" decoding=\"async\" width=\"1024\" height=\"683\" data-id=\"16248\" src=\"http:\/\/culturaliagz.com\/wp-content\/uploads\/2024\/06\/Mondra_Marimonda-3-\u00a9-Aigi-Boga-1024x683.jpeg\" alt=\"\" class=\"wp-image-16248\" srcset=\"http:\/\/culturaliagz.com\/wp-content\/uploads\/2024\/06\/Mondra_Marimonda-3-\u00a9-Aigi-Boga-1024x683.jpeg 1024w, http:\/\/culturaliagz.com\/wp-content\/uploads\/2024\/06\/Mondra_Marimonda-3-\u00a9-Aigi-Boga-300x200.jpeg 300w, http:\/\/culturaliagz.com\/wp-content\/uploads\/2024\/06\/Mondra_Marimonda-3-\u00a9-Aigi-Boga-768x512.jpeg 768w, http:\/\/culturaliagz.com\/wp-content\/uploads\/2024\/06\/Mondra_Marimonda-3-\u00a9-Aigi-Boga-1080x720.jpeg 1080w, http:\/\/culturaliagz.com\/wp-content\/uploads\/2024\/06\/Mondra_Marimonda-3-\u00a9-Aigi-Boga-980x653.jpeg 980w, http:\/\/culturaliagz.com\/wp-content\/uploads\/2024\/06\/Mondra_Marimonda-3-\u00a9-Aigi-Boga-480x320.jpeg 480w, http:\/\/culturaliagz.com\/wp-content\/uploads\/2024\/06\/Mondra_Marimonda-3-\u00a9-Aigi-Boga.jpeg 1200w\" sizes=\"auto, (max-width: 1024px) 100vw, 1024px\" \/><\/a><\/figure>\n<\/figure>\n\n\n\n<p class=\"has-text-align-justify\"><br><\/p>\n\n\n\n<p class=\"has-text-align-justify\"><a href=\"https:\/\/www.instagram.com\/mondra.gz\/?hl=es\" target=\"_blank\" rel=\"noreferrer noopener\">Mondra<\/a> leva por bandeira \u201cser galego e maric\u00f3n\u201d. Por iso, no D\u00eda do Orgullo LGBTIQA+, o artista multidisciplinar lanza o seu novo sinxelo, <strong><em>MARIMONDRA<\/em><\/strong>, un canto \u00e1 disidencia e no que reivindica a creaci\u00f3n cuir en galego e desde Galicia. <a href=\"https:\/\/links.altafonte.com\/marimondra\" target=\"_blank\" rel=\"noreferrer noopener\">O tema est\u00e1 dispo\u00f1ible desde hoxe nas principais plataformas dixitais<\/a>.<\/p>\n\n\n\n<p class=\"has-text-align-justify\">\u201c<em>Ei, son MARIMONDRA \/ un ser ben dram\u00e1tico \/ Sempre di meu pai \/ que nac\u00edn f\u00f3ra do armario\u201d<\/em> canta Mondra nunha peza na que tam\u00e9n participa a int\u00e9rprete M\u00f3nica de Nut, unha colaboraci\u00f3n que xoga coa <strong>dualidade,<\/strong> tanto a nivel musical coma gr\u00e1fico. \u201cEnfrontamos a sofisticaci\u00f3n, neste caso a trav\u00e9s do canto l\u00edrico, co desenfado\u201d, explica o creador, quen tam\u00e9n apunta ao v\u00eddeo que acompa\u00f1a o tema (e que codirixe con Adela Otero), un traballo ambientado nunha froitar\u00eda algo inusual e na s\u00faa diversidade de cores e formas.\u00a0\u00a0<br><br>Deste xeito, <strong><em>MARIMONDRA<\/em><\/strong> pres\u00e9ntase como un <strong>canto proLGBTIQA+<\/strong> que reivindica, con orgullo, <strong>a creaci\u00f3n cuir galega, disidente, diversa e inclusiva<\/strong>; feita no pa\u00eds e implicada no territorio. O tema abrangue un discurso tanto l\u00fadico e festivo coma comprometido. En atenci\u00f3n \u00e1s diversas realidades presentes no colectivo, Mondra e o seu equipo (Jandros Rodr\u00edguez e Sabela Dom\u00ednguez) visibilizan m\u00faltiples identidades con orgullo. As\u00ed, coa coreograf\u00eda de Daniel Rodr\u00edguez e co asesoramento do proxecto \u2018En Lingua de Signos\u2019, signan termos como \u201ctrans\u201d, \u201clesbiana\u201d, \u201ccuir\u201d ou \u201cmarica\u201d.\u00a0<\/p>\n\n\n\n<p class=\"has-text-align-justify\">\u201cQueremos que <em>MARIMONDRA<\/em> sexa un canto de celebraci\u00f3n, de liberaci\u00f3n e de orgullo, que poida representar a calquera persoa do colectivo\u201d, asevera Mondra, quen avanza que o tema se poder\u00e1 escoitar nas s\u00faas vindeiras citas en directo.\u00a0<\/p>\n\n\n\n<p class=\"has-text-align-justify\"><strong>MONDRA<\/strong><br><strong><br><\/strong>Artista, cantareiro e bailador, Mondra \u00e9 un dos nomes m\u00e1is frescos e prometedores da nova escena musical galega. O pasado outono publicou <strong>ARD\u0112N<\/strong> (Altafonte Music Spain, 2023) o seu primeiro traballo discogr\u00e1fico, unha proposta que celebra e reclama, que coida e berra, e abre a porta a unha terra diversa; e pola que foi reco\u00f1ecido recentemente co<strong> Premio Mart\u00edn C\u00f3dax na categor\u00eda de Electr\u00f3nica<\/strong>.\u00a0<br><br>Desde a estrea de <strong>ARD\u0112N<\/strong> na Sala Capitol (setembro de 2023), Mondra ten participado coa s\u00faa <strong>FOL\u012aA das ARDENTES <\/strong>en numerosas citas musicais. Este ver\u00e1n ser\u00e1 parte do cartel de festivais imprescindibles do noroeste peninsular. \u00c9 o caso Portam\u00e9rica, Atlantic Pride, 17\u00ba Ribeira Sacra, SonR\u00edas Baixas ou Osa do Mar, entre outros moitos.\u00a0<\/p>\n","protected":false},"excerpt":{"rendered":"<p>A nova creaci\u00f3n de Mondra, un tema proLGBTIQA+ no que reivindica a creaci\u00f3n cuir en galego e feita no pa\u00eds, quere dar voz \u00e1 disidencia e \u00e1 diversidade O tema [&hellip;]<\/p>\n","protected":false},"author":1,"featured_media":0,"comment_status":"open","ping_status":"open","sticky":false,"template":"","format":"standard","meta":{"_et_pb_use_builder":"","_et_pb_old_content":"","_et_gb_content_width":"","_jetpack_memberships_contains_paid_content":false,"footnotes":""},"categories":[23,7,6,57,1],"tags":[2366,1785],"class_list":["post-16245","post","type-post","status-publish","format-standard","hentry","category-autoresas","category-creacion","category-novas","category-outras-artes","category-xeral","tag-marimondra","tag-mondra"],"jetpack_featured_media_url":"","jetpack_sharing_enabled":true,"_links":{"self":[{"href":"http:\/\/culturaliagz.com\/index.php?rest_route=\/wp\/v2\/posts\/16245","targetHints":{"allow":["GET"]}}],"collection":[{"href":"http:\/\/culturaliagz.com\/index.php?rest_route=\/wp\/v2\/posts"}],"about":[{"href":"http:\/\/culturaliagz.com\/index.php?rest_route=\/wp\/v2\/types\/post"}],"author":[{"embeddable":true,"href":"http:\/\/culturaliagz.com\/index.php?rest_route=\/wp\/v2\/users\/1"}],"replies":[{"embeddable":true,"href":"http:\/\/culturaliagz.com\/index.php?rest_route=%2Fwp%2Fv2%2Fcomments&post=16245"}],"version-history":[{"count":3,"href":"http:\/\/culturaliagz.com\/index.php?rest_route=\/wp\/v2\/posts\/16245\/revisions"}],"predecessor-version":[{"id":16252,"href":"http:\/\/culturaliagz.com\/index.php?rest_route=\/wp\/v2\/posts\/16245\/revisions\/16252"}],"wp:attachment":[{"href":"http:\/\/culturaliagz.com\/index.php?rest_route=%2Fwp%2Fv2%2Fmedia&parent=16245"}],"wp:term":[{"taxonomy":"category","embeddable":true,"href":"http:\/\/culturaliagz.com\/index.php?rest_route=%2Fwp%2Fv2%2Fcategories&post=16245"},{"taxonomy":"post_tag","embeddable":true,"href":"http:\/\/culturaliagz.com\/index.php?rest_route=%2Fwp%2Fv2%2Ftags&post=16245"}],"curies":[{"name":"wp","href":"https:\/\/api.w.org\/{rel}","templated":true}]}}