{"id":16224,"date":"2024-06-27T19:24:59","date_gmt":"2024-06-27T18:24:59","guid":{"rendered":"http:\/\/culturaliagz.com\/?p=16224"},"modified":"2024-06-27T19:25:02","modified_gmt":"2024-06-27T18:25:02","slug":"a-oportunidade-do-agarimo-fia-a-imaxe-da-sexta-edicion-do-camino-escena-norte","status":"publish","type":"post","link":"http:\/\/culturaliagz.com\/?p=16224","title":{"rendered":"\u2018A oportunidade do agarimo\u2019 f\u00eda a imaxe da sexta edici\u00f3n do Cami\u00f1o Escena Norte"},"content":{"rendered":"\n<p><\/p>\n\n\n<div class=\"wp-block-image\">\n<figure class=\"aligncenter size-full\"><a href=\"http:\/\/culturaliagz.com\/wp-content\/uploads\/2024\/06\/Cartel-CEN_page-0001-scaled.jpg\" target=\"_blank\" rel=\"noreferrer noopener\"><img loading=\"lazy\" decoding=\"async\" width=\"1839\" height=\"2560\" src=\"http:\/\/culturaliagz.com\/wp-content\/uploads\/2024\/06\/Cartel-CEN_page-0001-scaled.jpg\" alt=\"\" class=\"wp-image-16225\" srcset=\"http:\/\/culturaliagz.com\/wp-content\/uploads\/2024\/06\/Cartel-CEN_page-0001-scaled.jpg 1839w, http:\/\/culturaliagz.com\/wp-content\/uploads\/2024\/06\/Cartel-CEN_page-0001-1280x1782.jpg 1280w, http:\/\/culturaliagz.com\/wp-content\/uploads\/2024\/06\/Cartel-CEN_page-0001-980x1364.jpg 980w, http:\/\/culturaliagz.com\/wp-content\/uploads\/2024\/06\/Cartel-CEN_page-0001-480x668.jpg 480w\" sizes=\"auto, (min-width: 0px) and (max-width: 480px) 480px, (min-width: 481px) and (max-width: 980px) 980px, (min-width: 981px) and (max-width: 1280px) 1280px, (min-width: 1281px) 1839px, 100vw\" \/><\/a><\/figure>\n<\/div>\n\n\n<p><\/p>\n\n\n\n<p><\/p>\n\n\n\n<p class=\"has-text-align-justify\" style=\"font-size:18px\"><strong>\u2018A oportunidade do agarimo\u2019 f\u00eda a imaxe&nbsp;da sexta edici\u00f3n do Cami\u00f1o Escena Norte, que ampl\u00eda a s\u00faa aposta polo intercambio cultural coa incorporaci\u00f3n da ilustraci\u00f3n ao seu cartel&nbsp;<\/strong><\/p>\n\n\n\n<p class=\"has-text-align-justify\"><br><strong>A navarra Leire Urbeltz \u00e9 a autora da imaxe da nova edici\u00f3n do CEN, que ter\u00e1 lugar do 13 de setembro ao 27 de outubro en Galicia, Asturias, Cantabria, Euskadi e Navarra<br><br>A rede de estancias art\u00edsticas e profesionais Cruzamentos apoiar\u00e1 este ano os proxectos \u2018El vac\u00edo que llena\u2019<em>,\u00a0<\/em>da compa\u00f1\u00eda galega Furia Sotelo con Babirusa Danza, e \u2018Fronteras que hay que cruzar\u2019<em>,<\/em>\u00a0de Hika Teatroa con Led Silhouette<\/strong><\/p>\n\n\n\n<p><\/p>\n\n\n\n<figure class=\"wp-block-gallery has-nested-images columns-1 is-cropped wp-block-gallery-1 is-layout-flex wp-block-gallery-is-layout-flex\">\n<figure class=\"wp-block-image size-large\"><img loading=\"lazy\" decoding=\"async\" width=\"1024\" height=\"683\" data-id=\"16226\" src=\"http:\/\/culturaliagz.com\/wp-content\/uploads\/2024\/06\/FuriaSotelo_BabirusaDanza-1024x683.jpg\" alt=\"\" class=\"wp-image-16226\" srcset=\"http:\/\/culturaliagz.com\/wp-content\/uploads\/2024\/06\/FuriaSotelo_BabirusaDanza-980x653.jpg 980w, http:\/\/culturaliagz.com\/wp-content\/uploads\/2024\/06\/FuriaSotelo_BabirusaDanza-480x320.jpg 480w\" sizes=\"auto, (min-width: 0px) and (max-width: 480px) 480px, (min-width: 481px) and (max-width: 980px) 980px, (min-width: 981px) 1024px, 100vw\" \/><\/figure>\n\n\n\n<figure class=\"wp-block-image size-large\"><img loading=\"lazy\" decoding=\"async\" width=\"683\" height=\"1024\" data-id=\"16227\" src=\"http:\/\/culturaliagz.com\/wp-content\/uploads\/2024\/06\/Leire-Urbeltz-683x1024.jpg\" alt=\"\" class=\"wp-image-16227\"\/><\/figure>\n<\/figure>\n\n\n\n<p><\/p>\n\n\n\n<p class=\"has-text-align-justify\"><a href=\"https:\/\/escenanorte.com\/gl\/\" target=\"_blank\" rel=\"noreferrer noopener\">Cami\u00f1o Escena Norte<\/a> ampl\u00eda o seu compromiso co intercambio cultural entre Galicia, Asturias, Cantabria, Euskadi e Navarra, po\u00f1endo o foco nas ilustradoras e ilustradores. As\u00ed, desde a s\u00faa vindeira edici\u00f3n, que se celebrar\u00e1 do 13 de setembro ao 27 de outubro,\u00a0<strong>a imaxe do programa de artes esc\u00e9nicas ser\u00e1 creada cada ano por artistas dos territorios CEN<\/strong>. Inaugura esta etapa a creadora navarra\u00a0<a href=\"http:\/\/www.leireurbeltz.net\/\" target=\"_blank\" rel=\"noreferrer noopener\"><strong>Leire Urbeltz<\/strong><\/a> (Iru\u00f1a, 1985) cun inspirador cartel que, nas s\u00faas palabras, \u201caspira a representar a esencia dun traballo tan comprometido e emocionante como o que acontece detr\u00e1s do pano dun escenario\u201d.<\/p>\n\n\n\n<p class=\"has-text-align-justify\">Para Leire Urbeltz, participar na&nbsp;<strong>imaxe de Cami\u00f1o Escena Norte,&nbsp;<\/strong>que conta co apoio da Xunta de Galicia a trav\u00e9s da Axencia Galega das Industrias Culturais (Agadic), \u201csup\u00f3n alcanzar visibilidade en comunidades aut\u00f3nomas onde o meu traballo non chegou at\u00e9 o de agora\u201d. \u201cS\u00edntome moi agradecida e ilusionada por abrir o ciclo de ilustradoras das diferentes comunidades aut\u00f3nomas que achegar\u00e1n a s\u00faa arte a trav\u00e9s da imaxe do CEN\u201d, sinala a artista.<br><br>O cartel do CEN incl\u00fae o lema desta sexta edici\u00f3n, que nesta ocasi\u00f3n \u00e9&nbsp;<strong><em>A oportunidade do agarimo<\/em><\/strong>, unha frase que recolle dous conceptos fundamentais para o Cami\u00f1o Escena Norte. Por unha banda, a idea do momento e ocasi\u00f3n, xa que \u00e9 un<strong>&nbsp;programa cultural que abre novas oportunidades<\/strong>, retos, formas de facer e posibilidades ao sector das artes esc\u00e9nicas. E, por outra banda, o afecto, agarimo e coidado con que se crea CEN, proxecto creado desde a comunidade esc\u00e9nica, desde o sector, desde o horizontal.<\/p>\n\n\n\n<p><strong>CRUZAMENTOS<\/strong><\/p>\n\n\n\n<p class=\"has-text-align-justify\">Al\u00e9n do programa de exhibici\u00f3n&nbsp;<strong><em>Constelaci\u00f3ns&nbsp;<\/em><\/strong>-anunciado no mes de maio, e no que participar\u00e1n as galegas Colectivo Glovo, Ibuprofeno Teatro e P\u00edscore Teatro- no marco do CEN 2024 ter\u00e1 lugar unha nova edici\u00f3n do programa&nbsp;<strong>Cruzamentos<\/strong>, unha das pezas angulares do proxecto e que ten como obxectivo fundamental promover o<strong>&nbsp;intercambio esc\u00e9nico, art\u00edstico e profesional entre as compa\u00f1\u00edas dos territorios CEN<\/strong>.&nbsp;<\/p>\n\n\n\n<p class=\"has-text-align-justify\">Este ano, a rede de estancias art\u00edsticas e profesionais que promove a creaci\u00f3n, a investigaci\u00f3n e a formaci\u00f3n esc\u00e9nica,reforzouse ofrecendo \u00e1s compa\u00f1\u00edas un acompa\u00f1amento de at\u00e9 9.000 euros por proxecto. Ademais, flexibiliz\u00e1ronse as bases ca convocatoria coa intenci\u00f3n de acoller propostas de cooperaci\u00f3n diversas e transversais. Finalmente, e de cara \u00e1 sexta edici\u00f3n do CEN,&nbsp;<strong>Cruzamentos&nbsp;<\/strong>acoller\u00e1 dous proxectos, que foron seleccionados entre os 18 presentados, e nos que estaban implicadas m\u00e1is de 30 compa\u00f1\u00edas dos cinco territorios CEN. A comisi\u00f3n de avaliaci\u00f3n que escolleu as propostas contou coa participaci\u00f3n de profesionais de prestixio, como \u00e9 o caso da dramaturga e directora adxunta do Centro Dram\u00e1tico Nacional,&nbsp;<strong>Fefa Noia<\/strong>, e da bailarina e responsable de desenvolvemento de proxectos de Dantzaz Centro de Creaci\u00f3n Coreogr\u00e1fica Internacional,<strong>&nbsp;Bertha Berm\u00fadez<\/strong>.<\/p>\n\n\n\n<p class=\"has-text-align-justify\">As\u00ed,\u00a0<strong><em>El vac\u00edo que llena<\/em><\/strong>, da compa\u00f1\u00eda galega\u00a0<strong>Furia Sotelo<\/strong>\u00a0en colaboraci\u00f3n coa c\u00e1ntabra\u00a0<strong>Babirusa Danza<\/strong>, desenvolverase entre do 14 ao 22 de outubro en A Casa Vella (Amiadoso, Ourense), un espazo de creaci\u00f3n art\u00edstica, encontro, mediaci\u00f3n e dinamizaci\u00f3n do contexto rural. Ademais,\u00a0<strong><em>Fronteras que hay que cruzar<\/em><\/strong>, dos vascos\u00a0<strong>Hika Teatroa<\/strong>\u00a0xunto \u00e1 compa\u00f1\u00eda navarra\u00a0<strong>Led Silhouette<\/strong>, ter\u00e1 o seu desenvolvemento no Centro Cultural Egia (Donostia) entre o 23 e o 29 de setembro.\u00a0<br><br>En anteriores edici\u00f3ns de\u00a0<strong>Cruzamentos<\/strong>, distintas compa\u00f1\u00edas de Galicia tiveron ocasi\u00f3n de convivir profesionalmente e compartir co\u00f1ecemento con artistas doutros territorios. Foi o caso de<strong>\u00a0Marta Alonso Tejada, Paula Quintas C\u00eda., Os N\u00e1ufragos Teatro, Kirenia Danza, Olivas Negras, Ibruprofeno Teatro, Caramuxo Teatro, Pedras de Cart\u00f3n<\/strong>\u00a0ou\u00a0<strong>ButacaZero<\/strong>. Esta \u00faltima traballou no 2022 precisamente coa vasca Hika Teatroa sobre un espect\u00e1culo que se estreou no Centro Dram\u00e1tico Nacional na pasada tempada e que xirou por Galicia esta primavera:\u00a0<em>Iribarne<\/em>.<\/p>\n\n\n\n<p><\/p>\n\n\n<a href=\"http:\/\/culturaliagz.com\/wp-content\/uploads\/2024\/06\/20240627-NP-Cartel_Lema_Cruzamentos.pdf\" class=\"pdfemb-viewer\" style=\"\" data-width=\"max\" data-height=\"max\" data-toolbar=\"bottom\" data-toolbar-fixed=\"off\">20240627-NP-Cartel_Lema_Cruzamentos<\/a>\n<p class=\"wp-block-pdfemb-pdf-embedder-viewer\"><\/p>\n","protected":false},"excerpt":{"rendered":"<p>\u2018A oportunidade do agarimo\u2019 f\u00eda a imaxe&nbsp;da sexta edici\u00f3n do Cami\u00f1o Escena Norte, que ampl\u00eda a s\u00faa aposta polo intercambio cultural coa incorporaci\u00f3n da ilustraci\u00f3n ao seu cartel&nbsp; A navarra [&hellip;]<\/p>\n","protected":false},"author":1,"featured_media":0,"comment_status":"open","ping_status":"open","sticky":false,"template":"","format":"standard","meta":{"_et_pb_use_builder":"","_et_pb_old_content":"","_et_gb_content_width":"","_jetpack_memberships_contains_paid_content":false,"footnotes":""},"categories":[23,7,6,57,1],"tags":[2370,1282,2371],"class_list":["post-16224","post","type-post","status-publish","format-standard","hentry","category-autoresas","category-creacion","category-novas","category-outras-artes","category-xeral","tag-a-oportunidade-do-agarimo","tag-camino-escena-norte","tag-leire-urbeltz"],"jetpack_featured_media_url":"","jetpack_sharing_enabled":true,"_links":{"self":[{"href":"http:\/\/culturaliagz.com\/index.php?rest_route=\/wp\/v2\/posts\/16224","targetHints":{"allow":["GET"]}}],"collection":[{"href":"http:\/\/culturaliagz.com\/index.php?rest_route=\/wp\/v2\/posts"}],"about":[{"href":"http:\/\/culturaliagz.com\/index.php?rest_route=\/wp\/v2\/types\/post"}],"author":[{"embeddable":true,"href":"http:\/\/culturaliagz.com\/index.php?rest_route=\/wp\/v2\/users\/1"}],"replies":[{"embeddable":true,"href":"http:\/\/culturaliagz.com\/index.php?rest_route=%2Fwp%2Fv2%2Fcomments&post=16224"}],"version-history":[{"count":1,"href":"http:\/\/culturaliagz.com\/index.php?rest_route=\/wp\/v2\/posts\/16224\/revisions"}],"predecessor-version":[{"id":16229,"href":"http:\/\/culturaliagz.com\/index.php?rest_route=\/wp\/v2\/posts\/16224\/revisions\/16229"}],"wp:attachment":[{"href":"http:\/\/culturaliagz.com\/index.php?rest_route=%2Fwp%2Fv2%2Fmedia&parent=16224"}],"wp:term":[{"taxonomy":"category","embeddable":true,"href":"http:\/\/culturaliagz.com\/index.php?rest_route=%2Fwp%2Fv2%2Fcategories&post=16224"},{"taxonomy":"post_tag","embeddable":true,"href":"http:\/\/culturaliagz.com\/index.php?rest_route=%2Fwp%2Fv2%2Ftags&post=16224"}],"curies":[{"name":"wp","href":"https:\/\/api.w.org\/{rel}","templated":true}]}}