{"id":16215,"date":"2024-06-26T22:28:01","date_gmt":"2024-06-26T21:28:01","guid":{"rendered":"http:\/\/culturaliagz.com\/?p=16215"},"modified":"2024-06-26T22:28:05","modified_gmt":"2024-06-26T21:28:05","slug":"mondra-publicara-o-28-de-xuno-dia-do-orgullo-marimondra-un-canto-de-celebracion-cuir","status":"publish","type":"post","link":"http:\/\/culturaliagz.com\/?p=16215","title":{"rendered":"Mondra publicar\u00e1 o 28 de xu\u00f1o, D\u00eda do Orgullo, &#8216;MARIMONDRA&#8217;, un canto de celebraci\u00f3n cuir"},"content":{"rendered":"\n<p><\/p>\n\n\n<div class=\"wp-block-image\">\n<figure class=\"aligncenter size-full\"><a href=\"http:\/\/culturaliagz.com\/wp-content\/uploads\/2024\/06\/Portada-MARIMONDRA-\u00a9-Zeltia-Iglesias.jpeg\" target=\"_blank\" rel=\"noreferrer noopener\"><img loading=\"lazy\" decoding=\"async\" width=\"900\" height=\"900\" src=\"http:\/\/culturaliagz.com\/wp-content\/uploads\/2024\/06\/Portada-MARIMONDRA-\u00a9-Zeltia-Iglesias.jpeg\" alt=\"\" class=\"wp-image-16216\" srcset=\"http:\/\/culturaliagz.com\/wp-content\/uploads\/2024\/06\/Portada-MARIMONDRA-\u00a9-Zeltia-Iglesias.jpeg 900w, http:\/\/culturaliagz.com\/wp-content\/uploads\/2024\/06\/Portada-MARIMONDRA-\u00a9-Zeltia-Iglesias-300x300.jpeg 300w, http:\/\/culturaliagz.com\/wp-content\/uploads\/2024\/06\/Portada-MARIMONDRA-\u00a9-Zeltia-Iglesias-150x150.jpeg 150w, http:\/\/culturaliagz.com\/wp-content\/uploads\/2024\/06\/Portada-MARIMONDRA-\u00a9-Zeltia-Iglesias-768x768.jpeg 768w, http:\/\/culturaliagz.com\/wp-content\/uploads\/2024\/06\/Portada-MARIMONDRA-\u00a9-Zeltia-Iglesias-480x480.jpeg 480w\" sizes=\"auto, (max-width: 900px) 100vw, 900px\" \/><\/a><\/figure>\n<\/div>\n\n\n<p><\/p>\n\n\n\n<p><\/p>\n\n\n\n<p class=\"has-text-align-justify\"><strong>O tema, que se poder\u00e1 escoitar a partir das 00.00 horas deste venres 28 en todas as plataformas dixitais, conta coa colaboraci\u00f3n de M\u00f3nica de Nut<br><br>A proposta art\u00edstica de Mondra xoga coa dualidade entre sofisticaci\u00f3n e desenfado, tanto a nivel musical coma visual<\/strong><\/p>\n\n\n\n<p><\/p>\n\n\n\n<p><\/p>\n\n\n<div class=\"wp-block-image\">\n<figure class=\"aligncenter size-full\"><a href=\"http:\/\/culturaliagz.com\/wp-content\/uploads\/2024\/06\/Mondra-presenta-MARIMONDRA-\u00a9-Aigi-Boga.jpg\" target=\"_blank\" rel=\"noreferrer noopener\"><img loading=\"lazy\" decoding=\"async\" width=\"800\" height=\"1200\" src=\"http:\/\/culturaliagz.com\/wp-content\/uploads\/2024\/06\/Mondra-presenta-MARIMONDRA-\u00a9-Aigi-Boga.jpg\" alt=\"\" class=\"wp-image-16217\" srcset=\"http:\/\/culturaliagz.com\/wp-content\/uploads\/2024\/06\/Mondra-presenta-MARIMONDRA-\u00a9-Aigi-Boga.jpg 800w, http:\/\/culturaliagz.com\/wp-content\/uploads\/2024\/06\/Mondra-presenta-MARIMONDRA-\u00a9-Aigi-Boga-200x300.jpg 200w, http:\/\/culturaliagz.com\/wp-content\/uploads\/2024\/06\/Mondra-presenta-MARIMONDRA-\u00a9-Aigi-Boga-683x1024.jpg 683w, http:\/\/culturaliagz.com\/wp-content\/uploads\/2024\/06\/Mondra-presenta-MARIMONDRA-\u00a9-Aigi-Boga-768x1152.jpg 768w, http:\/\/culturaliagz.com\/wp-content\/uploads\/2024\/06\/Mondra-presenta-MARIMONDRA-\u00a9-Aigi-Boga-480x720.jpg 480w\" sizes=\"auto, (max-width: 800px) 100vw, 800px\" \/><\/a><\/figure>\n<\/div>\n\n\n<p><\/p>\n\n\n\n<p><\/p>\n\n\n\n<p class=\"has-text-align-justify\">Mondra publicar\u00e1 este venres 28 de xu\u00f1o, coincidindo coa celebraci\u00f3n do D\u00eda do Orgullo LGBTIQA+ o seu novo sinxelo,<strong><em> MARIMONDRA<\/em><\/strong>, un canto \u00e1 disidencia e que reivindica a creaci\u00f3n cuir en galego e desde Galicia. O tema, no que colabora a int\u00e9rprete M\u00f3nica de Nut, estar\u00e1 dispo\u00f1ible <a href=\"https:\/\/links.altafonte.com\/marimondra\" target=\"_blank\" rel=\"noreferrer noopener\">a partir das 00.00 horas do d\u00eda 28 nas principais plataformas dixitais<\/a>.<br><br>O creador do universo <em>ARD\u0112N<\/em> (Altafonte, 2023) co que est\u00e1 a xirar desde o pasado mes de setembro por escenarios de toda Galicia, lanza desta quenda unha canci\u00f3n pro LGBTIQA+, coa que quere, al\u00e9n de dar voz \u00e1 diversidade, facer unha proposta art\u00edstica que xoga coa dualidade entre \u201ca sofisticaci\u00f3n e o nutritivo co desenfado e o saboroso\u201d, segundo sinala Mondra, tanto a nivel musical coma gr\u00e1fico. Neste sentido, o tema <em>MARIMONDRA<\/em> acompa\u00f1arase dunha peza audiovisual que estar\u00e1 dispo\u00f1ible tam\u00e9n a partir das 00.00 horas do venres 28 <a href=\"https:\/\/www.youtube.com\/@MondraVEVO\" target=\"_blank\" rel=\"noreferrer noopener\">na canle de VEVO do artist<\/a>a.<\/p>\n\n\n\n<p><strong>Pregarda\u00a0<em>MARIMONDRA<\/em><\/strong>:\u00a0<a href=\"https:\/\/links.altafonte.com\/marimondra\" target=\"_blank\" rel=\"noreferrer noopener\">https:\/\/links.altafonte.com\/marimondra<\/a><\/p>\n\n\n\n<p><\/p>\n\n\n\n<p><\/p>\n\n\n<a href=\"http:\/\/culturaliagz.com\/wp-content\/uploads\/2024\/06\/20240626-NP-PREVIA-MARIMONDRA.pdf\" class=\"pdfemb-viewer\" style=\"\" data-width=\"max\" data-height=\"max\" data-toolbar=\"bottom\" data-toolbar-fixed=\"off\">20240626-NP-PREVIA-MARIMONDRA<\/a>\n<p class=\"wp-block-pdfemb-pdf-embedder-viewer\"><\/p>\n","protected":false},"excerpt":{"rendered":"<p>O tema, que se poder\u00e1 escoitar a partir das 00.00 horas deste venres 28 en todas as plataformas dixitais, conta coa colaboraci\u00f3n de M\u00f3nica de Nut A proposta art\u00edstica de [&hellip;]<\/p>\n","protected":false},"author":1,"featured_media":0,"comment_status":"open","ping_status":"open","sticky":false,"template":"","format":"standard","meta":{"_et_pb_use_builder":"","_et_pb_old_content":"","_et_gb_content_width":"","_jetpack_memberships_contains_paid_content":false,"footnotes":""},"categories":[23,7,6,57,1],"tags":[2367,2366,1785,2368],"class_list":["post-16215","post","type-post","status-publish","format-standard","hentry","category-autoresas","category-creacion","category-novas","category-outras-artes","category-xeral","tag-dia-do-orgullo-lgbtiqa","tag-marimondra","tag-mondra","tag-monica-de-nut"],"jetpack_featured_media_url":"","jetpack_sharing_enabled":true,"_links":{"self":[{"href":"http:\/\/culturaliagz.com\/index.php?rest_route=\/wp\/v2\/posts\/16215","targetHints":{"allow":["GET"]}}],"collection":[{"href":"http:\/\/culturaliagz.com\/index.php?rest_route=\/wp\/v2\/posts"}],"about":[{"href":"http:\/\/culturaliagz.com\/index.php?rest_route=\/wp\/v2\/types\/post"}],"author":[{"embeddable":true,"href":"http:\/\/culturaliagz.com\/index.php?rest_route=\/wp\/v2\/users\/1"}],"replies":[{"embeddable":true,"href":"http:\/\/culturaliagz.com\/index.php?rest_route=%2Fwp%2Fv2%2Fcomments&post=16215"}],"version-history":[{"count":1,"href":"http:\/\/culturaliagz.com\/index.php?rest_route=\/wp\/v2\/posts\/16215\/revisions"}],"predecessor-version":[{"id":16219,"href":"http:\/\/culturaliagz.com\/index.php?rest_route=\/wp\/v2\/posts\/16215\/revisions\/16219"}],"wp:attachment":[{"href":"http:\/\/culturaliagz.com\/index.php?rest_route=%2Fwp%2Fv2%2Fmedia&parent=16215"}],"wp:term":[{"taxonomy":"category","embeddable":true,"href":"http:\/\/culturaliagz.com\/index.php?rest_route=%2Fwp%2Fv2%2Fcategories&post=16215"},{"taxonomy":"post_tag","embeddable":true,"href":"http:\/\/culturaliagz.com\/index.php?rest_route=%2Fwp%2Fv2%2Ftags&post=16215"}],"curies":[{"name":"wp","href":"https:\/\/api.w.org\/{rel}","templated":true}]}}