{"id":16208,"date":"2024-06-26T22:15:01","date_gmt":"2024-06-26T21:15:01","guid":{"rendered":"http:\/\/culturaliagz.com\/?p=16208"},"modified":"2024-06-26T22:15:05","modified_gmt":"2024-06-26T21:15:05","slug":"o-atlantic-pride-2024-celebrara-as-suas-festas-after-party-as-madrugadas-do-xoves-11-venres-12-e-sabado-13-de-xullo","status":"publish","type":"post","link":"http:\/\/culturaliagz.com\/?p=16208","title":{"rendered":"O Atlantic Pride 2024 celebrar\u00e1 as s\u00faas festas \u2018After Party\u2019 as madrugadas do xoves 11, venres 12 e s\u00e1bado 13 de xullo"},"content":{"rendered":"\n<p><\/p>\n\n\n<div class=\"wp-block-image\">\n<figure class=\"aligncenter size-large\"><a href=\"http:\/\/culturaliagz.com\/wp-content\/uploads\/2024\/06\/Cartel-Atlantic-Pride-After-Party.png\" target=\"_blank\" rel=\"noreferrer noopener\"><img loading=\"lazy\" decoding=\"async\" width=\"819\" height=\"1024\" src=\"http:\/\/culturaliagz.com\/wp-content\/uploads\/2024\/06\/Cartel-Atlantic-Pride-After-Party-819x1024.png\" alt=\"\" class=\"wp-image-16209\"\/><\/a><\/figure>\n<\/div>\n\n\n<p><\/p>\n\n\n\n<p><\/p>\n\n\n\n<p class=\"has-text-align-justify\"><strong>O Playa Club da Coru\u00f1a acoller\u00e1 as sesi\u00f3ns m\u00e1is golfas do festival, para continuar a festa unha vez rematados os concertos ao aire libre da man dos dj\u2019s DJ Espinoso, Gorllitox e D-Lemma&nbsp;<\/strong><\/p>\n\n\n\n<p class=\"has-text-align-justify\"><strong>As entradas anticipadas estar\u00e1n dispo\u00f1ibles a trav\u00e9s da web\u00a0<\/strong><a href=\"http:\/\/www.atlanticpride.es\/fiestas\" target=\"_blank\" rel=\"noreferrer noopener\"><strong>www.atlanticpride.es\/fiestas<\/strong><\/a><strong>, a un prezo de 12 euros (con consumici\u00f3n inclu\u00edda)<\/strong><\/p>\n\n\n\n<p class=\"has-text-align-justify\"><strong>Tam\u00e9n ser\u00e1 posible adquirir entradas na porta o mesmo d\u00eda das sesi\u00f3ns, ata completar o aforo da sala, a un prezo de 15 euros (con consumici\u00f3n inclu\u00edda)<\/strong><\/p>\n\n\n\n<p class=\"has-text-align-justify\"><strong>Pola s\u00faa banda, a Sala Pel\u00edcano organiza unha festa \u2018SuperMartX\u00e9\u2019 o s\u00e1bado 13 de xullo, a partir das 00.30h, con Nalaya, Javi Reina e Michael S\u00e1nchez, coas\u00a0<\/strong><a href=\"https:\/\/salapelicano.ocionorte.com\/eventos\/supermartxe-legends-13-julio\/\" target=\"_blank\" rel=\"noreferrer noopener\"><strong>entradas xa \u00e1 venda<\/strong><\/a><\/p>\n\n\n\n<p><\/p>\n\n\n\n<p><\/p>\n\n\n\n<figure class=\"wp-block-gallery has-nested-images columns-default is-cropped wp-block-gallery-1 is-layout-flex wp-block-gallery-is-layout-flex\">\n<figure class=\"wp-block-image size-large\"><a href=\"http:\/\/culturaliagz.com\/wp-content\/uploads\/2024\/06\/DJ-Espinoso-scaled.jpg\" target=\"_blank\" rel=\"noreferrer noopener\"><img loading=\"lazy\" decoding=\"async\" width=\"1024\" height=\"768\" data-id=\"16212\" src=\"http:\/\/culturaliagz.com\/wp-content\/uploads\/2024\/06\/DJ-Espinoso-1024x768.jpg\" alt=\"\" class=\"wp-image-16212\" srcset=\"http:\/\/culturaliagz.com\/wp-content\/uploads\/2024\/06\/DJ-Espinoso-980x735.jpg 980w, http:\/\/culturaliagz.com\/wp-content\/uploads\/2024\/06\/DJ-Espinoso-480x360.jpg 480w\" sizes=\"auto, (min-width: 0px) and (max-width: 480px) 480px, (min-width: 481px) and (max-width: 980px) 980px, (min-width: 981px) 1024px, 100vw\" \/><\/a><figcaption class=\"wp-element-caption\">OLYMPUS DIGITAL CAMERA<\/figcaption><\/figure>\n\n\n\n<figure class=\"wp-block-image size-large\"><a href=\"http:\/\/culturaliagz.com\/wp-content\/uploads\/2024\/06\/D-Lemma-scaled.jpg\" target=\"_blank\" rel=\"noreferrer noopener\"><img loading=\"lazy\" decoding=\"async\" width=\"683\" height=\"1024\" data-id=\"16211\" src=\"http:\/\/culturaliagz.com\/wp-content\/uploads\/2024\/06\/D-Lemma-683x1024.jpg\" alt=\"\" class=\"wp-image-16211\"\/><\/a><\/figure>\n\n\n\n<figure class=\"wp-block-image size-large\"><a href=\"http:\/\/culturaliagz.com\/wp-content\/uploads\/2024\/06\/Gorllitox.jpg\" target=\"_blank\" rel=\"noreferrer noopener\"><img loading=\"lazy\" decoding=\"async\" width=\"683\" height=\"1024\" data-id=\"16210\" src=\"http:\/\/culturaliagz.com\/wp-content\/uploads\/2024\/06\/Gorllitox-683x1024.jpg\" alt=\"\" class=\"wp-image-16210\"\/><\/a><\/figure>\n<\/figure>\n\n\n\n<p><\/p>\n\n\n\n<p><\/p>\n\n\n\n<p class=\"has-text-align-justify\">O Atlantic Pride presenta unha das s\u00faas grandes novidades neste 2024: as s\u00faas festas \u2018After Party\u2019. O Playa Club acoller\u00e1 as sesi\u00f3ns m\u00e1is golfas do festival unha vez rematados os concertos ao aire libre as madrugadas\u00a0do xoves 11, venres 12 e s\u00e1bado 13 de xullo. DJ Espinoso (xoves 11, de 01.00h a peche), Gorllitox (venres 12, de 02.00h a peche) e D-Lemma (s\u00e1bado 13, de 02.00h a peche) ser\u00e1n os dj\u2019s encargados de dirixir os pratos nestas novas pinchadas do Atlantic Pride.\u00a0En\u00a0<a href=\"http:\/\/www.atlanticpride.es\/fiestas\" target=\"_blank\" rel=\"noreferrer noopener\">www.atlanticpride.es\/fiestas<\/a>\u00a0\u00e9 posible consultar os detalles das festas \u2018After Party\u2019 do Atlantic Pride, as\u00ed como adquirir as entradas anticipadas para as diferentes sesi\u00f3ns, a un prezo de 12\u20ac (consumici\u00f3n inclu\u00edda). Os pases poderanse mercar tam\u00e9n o mesmo d\u00eda na porta do Playa Club (15\u20ac, consumici\u00f3n inclu\u00edda).\u00a0 \u00a0\u00a0<\/p>\n\n\n\n<p><strong>SOBRE O ATLANTIC PRIDE 2024<\/strong><\/p>\n\n\n\n<p class=\"has-text-align-justify\">Entre o 7 e o 14 de xullo, A Coru\u00f1a volver\u00e1 ser a sede do \u2018Orgullo do Norte\u2019 para celebrar a quinta edici\u00f3n do Atlantic Pride. Neste 2024, o festival prop\u00f3n oito xornadas de m\u00fasica e celebraci\u00f3n ao redor da diversidade sexo-afectiva e de identidade na que promete ser, novamente, nunha das citas imprescindibles do ver\u00e1n no noroeste peninsular.&nbsp;O Atlantic Pride est\u00e1 impulsado pola Asociaci\u00f3n Orgullo Coru\u00f1a -ORCO- e o Concello da Coru\u00f1a, co apoio da Deputaci\u00f3n da Coru\u00f1a e o patrocinio principal de Estrella Galicia, Coru\u00f1a The Style Outlets e Globalgrafic.<\/p>\n\n\n\n<p class=\"has-text-align-justify\">Na s\u00faa quinta edici\u00f3n, estar\u00e1n presentes as estrelas eurovisivas Nebulossa, Rosa L\u00f3pez, Las Ketchup e Luc\u00eda P\u00e9rez, xunto a figuras que pisan forte na nova escena galega, como Mondra, Sila L\u00faa, O Rabelo e Nenaza, Catuxa Salom, Lontreira e Amoebo. Na festa deste \u2018Orgullo do Norte\u2019 non faltar\u00e1n, tampouco, as voces de grandes divas como Chanel, Luna Ki e Supremme de Luxe, ademais das drags Nomi Bull, Cloe Savage e Meiga-I.<\/p>\n\n\n\n<p class=\"has-text-align-justify\">No cartel deste Atlantic Pride 2024 destacan tam\u00e9n nomes como os de Nena Daconte, Shego, Morreo, Ra\u00fal, Selena Leo, Eris MacKenzie e Filloas. O grupo Vengaboys ser\u00e1 o encargado de po\u00f1er o acento internacional ao festival, mentres que as pinchadas correr\u00e1n a cargo dos dj\u2019s EME DJ, S.Alma, La Suprema, D-Lemma, DJ90, DJ Licho, Roi Porto, La Eterna e DJ Flashback. O festival contar\u00e1, tam\u00e9n, coa actuaci\u00f3n especial do Coro \u201cCores\u201d e coas festas \u2018After Party\u2019 no Playa Club nas madrugadas do xoves 11, venres 12 e s\u00e1bado 13 de xullo. Na p\u00e1xina web\u00a0<a href=\"http:\/\/www.atlanticpride.es\/\" target=\"_blank\" rel=\"noreferrer noopener\">www.atlanticpride.es<\/a>\u00a0\u00e9 posible consultar o calendario e a informaci\u00f3n pr\u00e1ctica desta quinta edici\u00f3n do festival.<\/p>\n\n\n\n<p class=\"has-text-align-justify\">O Atlantic Pride nace na Coru\u00f1a no ano 2019 coa vontade de situar \u00e1 cidade herculina como a capital do bo ambiente e a celebraci\u00f3n sen distinci\u00f3ns nin barreiras. Tr\u00e1tase dun festival pioneiro, gratu\u00edto e inclusivo, destinado a reivindicar a liberdade afectiva, sexual e de identidade dende unha perspectiva l\u00fadica e inclusiva. O proxecto, que trata de aglutinar a todas as capas da sociedade coru\u00f1esa dentro dunha contorna segura e amigable, desenv\u00f3lvese en torno a varios d\u00edas de concertos e actividades culturais, entre elas, o seu Certame de Literatura LGTBI+, coa fin de atraer ao p\u00fablico local e de f\u00f3ra, como un referente cultural, tur\u00edstico e social do noroeste.\u00a0Na s\u00faa pasada edici\u00f3n, en 2023, o Atlantic Pride logrou alcanzar m\u00e1is de 40.000 espectadores, marca que a cita se prop\u00f3n bater este ano.\u00a0<\/p>\n\n\n\n<p><\/p>\n\n\n<a href=\"http:\/\/culturaliagz.com\/wp-content\/uploads\/2024\/06\/20240626-NP-Atlantic-Pride-AFTER-PARTY.pdf\" class=\"pdfemb-viewer\" style=\"\" data-width=\"max\" data-height=\"max\" data-toolbar=\"bottom\" data-toolbar-fixed=\"off\">20240626-NP-Atlantic-Pride-AFTER-PARTY<\/a>\n<p class=\"wp-block-pdfemb-pdf-embedder-viewer\"><\/p>\n","protected":false},"excerpt":{"rendered":"<p>O Playa Club da Coru\u00f1a acoller\u00e1 as sesi\u00f3ns m\u00e1is golfas do festival, para continuar a festa unha vez rematados os concertos ao aire libre da man dos dj\u2019s DJ Espinoso, [&hellip;]<\/p>\n","protected":false},"author":1,"featured_media":0,"comment_status":"open","ping_status":"open","sticky":false,"template":"","format":"standard","meta":{"_et_pb_use_builder":"","_et_pb_old_content":"","_et_gb_content_width":"","_jetpack_memberships_contains_paid_content":false,"footnotes":""},"categories":[23,7,6,57,1],"tags":[2364,2059,2365],"class_list":["post-16208","post","type-post","status-publish","format-standard","hentry","category-autoresas","category-creacion","category-novas","category-outras-artes","category-xeral","tag-after-party","tag-atlantic-pride-2024","tag-playa-club-da-coruna"],"jetpack_featured_media_url":"","jetpack_sharing_enabled":true,"_links":{"self":[{"href":"http:\/\/culturaliagz.com\/index.php?rest_route=\/wp\/v2\/posts\/16208","targetHints":{"allow":["GET"]}}],"collection":[{"href":"http:\/\/culturaliagz.com\/index.php?rest_route=\/wp\/v2\/posts"}],"about":[{"href":"http:\/\/culturaliagz.com\/index.php?rest_route=\/wp\/v2\/types\/post"}],"author":[{"embeddable":true,"href":"http:\/\/culturaliagz.com\/index.php?rest_route=\/wp\/v2\/users\/1"}],"replies":[{"embeddable":true,"href":"http:\/\/culturaliagz.com\/index.php?rest_route=%2Fwp%2Fv2%2Fcomments&post=16208"}],"version-history":[{"count":1,"href":"http:\/\/culturaliagz.com\/index.php?rest_route=\/wp\/v2\/posts\/16208\/revisions"}],"predecessor-version":[{"id":16214,"href":"http:\/\/culturaliagz.com\/index.php?rest_route=\/wp\/v2\/posts\/16208\/revisions\/16214"}],"wp:attachment":[{"href":"http:\/\/culturaliagz.com\/index.php?rest_route=%2Fwp%2Fv2%2Fmedia&parent=16208"}],"wp:term":[{"taxonomy":"category","embeddable":true,"href":"http:\/\/culturaliagz.com\/index.php?rest_route=%2Fwp%2Fv2%2Fcategories&post=16208"},{"taxonomy":"post_tag","embeddable":true,"href":"http:\/\/culturaliagz.com\/index.php?rest_route=%2Fwp%2Fv2%2Ftags&post=16208"}],"curies":[{"name":"wp","href":"https:\/\/api.w.org\/{rel}","templated":true}]}}