{"id":16187,"date":"2024-06-25T16:36:30","date_gmt":"2024-06-25T15:36:30","guid":{"rendered":"http:\/\/culturaliagz.com\/?p=16187"},"modified":"2024-06-25T16:42:09","modified_gmt":"2024-06-25T15:42:09","slug":"fallo-do-vi-certame-de-microrrelatos-dia-do-libro-2024","status":"publish","type":"post","link":"http:\/\/culturaliagz.com\/?p=16187","title":{"rendered":"Fallo do VI Certame de Microrrelatos D\u00cdA DO LIBRO 2024"},"content":{"rendered":"\n<p><\/p>\n\n\n\n<p><\/p>\n\n\n<div class=\"wp-block-image\">\n<figure class=\"aligncenter size-full\"><a href=\"http:\/\/culturaliagz.com\/wp-content\/uploads\/2024\/06\/Imaxe-Fallo-do-xurado.jpg\" target=\"_blank\" rel=\"noreferrer noopener\"><img loading=\"lazy\" decoding=\"async\" width=\"728\" height=\"1024\" src=\"http:\/\/culturaliagz.com\/wp-content\/uploads\/2024\/06\/Imaxe-Fallo-do-xurado.jpg\" alt=\"\" class=\"wp-image-16190\" srcset=\"http:\/\/culturaliagz.com\/wp-content\/uploads\/2024\/06\/Imaxe-Fallo-do-xurado.jpg 728w, http:\/\/culturaliagz.com\/wp-content\/uploads\/2024\/06\/Imaxe-Fallo-do-xurado-480x675.jpg 480w\" sizes=\"auto, (min-width: 0px) and (max-width: 480px) 480px, (min-width: 481px) 728px, 100vw\" \/><\/a><\/figure>\n<\/div>\n\n\n<p><\/p>\n\n\n\n<p><\/p>\n\n\n\n<p class=\"has-text-align-justify\" style=\"font-size:15px\">Este pasado luns 24 de xu\u00f1o fallouse o <strong><a href=\"http:\/\/culturaliagz.com\/convocatoria-do-vi-certame-de-microrrelatos-dia-do-libro-2024\" target=\"_blank\" rel=\"noreferrer noopener\">VI Certame de Microrrelatos D\u00cdA DO LIBRO 2024<\/a><\/strong>, que convoca o <a href=\"https:\/\/www.vilalba.gal\/\" target=\"_blank\" rel=\"noreferrer noopener\">Concello de Vilalba<\/a>, en colaboraci\u00f3n con <a href=\"http:\/\/culturaliagz.com\/\" target=\"_blank\" rel=\"noreferrer noopener\">Culturalia GZ<\/a>.<\/p>\n\n\n\n<p class=\"has-text-align-justify\" style=\"font-size:15px\">O xurado integrado por <em>Emma Pedreira<\/em>, escritora e poeta, <em>Daniel Irimia<\/em>, tam\u00e9n escritor e poeta, e <em>Mercedes Queixas Zas<\/em>,  escritora e profesora,  acordou o seguinte fallo:<\/p>\n\n\n\n<p style=\"font-size:15px\"><\/p>\n\n\n\n<p style=\"font-size:16px\"><em>Categor\u00eda infantil <\/em><\/p>\n\n\n\n<p style=\"font-size:16px\">1\u00ba Premio: Nicol\u00e1s Salgueiro Alonso pola obra <strong>Archienemigos<\/strong><\/p>\n\n\n\n<p style=\"font-size:16px\">2\u00ba Premio: Duarte Mari\u00f1o Torrado por  <strong>O Poli\u00f1o Lector<\/strong><\/p>\n\n\n\n<p style=\"font-size:16px\">3\u00ba Premio: <em>DESERTO<\/em><\/p>\n\n\n\n<p style=\"font-size:16px\"><em>Categor\u00eda Xuvenil <\/em><\/p>\n\n\n\n<p style=\"font-size:16px\">1\u00ba Premio: Luc\u00eda Dom\u00ednguez Pereira polo microrrelato <strong>Rebelde<\/strong><\/p>\n\n\n\n<p style=\"font-size:16px\">2\u00ba Premio: Paula P\u00e9rez Cend\u00e1n pola obra <strong>Soa<\/strong><\/p>\n\n\n\n<p style=\"font-size:16px\">3\u00ba Premio: Mar\u00eda Fern\u00e1ndez Esc\u00e1riz por <strong>Ondas<\/strong><\/p>\n\n\n\n<p style=\"font-size:16px\"><em>Categor\u00eda Adulto<\/em><\/p>\n\n\n\n<p style=\"font-size:16px\">1\u00ba Premio: Pedro Naveira Pedreira polo microrrelato <strong>Erro<\/strong><\/p>\n\n\n\n<p style=\"font-size:16px\">2\u00ba Premio:  Sonia Mart\u00ednez L\u00f3pez por <strong>Reflector<\/strong><\/p>\n\n\n\n<p style=\"font-size:16px\">3\u00ba Premio: Carlota Millor Prado pola obra  <strong>Salvavidas<\/strong><\/p>\n\n\n\n<p><\/p>\n\n\n\n<p><\/p>\n\n\n<a href=\"http:\/\/culturaliagz.com\/wp-content\/uploads\/2024\/06\/Fallo-do-xurado-de-Microrrelatos-2024.pdf\" class=\"pdfemb-viewer\" style=\"\" data-width=\"max\" data-height=\"max\" data-toolbar=\"bottom\" data-toolbar-fixed=\"off\">Fallo-do-xurado-de-Microrrelatos-2024<\/a>\n<p class=\"wp-block-pdfemb-pdf-embedder-viewer\"><\/p>\n\n\n\n<p><\/p>\n","protected":false},"excerpt":{"rendered":"<p>Este pasado luns 24 de xu\u00f1o fallouse o VI Certame de Microrrelatos D\u00cdA DO LIBRO 2024, que convoca o Concello de Vilalba, en colaboraci\u00f3n con Culturalia GZ. O xurado integrado [&hellip;]<\/p>\n","protected":false},"author":1,"featured_media":0,"comment_status":"open","ping_status":"open","sticky":false,"template":"","format":"standard","meta":{"_et_pb_use_builder":"","_et_pb_old_content":"","_et_gb_content_width":"","_jetpack_memberships_contains_paid_content":false,"footnotes":""},"categories":[23,7,129,6,1],"tags":[30,29,146,291,204,2193],"class_list":["post-16187","post","type-post","status-publish","format-standard","hentry","category-autoresas","category-creacion","category-literaria","category-novas","category-xeral","tag-concello-de-vilalba","tag-culturalia-gz","tag-daniel-irimia-yanez","tag-emma-pedreira","tag-mercedes-queixas-zas","tag-vi-certame-de-microrrelatos-dia-do-libro"],"jetpack_featured_media_url":"","jetpack_sharing_enabled":true,"_links":{"self":[{"href":"http:\/\/culturaliagz.com\/index.php?rest_route=\/wp\/v2\/posts\/16187","targetHints":{"allow":["GET"]}}],"collection":[{"href":"http:\/\/culturaliagz.com\/index.php?rest_route=\/wp\/v2\/posts"}],"about":[{"href":"http:\/\/culturaliagz.com\/index.php?rest_route=\/wp\/v2\/types\/post"}],"author":[{"embeddable":true,"href":"http:\/\/culturaliagz.com\/index.php?rest_route=\/wp\/v2\/users\/1"}],"replies":[{"embeddable":true,"href":"http:\/\/culturaliagz.com\/index.php?rest_route=%2Fwp%2Fv2%2Fcomments&post=16187"}],"version-history":[{"count":6,"href":"http:\/\/culturaliagz.com\/index.php?rest_route=\/wp\/v2\/posts\/16187\/revisions"}],"predecessor-version":[{"id":16196,"href":"http:\/\/culturaliagz.com\/index.php?rest_route=\/wp\/v2\/posts\/16187\/revisions\/16196"}],"wp:attachment":[{"href":"http:\/\/culturaliagz.com\/index.php?rest_route=%2Fwp%2Fv2%2Fmedia&parent=16187"}],"wp:term":[{"taxonomy":"category","embeddable":true,"href":"http:\/\/culturaliagz.com\/index.php?rest_route=%2Fwp%2Fv2%2Fcategories&post=16187"},{"taxonomy":"post_tag","embeddable":true,"href":"http:\/\/culturaliagz.com\/index.php?rest_route=%2Fwp%2Fv2%2Ftags&post=16187"}],"curies":[{"name":"wp","href":"https:\/\/api.w.org\/{rel}","templated":true}]}}