{"id":16184,"date":"2024-06-24T23:36:12","date_gmt":"2024-06-24T22:36:12","guid":{"rendered":"http:\/\/culturaliagz.com\/?p=16184"},"modified":"2024-06-24T23:36:16","modified_gmt":"2024-06-24T22:36:16","slug":"hugo-guezeta-lanza-feridas-novo-sinxelo-da-sua-etpa-en-solitario","status":"publish","type":"post","link":"http:\/\/culturaliagz.com\/?p=16184","title":{"rendered":"Hugo Guezeta lanza FERIDAS, novo sinxelo da s\u00faa etpa en solitario"},"content":{"rendered":"\n<p><\/p>\n\n\n<div class=\"wp-block-image\">\n<figure class=\"aligncenter size-large\"><a href=\"http:\/\/culturaliagz.com\/wp-content\/uploads\/2024\/06\/Portada_Feridas_HUGOGUEZETA-scaled.jpg\" target=\"_blank\" rel=\"noreferrer noopener\"><img loading=\"lazy\" decoding=\"async\" width=\"1024\" height=\"1024\" src=\"http:\/\/culturaliagz.com\/wp-content\/uploads\/2024\/06\/Portada_Feridas_HUGOGUEZETA-1024x1024.jpg\" alt=\"\" class=\"wp-image-16185\" srcset=\"http:\/\/culturaliagz.com\/wp-content\/uploads\/2024\/06\/Portada_Feridas_HUGOGUEZETA-980x980.jpg 980w, http:\/\/culturaliagz.com\/wp-content\/uploads\/2024\/06\/Portada_Feridas_HUGOGUEZETA-480x480.jpg 480w\" sizes=\"auto, (min-width: 0px) and (max-width: 480px) 480px, (min-width: 481px) and (max-width: 980px) 980px, (min-width: 981px) 1024px, 100vw\" \/><\/a><\/figure>\n<\/div>\n\n\n<p><\/p>\n\n\n\n<p><\/p>\n\n\n\n<p><\/p>\n\n\n\n<p class=\"has-text-align-justify\">O rapeiro galego Hugo Guezeta segue presentando os adiantos do seu pr\u00f3ximo traballo discogr\u00e1fico. Hoxe ve a luz \u201cFeridas\u201d, segundo sinxelo do que ser\u00e1 o seu primeiro \u00e1lbum de longo formato. Hugo amosa novamente neste novo tema a s\u00faa versatilidade musical, nesta ocasi\u00f3n ao introducir ritmos latinos, que van dende o bolero aos \u201ctumbaos\u201d cubanos, ao seu xa caracter\u00edstico estilo combinado de rap e reggae.<\/p>\n\n\n\n<p class=\"has-text-align-justify\">\u201cFeridas\u201d \u00e9 un canto \u00e1 inestabilidade mental e emocional que predomina entre as novas xeraci\u00f3ns, e que tam\u00e9n repercute na vida de Hugo. Temas candentes como o desamor, as inxustizas sociais, a loita contra o ego interno ou os baix\u00f3ns e bloqueos creativos aparecen reflectidos na letra da canci\u00f3n. Mesturando dobres sentidos e retranca con rimas directas y punzantes, \u201cFeridas\u201d conv\u00e9rtese na canalizaci\u00f3n musical das frustraci\u00f3ns do rapeiro.<\/p>\n\n\n\n<p class=\"has-text-align-justify\">Hugo Guezeta amosa novamente a s\u00faa faceta m\u00e1is \u00edntima neste novo traballo, cunha versi\u00f3n m\u00e1is mel\u00f3dica do seu estilo, mais sen perder parte da s\u00faa esencia. A cr\u00edtica social cr\u00faa segue sendo primordial nos seus temas, a\u00ednda que o rapeiro deixa ver unha versi\u00f3n m\u00e1is persoal nas s\u00faas letras, atopando nesa combinaci\u00f3n o seu selo para esta nova etapa en solitario tras SonDaR\u00faa.<\/p>\n\n\n\n<p class=\"has-text-align-justify\">A produci\u00f3n do tema corre a cargo de Petrowski, co que atopou unha sinerx\u00eda e complicidade musical que queda patente nestes dous primeiros adiantos do seu futuro \u00e1lbum. Por outro lado, o videoclip de \u201cFeridas\u201d foi realizado por Juancho Everman, nun intento de recrear escenas de festa, desafogo e baile nun bar, representando as\u00ed ese sentimento de expulsi\u00f3n dos problemas mentais sobre o que xira a canci\u00f3n. As escenas de baile te\u00f1en un forte peso dentro do videoclip, e est\u00e1n protagonizadas polos bailar\u00edns Laura Valentina Guti\u00e9rrez Gal\u00e1n, Aykan Akg\u00fcn, Mar\u00eda Otero Jamardo e Gabriel da Silva. Con eles, &nbsp;conseguen conectar de maneira org\u00e1nica a peza audiovisual cos ritmos da canci\u00f3n.<\/p>\n\n\n\n<p><strong>M\u00c1IS SOBRE HUGO GUEZETA<\/strong>&nbsp;<\/p>\n\n\n\n<p class=\"has-text-align-justify\">&nbsp;Hugo Guezeta \u00e9 un dos rapeiros e letristas m\u00e1is importantes e talentosos do panorama musical galego. Tras o \u00e9xito do seu grupo SonDaR\u00faa, co que chegou a dar m\u00e1is de 200 concertos por todo o estado, actuando en grandes festivais e enchendo salas hist\u00f3ricas como a Sala Capitol de Santiago de Compostela, o rapeiro emprende agora a s\u00faa andaina en solitario.<\/p>\n\n\n\n<p class=\"has-text-align-justify\">Hugo consolidouse como un dos grandes rapeiros de Galicia non s\u00f3 pola s\u00faa pegada en SonDaR\u00faa, xa que intercalou a s\u00faa labor no grupo con lanzamentos individuais que acumularon decenas de milleiros de escoitas en plataformas.<\/p>\n\n\n\n<p class=\"has-text-align-justify\">O artista galego destaca polas s\u00faas letras cargadas de reivindicaci\u00f3n e cr\u00edtica social, as\u00ed como pola calidade do seu rapeo. Nesta andaina en solitario, Hugo leva as s\u00faas letras a un aspecto m\u00e1is persoal e \u00edntimo, pero mantendo en todo momento esa forte cr\u00edtica e reivindicaci\u00f3n que xa son caracter\u00edsticos del. Tam\u00e9n a s\u00faa m\u00fasica evoluciona cara sons m\u00e1is vers\u00e1tiles e bailables, que posicionan ao proxecto como un dos m\u00e1is interesantes deste ano dentro do panorama urbano.<\/p>\n\n\n\n<p class=\"has-text-align-justify\">O seu primeiro disco de longa duraci\u00f3n, gravado e producido na s\u00faa totalidade polo produtor Peter Petrowski, sair\u00e1 a finais de 2024,&nbsp; e \u201cO Noso Tempo\u201d e \u201cFeridas\u201d son os primeiros adiantos do mesmo. Nos pr\u00f3ximos meses sair\u00e1n os seguintes adiantos do disco, que se caracterizar\u00e1 por un son vers\u00e1til e divertido, con letras de car\u00e1cter persoal sen perder o foco na cr\u00edtica social reivindicativa, selo de identidade de Hugo Guezeta.<\/p>\n","protected":false},"excerpt":{"rendered":"<p>O rapeiro galego Hugo Guezeta segue presentando os adiantos do seu pr\u00f3ximo traballo discogr\u00e1fico. Hoxe ve a luz \u201cFeridas\u201d, segundo sinxelo do que ser\u00e1 o seu primeiro \u00e1lbum de longo [&hellip;]<\/p>\n","protected":false},"author":1,"featured_media":0,"comment_status":"open","ping_status":"open","sticky":false,"template":"","format":"standard","meta":{"_et_pb_use_builder":"","_et_pb_old_content":"","_et_gb_content_width":"","_jetpack_memberships_contains_paid_content":false,"footnotes":""},"categories":[23,7,6,57,1],"tags":[2360,2242],"class_list":["post-16184","post","type-post","status-publish","format-standard","hentry","category-autoresas","category-creacion","category-novas","category-outras-artes","category-xeral","tag-feridas","tag-hugo-guezeta"],"jetpack_featured_media_url":"","jetpack_sharing_enabled":true,"_links":{"self":[{"href":"http:\/\/culturaliagz.com\/index.php?rest_route=\/wp\/v2\/posts\/16184","targetHints":{"allow":["GET"]}}],"collection":[{"href":"http:\/\/culturaliagz.com\/index.php?rest_route=\/wp\/v2\/posts"}],"about":[{"href":"http:\/\/culturaliagz.com\/index.php?rest_route=\/wp\/v2\/types\/post"}],"author":[{"embeddable":true,"href":"http:\/\/culturaliagz.com\/index.php?rest_route=\/wp\/v2\/users\/1"}],"replies":[{"embeddable":true,"href":"http:\/\/culturaliagz.com\/index.php?rest_route=%2Fwp%2Fv2%2Fcomments&post=16184"}],"version-history":[{"count":1,"href":"http:\/\/culturaliagz.com\/index.php?rest_route=\/wp\/v2\/posts\/16184\/revisions"}],"predecessor-version":[{"id":16186,"href":"http:\/\/culturaliagz.com\/index.php?rest_route=\/wp\/v2\/posts\/16184\/revisions\/16186"}],"wp:attachment":[{"href":"http:\/\/culturaliagz.com\/index.php?rest_route=%2Fwp%2Fv2%2Fmedia&parent=16184"}],"wp:term":[{"taxonomy":"category","embeddable":true,"href":"http:\/\/culturaliagz.com\/index.php?rest_route=%2Fwp%2Fv2%2Fcategories&post=16184"},{"taxonomy":"post_tag","embeddable":true,"href":"http:\/\/culturaliagz.com\/index.php?rest_route=%2Fwp%2Fv2%2Ftags&post=16184"}],"curies":[{"name":"wp","href":"https:\/\/api.w.org\/{rel}","templated":true}]}}