{"id":16177,"date":"2024-06-24T22:47:27","date_gmt":"2024-06-24T21:47:27","guid":{"rendered":"http:\/\/culturaliagz.com\/?p=16177"},"modified":"2024-06-24T22:53:15","modified_gmt":"2024-06-24T21:53:15","slug":"fermin-muguruza-actuara-en-galicia-en-marzo-de-2025","status":"publish","type":"post","link":"http:\/\/culturaliagz.com\/?p=16177","title":{"rendered":"Fermin Muguruza actuar\u00e1 en Galicia en marzo de 2025"},"content":{"rendered":"\n<p><\/p>\n\n\n<div class=\"wp-block-image\">\n<figure class=\"aligncenter size-large\"><a href=\"http:\/\/culturaliagz.com\/wp-content\/uploads\/2024\/06\/Bira-Fermin-Muguruza-Gira.jpg\" target=\"_blank\" rel=\"noreferrer noopener\"><img loading=\"lazy\" decoding=\"async\" width=\"1024\" height=\"731\" src=\"http:\/\/culturaliagz.com\/wp-content\/uploads\/2024\/06\/Bira-Fermin-Muguruza-Gira-1024x731.jpg\" alt=\"\" class=\"wp-image-16178\" srcset=\"http:\/\/culturaliagz.com\/wp-content\/uploads\/2024\/06\/Bira-Fermin-Muguruza-Gira-1024x731.jpg 1024w, http:\/\/culturaliagz.com\/wp-content\/uploads\/2024\/06\/Bira-Fermin-Muguruza-Gira-980x700.jpg 980w, http:\/\/culturaliagz.com\/wp-content\/uploads\/2024\/06\/Bira-Fermin-Muguruza-Gira-480x343.jpg 480w\" sizes=\"auto, (min-width: 0px) and (max-width: 480px) 480px, (min-width: 481px) and (max-width: 980px) 980px, (min-width: 981px) 1024px, 100vw\" \/><\/a><\/figure>\n<\/div>\n\n\n<p><\/p>\n\n\n\n<p><\/p>\n\n\n\n<p><\/p>\n\n\n\n<p class=\"has-text-align-justify\" style=\"font-size:20px\"><strong>Fermin Muguruza actuar\u00e1 en Galicia en marzo de 2025, no marco dunha xira mundial para celebrar os seus 40 anos de traxectoria musical<\/strong><\/p>\n\n\n\n<p class=\"has-text-align-justify\" style=\"font-size:16px\"><strong>As entradas para o concerto, que ter\u00e1 lugar en Santiago de Compostela o 15 de marzo,&nbsp;sair\u00e1n \u00e1 venda o 25 de xu\u00f1o \u00e1s 9.00 horas no espazo web&nbsp;<\/strong><a href=\"http:\/\/www.muguruzafm.eus\/\" target=\"_blank\" rel=\"noreferrer noopener\"><strong>www.muguruzafm.eus<\/strong><\/a><strong>&nbsp;<br><br>O artista vasco far\u00e1 unha revisi\u00f3n do seu percorrido sobre os escenarios no marco&nbsp;do 40\u00ba aniversario da formaci\u00f3n da s\u00faa primeira banda, Kortatu, que hoxe 20 de xu\u00f1o,&nbsp;hai 40 anos, publicaba a s\u00faa primeira maqueta<\/strong><\/p>\n\n\n\n<p><\/p>\n\n\n\n<p><\/p>\n\n\n<div class=\"wp-block-image\">\n<figure class=\"aligncenter size-large\"><a href=\"http:\/\/culturaliagz.com\/wp-content\/uploads\/2024\/06\/Carlos_Marti.jpg\" target=\"_blank\" rel=\"noreferrer noopener\"><img loading=\"lazy\" decoding=\"async\" width=\"731\" height=\"1024\" src=\"http:\/\/culturaliagz.com\/wp-content\/uploads\/2024\/06\/Carlos_Marti-731x1024.jpg\" alt=\"\" class=\"wp-image-16181\"\/><\/a><\/figure>\n<\/div>\n\n\n<p><\/p>\n\n\n\n<p><\/p>\n\n\n\n<p class=\"has-text-align-justify\">Fermin Muguruza actuar\u00e1 en Santiago de Compostela o 15 de marzo de 2025, no marco dunha xira mundial na que celebrar\u00e1 as s\u00faas catro d\u00e9cadas de traxectoria musical. Ser\u00e1 a \u00fanica parada que o artista vasco, fundador de Kortatu e Negu Gorriak, faga no noroeste peninsular no marco do seu novo tour -o primeiro tras 11 anos sen realizar xiras internacionais- e as entradas para esta cita, que ter\u00e1 lugar no Fontes do Sar, sair\u00e1n \u00e1 venda o vindeiro martes, 25 de xu\u00f1o, \u00e1s 09.00 horas a trav\u00e9s do espazo web&nbsp;<a href=\"http:\/\/www.muguruzafm.eus\/\" target=\"_blank\" rel=\"noreferrer noopener\">www.muguruzafm.eus<\/a>&nbsp;<\/p>\n\n\n\n<p class=\"has-text-align-justify\">Despois de romper todas as previsi\u00f3ns ao vender 16.000 entradas tan s\u00f3 nuns minutos para os dous concertos que ofrecer\u00e1 en Bilbao no mes de decembro, Fermin Muguruza comprometeuse a buscar novas propostas para o vindeiro ano. Hoxe mesmo, cando se cumpren 40 anos do lanzamento da primeira maqueta de Kortatu, o artista v\u00e9n de anunciar para o 2025 unha&nbsp;gran xira internacional para celebrar o seu 40\u00ba aniversario desde a formaci\u00f3n da s\u00faa primeira banda, Kortatu, e na que tam\u00e9n revisar\u00e1 temas de Negu Gorriak e dos seus traballos m\u00e1is recentes en solitario.&nbsp;<\/p>\n\n\n\n<p class=\"has-text-align-justify\">O tour, que chegar\u00e1 a distintas cidades de Europa, Am\u00e9rica e Asia, ter\u00e1 catro paradas na Pen\u00ednsula Ib\u00e9rica, mais&nbsp;a cita compostel\u00e1 ser\u00e1 a \u00fanica actuaci\u00f3n de Muguruza en Galicia. As\u00ed, o vasco achegarase o ano que v\u00e9n a Barcelona (24 de xaneiro, Palau Sant Jordi), Madrid (15 de febreiro, WiZink Center) e Donostia (14 de xu\u00f1o, Estadio Reale Arena &#8211; Anoeta).&nbsp;<\/p>\n\n\n\n<p class=\"has-text-align-justify\">As entradas para o concerto que Fermin Muguruza ofrecer\u00e1 no Multiusos Fontes do Sar po\u00f1eranse \u00e1 venda o vindeiro&nbsp;martes, 25 de xu\u00f1o, \u00e1s 9.00 horas&nbsp;a trav\u00e9s do web&nbsp;<a href=\"http:\/\/www.muguruzafm.eus\/\" target=\"_blank\" rel=\"noreferrer noopener\">www.muguruzafm.eus<\/a>. Ese mesmo d\u00eda activaranse tam\u00e9n as entradas para Madrid e Barcelona, mentres que os billetes para o directo de Donostia, no estadio de f\u00fatbol Anoeta, poderanse adquirir a partir das 9.00 horas do domingo 23 de xu\u00f1o no mesmo espazo web.&nbsp;<\/p>\n\n\n\n<p class=\"has-text-align-justify\">Unha vez co\u00f1ecida a xira internacional de Muguruza para celebrar o seu 40 aniversario sobre os escenarios,&nbsp;a actriz Itziar Itu\u00f1o&nbsp;<em>(La casa de papel)<\/em>&nbsp;quixo po\u00f1er en valor o seu legado: \u201cGrazas, Ferm\u00edn! Pola t\u00faa prol\u00edfica carreira, por axitar e espertar as nosas conciencias, por facernos bailar, por ser parte da banda sonora da vida dalgunhas de n\u00f3s. Tan orgulloso coma humilde, tan cari\u00f1oso coma firme, es historia de Euskal Herria, o presente, o futuro. Enfront\u00e1cheste a todas as galernas cunha mirada severa, con esa risa tan ampla. Le\u00f3n, apache, mapuche, aut\u00e9ntico pioneiro vasco! \u00c9 unha honra cami\u00f1ar ao teu lado. Un bico. Itzi\u201d.<\/p>\n\n\n\n<p><br><strong>Censura contra a cultura disidente<br><br><\/strong><\/p>\n\n\n\n<p class=\"has-text-align-justify\">Este 40 aniversario chega nun momento especial para Ferm\u00edn Muguruza. Fronte aos ataques lanzados contra el nos \u00faltimos tempos, o m\u00fasico e realizador de cinema advertiu nas s\u00faas redes sociais que responder\u00eda con m\u00e1is cultura, reivindicando a s\u00faa traxectoria e legado. As\u00ed, o artista destaca que estes eventos ser\u00e1n \u201calgo m\u00e1is que un simple concerto, xa que servir\u00e1n para utilizar a m\u00fasica como ferramenta de expresi\u00f3n e cambio social\u201d. Nos directos, o p\u00fablico poder\u00e1 gozar de diferentes&nbsp;canci\u00f3ns que se converteron en iconas da m\u00fasica vasca e internacional.<\/p>\n\n\n\n<p class=\"has-text-align-justify\">Co obxectivo de presentar a devandita xira, Muguruza rodeouse de grandes amigos nun v\u00eddeo no que participan, entre outros, int\u00e9rpretes como Itziar Itu\u00f1o, Maria Cruickshank, Aitziber Garmendia ou Jon Plazaola, ademais de m\u00fasicos como HOFE e xente do sector musical.&nbsp;<\/p>\n\n\n\n<p class=\"has-text-align-justify\">Muguruza expresa o seu desexo de que \u201cestes concertos se convertan nunha celebraci\u00f3n contra a censura e os recentes ataques da extrema dereita a nivel global e particular\u201d.&nbsp;Nese sentido, menciona casos como o da directora e cinco profesores dun instituto en Valencia que foron demandados por pintar un mural en homenaxe \u00e1 s\u00faa traxectoria creativa, as\u00ed como os ataques a Itziar Itu\u00f1o e aos xogadores do Athletic por cantar a m\u00edtica canci\u00f3n&nbsp;<em>Sarri, Sarri<\/em>.<br><br><br><\/p>\n\n\n<div class=\"wp-block-image\">\n<figure class=\"aligncenter size-large\"><a href=\"http:\/\/culturaliagz.com\/wp-content\/uploads\/2024\/06\/Ikor_Kotx.jpg\" target=\"_blank\" rel=\"noreferrer noopener\"><img loading=\"lazy\" decoding=\"async\" width=\"1024\" height=\"683\" src=\"http:\/\/culturaliagz.com\/wp-content\/uploads\/2024\/06\/Ikor_Kotx-1024x683.jpg\" alt=\"\" class=\"wp-image-16180\" srcset=\"http:\/\/culturaliagz.com\/wp-content\/uploads\/2024\/06\/Ikor_Kotx-1024x683.jpg 1024w, http:\/\/culturaliagz.com\/wp-content\/uploads\/2024\/06\/Ikor_Kotx-980x653.jpg 980w, http:\/\/culturaliagz.com\/wp-content\/uploads\/2024\/06\/Ikor_Kotx-480x320.jpg 480w\" sizes=\"auto, (min-width: 0px) and (max-width: 480px) 480px, (min-width: 481px) and (max-width: 980px) 980px, (min-width: 981px) 1024px, 100vw\" \/><\/a><\/figure>\n<\/div>\n\n\n<p><\/p>\n\n\n\n<p><\/p>\n\n\n\n<p class=\"has-text-align-justify\"><strong>Unha das figuras de maior influencia e carisma do panorama musical vasco<\/strong><\/p>\n\n\n\n<p class=\"has-text-align-justify\"><br>O artista irundarra lembra que \u201cser\u00e1 unha honra e un privilexio poder celebrar este percorrido de 40 anos sobre un escenario, sab\u00e9ndome pertencente a unha xeraci\u00f3n moi golpeada. Espero que estes concertos sexan especiais para todos, a trav\u00e9s da m\u00fasica, o baile e a reivindicaci\u00f3n, un exercicio de memoria colectiva, unha celebraci\u00f3n da vida e rexeitamento ao fascismo, unha cerimonia dos abrazos\u201d.&nbsp;<\/p>\n\n\n\n<p class=\"has-text-align-justify\">Muguruza foi definido como unha das figuras de maior influencia e carisma no panorama musical vasco en diferentes sectores. Comezou a s\u00faa carreira musical creando xunto ao seu irm\u00e1n I\u00f1igo o grupo de m\u00fasica&nbsp;Kortatu. Cando a banda se disolveu, logo da edici\u00f3n do seu \u00faltimo disco exclusivamente en e\u00fascaro, Muguruza formou&nbsp;Negu Gorriak&nbsp;xunto ao seu irm\u00e1n I\u00f1igo, Kaki Arkarazo, Mikel Txopeitia e Mikel Anestesia. O grupo converteuse nunha das formaci\u00f3ns m\u00e1is importantes da escena dos anos 90. Ap\u00f3s a s\u00faa disoluci\u00f3n, Muguruza iniciou a s\u00faa carreira en solitario, tomando como base o reggae e o dub e mesturando ritmos latinos ou elementos do rock, hip hop, funk, soul e drum and bass.<\/p>\n\n\n\n<p class=\"has-text-align-justify\">Muguruza colaborou con artistas como Manu Chao, Banda Bassotti, Amparanoia, Tijuana No!, Todos Tus Muertos, Albert Pla, Zebda, Desorden P\u00fablico, Reincidentes, Angelo Moore de Fishbone, Ra\u00fal Refree, Obrint Pas, El Columpio Asesino, Preservation Hall Jazz Band, Toots, U-Roy, Rita Marley, Peret ou decenas de artistas ao longo destas catro d\u00e9cadas.<\/p>\n\n\n\n<p class=\"has-text-align-justify\">Ademais, nestes \u00faltimos anos, Muguruza ten traballado no mundo do cinema e do documental. Creou unha infinidade de traballos de tem\u00e1tica social, entre eles, a serie&nbsp;<em>Next Music Station<\/em>&nbsp;(2011),&nbsp;que re\u00fane once pezas sobre m\u00fasica \u00e1rabe para a cadea Al Jazeera, o documental&nbsp;<em>NOLA? Irun meets New Orleans<\/em>&nbsp;(2015),&nbsp;as pel\u00edculas de animaci\u00f3n&nbsp;<em>Black is Beltza<\/em>&nbsp;(2018) e&nbsp;<em>Black is Beltza II: Ainhoa<\/em>&nbsp;(2022),&nbsp;esta \u00faltima finalista dos Premios Goya, ou o recente filme documental&nbsp;<em>BIDASOA 2018-2023<\/em>&nbsp;(2023),&nbsp;entre&nbsp;outros.<\/p>\n\n\n\n<p><\/p>\n\n\n\n<p><\/p>\n\n\n\n<p><strong>Xira mundial de Fermin Muguruza<br><\/strong><\/p>\n\n\n\n<p>2024<br>20 de decembro: Bilbao \u2013 Miribilla (Sold out)<\/p>\n\n\n\n<p>21 de decembro: Bilbao \u2013 Miribilla (Sold out)<\/p>\n\n\n\n<p>2025<\/p>\n\n\n\n<p>18 de xaneiro: Tenerife \u2013 EC Aguere<\/p>\n\n\n\n<p>24 de xaneiro: Barcelona &#8211; Palau Sant Jordi<\/p>\n\n\n\n<p>15 de febreiro: Madrid &#8211; WiZink Center<\/p>\n\n\n\n<p><strong>15 de marzo: Santiago de Compostela \u2013 Fontes do Sar<\/strong><\/p>\n\n\n\n<p>21 de marzo: Paris \u2013 La Cigale<\/p>\n\n\n\n<p>22 de marzo: Bordeaux \u2013 Salle du Grand Parc<\/p>\n\n\n\n<p>28 de marzo: Toulouse \u2013 Le Bikini<\/p>\n\n\n\n<p>29 de marzo: Marseille \u2013 Espace Julien<\/p>\n\n\n\n<p>12 de abril: Zurich \u2013 Rote Fabrik<\/p>\n\n\n\n<p>16 de abril: Berlin \u2013 SO36<\/p>\n\n\n\n<p>20 de maio: Santiago de Chile \u2013 Teatro Cariola<\/p>\n\n\n\n<p>24 de maio: Buenos Aires \u2013 Estadio Obras<\/p>\n\n\n\n<p>28 de maio: Bogot\u00e1 \u2013 Calle 13<\/p>\n\n\n\n<p>31 de maio: M\u00e9xico &#8211; Skatex (Texcoco)<\/p>\n\n\n\n<p>07 de xu\u00f1o: Roma &#8211; TBC<\/p>\n\n\n\n<p>14 de xu\u00f1o: Donostia \u2013 Anoeta Estadioa (Reale Arena)<\/p>\n\n\n\n<p>23 de xullo: Tokio \u2013 Radical Music Network<\/p>\n\n\n\n<p>4 de outubro: \u00daltimo concerto&nbsp;<\/p>\n\n\n\n<p><\/p>\n\n\n\n<p><\/p>\n\n\n\n<p><\/p>\n\n\n\n<p><strong>DOSSIER<\/strong><\/p>\n\n\n<a href=\"http:\/\/culturaliagz.com\/wp-content\/uploads\/2024\/06\/FM_Orokorra_DossierGAL.pdf\" class=\"pdfemb-viewer\" style=\"\" data-width=\"max\" data-height=\"max\" data-toolbar=\"bottom\" data-toolbar-fixed=\"off\">FM_Orokorra_DossierGAL<\/a>\n<p class=\"wp-block-pdfemb-pdf-embedder-viewer\"><\/p>\n","protected":false},"excerpt":{"rendered":"<p>Fermin Muguruza actuar\u00e1 en Galicia en marzo de 2025, no marco dunha xira mundial para celebrar os seus 40 anos de traxectoria musical As entradas para o concerto, que ter\u00e1 [&hellip;]<\/p>\n","protected":false},"author":1,"featured_media":0,"comment_status":"open","ping_status":"open","sticky":false,"template":"","format":"standard","meta":{"_et_pb_use_builder":"","_et_pb_old_content":"","_et_gb_content_width":"","_jetpack_memberships_contains_paid_content":false,"footnotes":""},"categories":[23,7,6,57,1],"tags":[2358,2359],"class_list":["post-16177","post","type-post","status-publish","format-standard","hentry","category-autoresas","category-creacion","category-novas","category-outras-artes","category-xeral","tag-fermin-muguruza","tag-kortatu"],"jetpack_featured_media_url":"","jetpack_sharing_enabled":true,"_links":{"self":[{"href":"http:\/\/culturaliagz.com\/index.php?rest_route=\/wp\/v2\/posts\/16177","targetHints":{"allow":["GET"]}}],"collection":[{"href":"http:\/\/culturaliagz.com\/index.php?rest_route=\/wp\/v2\/posts"}],"about":[{"href":"http:\/\/culturaliagz.com\/index.php?rest_route=\/wp\/v2\/types\/post"}],"author":[{"embeddable":true,"href":"http:\/\/culturaliagz.com\/index.php?rest_route=\/wp\/v2\/users\/1"}],"replies":[{"embeddable":true,"href":"http:\/\/culturaliagz.com\/index.php?rest_route=%2Fwp%2Fv2%2Fcomments&post=16177"}],"version-history":[{"count":2,"href":"http:\/\/culturaliagz.com\/index.php?rest_route=\/wp\/v2\/posts\/16177\/revisions"}],"predecessor-version":[{"id":16183,"href":"http:\/\/culturaliagz.com\/index.php?rest_route=\/wp\/v2\/posts\/16177\/revisions\/16183"}],"wp:attachment":[{"href":"http:\/\/culturaliagz.com\/index.php?rest_route=%2Fwp%2Fv2%2Fmedia&parent=16177"}],"wp:term":[{"taxonomy":"category","embeddable":true,"href":"http:\/\/culturaliagz.com\/index.php?rest_route=%2Fwp%2Fv2%2Fcategories&post=16177"},{"taxonomy":"post_tag","embeddable":true,"href":"http:\/\/culturaliagz.com\/index.php?rest_route=%2Fwp%2Fv2%2Ftags&post=16177"}],"curies":[{"name":"wp","href":"https:\/\/api.w.org\/{rel}","templated":true}]}}