{"id":16169,"date":"2024-06-24T22:30:38","date_gmt":"2024-06-24T21:30:38","guid":{"rendered":"http:\/\/culturaliagz.com\/?p=16169"},"modified":"2024-06-24T22:33:08","modified_gmt":"2024-06-24T21:33:08","slug":"o-xii-festival-atlantica-fai-de-galicia-o-epicentro-da-narracion-oral-do-1-ao-7-de-xullo","status":"publish","type":"post","link":"http:\/\/culturaliagz.com\/?p=16169","title":{"rendered":"O XII Festival Atl\u00e1ntica fai de Galicia o epicentro da narraci\u00f3n oral do 1 ao 7 de xullo"},"content":{"rendered":"\n<p><\/p>\n\n\n<div class=\"wp-block-image\">\n<figure class=\"aligncenter size-full\"><a href=\"http:\/\/culturaliagz.com\/wp-content\/uploads\/2024\/06\/Cartel-xeral-FA-2024-scaled.jpg\" target=\"_blank\" rel=\"noreferrer noopener\"><img loading=\"lazy\" decoding=\"async\" width=\"1814\" height=\"2560\" src=\"http:\/\/culturaliagz.com\/wp-content\/uploads\/2024\/06\/Cartel-xeral-FA-2024-scaled.jpg\" alt=\"\" class=\"wp-image-16170\" srcset=\"http:\/\/culturaliagz.com\/wp-content\/uploads\/2024\/06\/Cartel-xeral-FA-2024-scaled.jpg 1814w, http:\/\/culturaliagz.com\/wp-content\/uploads\/2024\/06\/Cartel-xeral-FA-2024-1280x1806.jpg 1280w, http:\/\/culturaliagz.com\/wp-content\/uploads\/2024\/06\/Cartel-xeral-FA-2024-980x1383.jpg 980w, http:\/\/culturaliagz.com\/wp-content\/uploads\/2024\/06\/Cartel-xeral-FA-2024-480x677.jpg 480w\" sizes=\"auto, (min-width: 0px) and (max-width: 480px) 480px, (min-width: 481px) and (max-width: 980px) 980px, (min-width: 981px) and (max-width: 1280px) 1280px, (min-width: 1281px) 1814px, 100vw\" \/><\/a><\/figure>\n<\/div>\n\n\n<p><\/p>\n\n\n\n<p><\/p>\n\n\n\n<p class=\"has-text-align-justify\"><strong>A primeira semana de xullo Atl\u00e1ntica vaise desenvolver en 25 concellos de toda Galicia e consol\u00eddase en Portugal con 5 sedes<\/strong><\/p>\n\n\n\n<p class=\"has-text-align-justify\"><strong>M\u00e1is de 90 funci\u00f3ns de 45 propostas esc\u00e9nicas diferentes desenvolvidas por 50 artistas procedentes de Brasil, Xap\u00f3n, Portugal, Italia, Cuba, Salamanca, Zamora e Galicia<\/strong><\/p>\n\n\n\n<p class=\"has-text-align-justify\"><strong>Descentralizado, transfronteirizo, multiformato e integrador: Atl\u00e1ntica 2024 renova o seu compromiso co territorio e a s\u00faa xente<\/strong><\/p>\n\n\n\n<p class=\"has-text-align-justify\"><strong>Atl\u00e1ntica conta un ano m\u00e1is co patrocinio xeral da Xunta de Galicia e da Deputaci\u00f3n da Coru\u00f1a e mais co apoio dos diferentes concellos que participan no festival<\/strong><\/p>\n\n\n\n<p class=\"has-text-align-justify\"><strong>Toda a programaci\u00f3n p\u00f3dese consultar na web festivalatlantica.gal<\/strong><\/p>\n\n\n\n<p><\/p>\n\n\n\n<p><\/p>\n\n\n\n<figure class=\"wp-block-gallery has-nested-images columns-2 is-cropped wp-block-gallery-1 is-layout-flex wp-block-gallery-is-layout-flex\">\n<figure class=\"wp-block-image size-large\"><a href=\"http:\/\/culturaliagz.com\/wp-content\/uploads\/2024\/06\/20240613-Presentacion-Atlantica-2024-SCQ-1-Javier_Albor.jpg\" target=\"_blank\" rel=\"noreferrer noopener\"><img loading=\"lazy\" decoding=\"async\" width=\"1024\" height=\"667\" data-id=\"16171\" src=\"http:\/\/culturaliagz.com\/wp-content\/uploads\/2024\/06\/20240613-Presentacion-Atlantica-2024-SCQ-1-Javier_Albor-1024x667.jpg\" alt=\"\" class=\"wp-image-16171\" srcset=\"http:\/\/culturaliagz.com\/wp-content\/uploads\/2024\/06\/20240613-Presentacion-Atlantica-2024-SCQ-1-Javier_Albor-980x639.jpg 980w, http:\/\/culturaliagz.com\/wp-content\/uploads\/2024\/06\/20240613-Presentacion-Atlantica-2024-SCQ-1-Javier_Albor-480x313.jpg 480w\" sizes=\"auto, (min-width: 0px) and (max-width: 480px) 480px, (min-width: 481px) and (max-width: 980px) 980px, (min-width: 981px) 1024px, 100vw\" \/><\/a><\/figure>\n\n\n\n<figure class=\"wp-block-image size-large\"><a href=\"http:\/\/culturaliagz.com\/wp-content\/uploads\/2024\/06\/20240613-Presentacion-Atlantica-2024-SCQ-Javier_Albor.jpg\" target=\"_blank\" rel=\"noreferrer noopener\"><img loading=\"lazy\" decoding=\"async\" width=\"1024\" height=\"668\" data-id=\"16172\" src=\"http:\/\/culturaliagz.com\/wp-content\/uploads\/2024\/06\/20240613-Presentacion-Atlantica-2024-SCQ-Javier_Albor-1024x668.jpg\" alt=\"\" class=\"wp-image-16172\" srcset=\"http:\/\/culturaliagz.com\/wp-content\/uploads\/2024\/06\/20240613-Presentacion-Atlantica-2024-SCQ-Javier_Albor-980x639.jpg 980w, http:\/\/culturaliagz.com\/wp-content\/uploads\/2024\/06\/20240613-Presentacion-Atlantica-2024-SCQ-Javier_Albor-480x313.jpg 480w\" sizes=\"auto, (min-width: 0px) and (max-width: 480px) 480px, (min-width: 481px) and (max-width: 980px) 980px, (min-width: 981px) 1024px, 100vw\" \/><\/a><\/figure>\n<\/figure>\n\n\n\n<p><\/p>\n\n\n\n<p><\/p>\n\n\n\n<p class=\"has-text-align-justify\">O <strong><a href=\"https:\/\/festivalatlantica.gal\/\" target=\"_blank\" rel=\"noreferrer noopener\">Festival Atl\u00e1ntica<\/a><\/strong> v\u00e9n de presentar este xoves, 13 de xu\u00f1o, o programa completo da s\u00faa <strong>duod\u00e9cima edici\u00f3n<\/strong>, que se vai celebrar entre o <strong>1 e o 7 de xullo<\/strong>. Na rolda de prensa participaron <strong>Natividade Gonz\u00e1lez<\/strong>, deputada de Cultura da Deputaci\u00f3n da Coru\u00f1a; <strong>M\u00edriam Louzao<\/strong>, concelleira de Capital Cultural, Turismo, Educaci\u00f3n e Memoria Hist\u00f3rica do Concello de Santiago; e <strong>Soledad Felloza<\/strong>, directora de Atl\u00e1ntica. Ademais, tam\u00e9n acudiron ao evento <strong>Evelyne L\u00f3pez Mussons<\/strong>, coordinadora de Atl\u00e1ntica en Portugal, e numerosos representantes de concellos, asociaci\u00f3ns e colectivos colaboradores do festival.<\/p>\n\n\n\n<p class=\"has-text-align-justify\"><strong>M\u00edriam Louzao<\/strong> comezou a presentaci\u00f3n po\u00f1endo o acento sobre a capacidade de Atl\u00e1ntica para \u201cfacer transcender os contos do \u00e1mbito infantil programando actividades diversas para todos os p\u00fablicos\u201d en numerosos puntos de Santiago, compar\u00e1ndoos con \u201cportos nos que recalar\u00e1 esta marabillosa traves\u00eda\u201d. Pola s\u00faa banda, N<strong>atividade Gonz\u00e1lez<\/strong> gabou o labor do festival \u201cna conservaci\u00f3n do patrimonio inmaterial\u201d e a s\u00faa habilidade para logralo \u201ccon actividades que non s\u00f3 ofrecen entretemento, sen\u00f3n tam\u00e9n espazos para a reflexi\u00f3n e a aprendizaxe\u201d.<\/p>\n\n\n\n<p class=\"has-text-align-justify\">Na s\u00faa intervenci\u00f3n Felloza subli\u00f1ou as cifras que avalan o \u00e9xito de Atl\u00e1ntica: unha semana de actividade con m\u00e1is de 90 funci\u00f3ns gratu\u00edtas de 45 propostas diferentes desenvolvidas polos 50 artistas que act\u00faan nas 30 sedes espalladas por Galicia e Portugal. Neste sentido, a directora do festival salientou \u201ca ledicia e o esforzo que sup\u00f3n a consolidaci\u00f3n de Atl\u00e1ntica como un evento transfronteirizo coa programaci\u00f3n en cinco aldeas da Serra do Xer\u00e9s\u201d, que fai deste encontro \u201cun dos poucos eventos das artes esc\u00e9nicas da Pen\u00ednsula que programa ao longo de sete d\u00edas a unha beira e outra da raia\u201d.<\/p>\n\n\n\n<p class=\"has-text-align-justify\">Como en edici\u00f3ns previas, Atl\u00e1ntica vai chegar \u00e1s grandes cidades como Santiago de Compostela, A Coru\u00f1a, Vigo, Ourense e Ferrol, mais tam\u00e9n a concellos de tama\u00f1o medio como Ribeira, Vilalba, Caldas de Reis, Betanzos ou Teo, e a concellos do rural como Pazos de Borb\u00e9n, Dodro ou Alfoz, (Cuntis e Outes) entre outros. Unha capilaridade que se espalla polo territorio grazas \u00e1 complicidade de m\u00faltiples axentes institucionais e da sociedade civil e que fai de Atl\u00e1ntica un ente cultural flexible, que se d\u00e1 adaptado a p\u00fablicos e espazos diversos. Un exemplo paradigm\u00e1tico deste comportamento \u00e9 a descentralizaci\u00f3n do programa en Santiago, sede principal de Atl\u00e1ntica, onde as funci\u00f3ns urbanas conviven coa aposta decidida por barrios, lugares e parroquias do extenso rural do concello.<\/p>\n\n\n\n<p><strong>Escaparate das m\u00faltiples oralidades<\/strong><\/p>\n\n\n\n<p class=\"has-text-align-justify\">Mais Atl\u00e1ntica 2024 non esquece a s\u00faa funci\u00f3n reivindicadora da narraci\u00f3n oral como disciplina art\u00edstica, ben sexa coa programaci\u00f3n de propostas de <strong>La Chana Teatro<\/strong> como a montaxe <em>Pisando el llano<\/em>, espect\u00e1culo inaugural, ou a singular <em>Blancanieves<\/em>, na que todas as personaxes son l\u00e1mpadas, peza multipremiada que no 2023 acadou o Max ao mellor espect\u00e1culo infantil e xuvenil.<\/p>\n\n\n\n<p class=\"has-text-align-justify\">Haber\u00e1 tam\u00e9n espazo para as estreas <em>Contar para vivilo<\/em>, de <strong>C\u00e1ndido Paz\u00f3<\/strong>, <em>Contos de revoluci\u00f3n. Entre Brassens e Neira Vilas<\/em>, de Dani Blanco, <em>Contos, cantos e outros tantos<\/em>, da portuguesa <strong>Ana Sof\u00eda Paiva<\/strong> e as <em>Lendas suburbanas<\/em> de <strong>Quico Cadaval<\/strong>. E seguir\u00e1 a aposta polos contos de terras afastadas e ba\u00f1adas por outros mares, como as historias de fino humor de <strong>Yoshi Hioki<\/strong> e tam\u00e9n pola potencia narrativa da terra e da que \u00e9 bo exemplo o Premio Nacional <strong>Paula Carballeira<\/strong>.<\/p>\n\n\n\n<p class=\"has-text-align-justify\">Atl\u00e1ntica volver\u00e1 transitar pola senda da narraci\u00f3n oral como disciplina h\u00edbrida, facendo fincap\u00e9 na boa maridaxe entre contos e m\u00fasica. Unha mestura que est\u00e1 a dar moi bos resultados entre o p\u00fablico infantil \u20142004-2024-Grandes \u00e9xitos de Caxoto ou Son animal de Paco Nogueira\u2014, pero tam\u00e9n co p\u00fablico adulto, como demostrar\u00e1 Su Garrido Pombo ao clausurar o festival con Patio de luces.<\/p>\n\n\n\n<p><strong>Contar o territorio<\/strong><\/p>\n\n\n\n<p class=\"has-text-align-justify\">Non pod\u00eda faltar nesta edici\u00f3n un dos formatos que acompa\u00f1a a Atl\u00e1ntica dende o primeiro ano: os roteiros narrados. A colaboraci\u00f3n con axentes locais expertos permite amosar o poder das historias como xeito de transmitir e dar a co\u00f1ecer o patrimonio material e inmaterial. Este ano haber\u00e1 en Santiago unha ruta en bicicleta polos castros da bisbarra e mais un percorrido polo petr\u00f3glifos da Devesa da Rula e polo rom\u00e1nico do rural. Reivindicarase tam\u00e9n o legado da Igrexa de Vilar de Donas da man de <strong>Carola Casal e Carme Varela<\/strong> con <em>800 anos das Giocondas galegas<\/em>, <strong>Guillermo Llorca<\/strong> guiar\u00e1 pola escultura urbana de Ferrol e <strong>Jos\u00e9 Mar\u00eda Eguileta<\/strong> pasear\u00e1 pola evoluci\u00f3n urbana de Ourense, por citar algunhas das doce actividades programadas.<\/p>\n\n\n\n<p class=\"has-text-align-justify\">Fiel \u00e1 s\u00faa filosof\u00eda, Atl\u00e1ntica segue a amosar a s\u00faa faceta integradora: mant\u00e9n o seu compromiso coas persoas con discapacidade auditiva programando funci\u00f3ns con interpretaci\u00f3n en lingua de signos, regresar\u00e1 \u00e1 aula de pediatr\u00eda do CHUS e, como novidade desta edici\u00f3n, desenvolver\u00e1 unha experiencia particular \u201dsilandeira\u201d con colectivos con TEA e TDH.<\/p>\n\n\n\n<p><strong>Sementando novos espectadores<\/strong><\/p>\n\n\n\n<p class=\"has-text-align-justify\">A\u00ednda que a maior parte do programa se vai desenvolver en xullo, o Festival Atl\u00e1ntica Mi\u00fado volve ollar cara aos m\u00e1is pequechos na recta final do curso escolar. Xa que logo, entre o 14 e o 22 de xu\u00f1o haber\u00e1 un programa especial concibido para o p\u00fablico infantil de centros de ensino de Santiago, Bri\u00f3n e Pazos de Borb\u00e9n. Tam\u00e9n est\u00e1n previstas funci\u00f3ns na Biblioteca \u00c1nxel Casal e mais no Hospital Cl\u00ednico Universitario de Santiago (CHUS). Al\u00e9n diso, entre o 1 e o 7 de xullo, Atl\u00e1ntica incl\u00fae unha grande oferta para a cativada e as s\u00faas familias que se pode consultar, co resto da programaci\u00f3n, na web festivalatlantica.gal.<\/p>\n\n\n\n<p class=\"has-text-align-justify\">O XII Festival Atl\u00e1ntica \u00e9 posible grazas ao patrocinio da Xunta de Cultura e da Deputaci\u00f3n da Coru\u00f1a e ao apoio dos concellos de Santiago de Compostela, Ferrol, Teo, Alfoz, Caldas de Reis, Dodro, Mugardos, Outes, A Pobra do Carami\u00f1al, Ribeira, Sanxenxo e Vilalba.<\/p>\n\n\n\n<p><strong>Festival Atl\u00e1ntica<\/strong><\/p>\n\n\n\n<p class=\"has-text-align-justify\">Atl\u00e1ntica, Festival Internacional de Narraci\u00f3n Oral, naceu no ano 2013 con sede en Santiago de Compostela cunha clara vocaci\u00f3n de ser un encontro de voces e historias de perfil atlanticista. Mant\u00e9n o seu obxectivo de indagar nas ra\u00edces com\u00fans das historias do oc\u00e9ano, na procura da identidade cultural do Atl\u00e1ntico. Traballa a prol da posta en valor dunha arte esc\u00e9nica amarrada ao territorio, antiga pero adaptada aos tempos, e ampara, xera e difunde unha narrativa integradora, igualitaria e sostible.<\/p>\n\n\n\n<p><\/p>\n\n\n\n<p><\/p>\n\n\n\n<p><strong>DOSSIER<\/strong><\/p>\n\n\n\n<p><\/p>\n\n\n<a href=\"http:\/\/culturaliagz.com\/wp-content\/uploads\/2024\/06\/20240613-FA-2024-Dossier_compressed.pdf\" class=\"pdfemb-viewer\" style=\"\" data-width=\"max\" data-height=\"max\" data-toolbar=\"bottom\" data-toolbar-fixed=\"off\">20240613-FA-2024-Dossier_compressed<\/a>\n<p class=\"wp-block-pdfemb-pdf-embedder-viewer\"><\/p>\n","protected":false},"excerpt":{"rendered":"<p>A primeira semana de xullo Atl\u00e1ntica vaise desenvolver en 25 concellos de toda Galicia e consol\u00eddase en Portugal con 5 sedes M\u00e1is de 90 funci\u00f3ns de 45 propostas esc\u00e9nicas diferentes [&hellip;]<\/p>\n","protected":false},"author":1,"featured_media":0,"comment_status":"open","ping_status":"open","sticky":false,"template":"","format":"standard","meta":{"_et_pb_use_builder":"","_et_pb_old_content":"","_et_gb_content_width":"","_jetpack_memberships_contains_paid_content":false,"footnotes":""},"categories":[23,7,129,6,57,1],"tags":[2357],"class_list":["post-16169","post","type-post","status-publish","format-standard","hentry","category-autoresas","category-creacion","category-literaria","category-novas","category-outras-artes","category-xeral","tag-xii-festival-atlantica"],"jetpack_featured_media_url":"","jetpack_sharing_enabled":true,"_links":{"self":[{"href":"http:\/\/culturaliagz.com\/index.php?rest_route=\/wp\/v2\/posts\/16169","targetHints":{"allow":["GET"]}}],"collection":[{"href":"http:\/\/culturaliagz.com\/index.php?rest_route=\/wp\/v2\/posts"}],"about":[{"href":"http:\/\/culturaliagz.com\/index.php?rest_route=\/wp\/v2\/types\/post"}],"author":[{"embeddable":true,"href":"http:\/\/culturaliagz.com\/index.php?rest_route=\/wp\/v2\/users\/1"}],"replies":[{"embeddable":true,"href":"http:\/\/culturaliagz.com\/index.php?rest_route=%2Fwp%2Fv2%2Fcomments&post=16169"}],"version-history":[{"count":2,"href":"http:\/\/culturaliagz.com\/index.php?rest_route=\/wp\/v2\/posts\/16169\/revisions"}],"predecessor-version":[{"id":16176,"href":"http:\/\/culturaliagz.com\/index.php?rest_route=\/wp\/v2\/posts\/16169\/revisions\/16176"}],"wp:attachment":[{"href":"http:\/\/culturaliagz.com\/index.php?rest_route=%2Fwp%2Fv2%2Fmedia&parent=16169"}],"wp:term":[{"taxonomy":"category","embeddable":true,"href":"http:\/\/culturaliagz.com\/index.php?rest_route=%2Fwp%2Fv2%2Fcategories&post=16169"},{"taxonomy":"post_tag","embeddable":true,"href":"http:\/\/culturaliagz.com\/index.php?rest_route=%2Fwp%2Fv2%2Ftags&post=16169"}],"curies":[{"name":"wp","href":"https:\/\/api.w.org\/{rel}","templated":true}]}}