{"id":16153,"date":"2024-06-19T19:32:53","date_gmt":"2024-06-19T18:32:53","guid":{"rendered":"http:\/\/culturaliagz.com\/?p=16153"},"modified":"2024-06-19T19:32:55","modified_gmt":"2024-06-19T18:32:55","slug":"dique-o-novo-espectaculo-de-nova-galega-de-danza-estrease-en-santiago-esta-fin-de-semana","status":"publish","type":"post","link":"http:\/\/culturaliagz.com\/?p=16153","title":{"rendered":"\u2018Dique\u2019, o novo espect\u00e1culo de Nova Galega de Danza, estr\u00e9ase en Santiago esta fin de semana"},"content":{"rendered":"\n<p><\/p>\n\n\n<div class=\"wp-block-image\">\n<figure class=\"aligncenter size-large\"><a href=\"http:\/\/culturaliagz.com\/wp-content\/uploads\/2024\/06\/DIQUE_A9A4198\u00a9Vanessa-Rabade-scaled.jpg\" target=\"_blank\" rel=\"noreferrer noopener\"><img loading=\"lazy\" decoding=\"async\" width=\"1024\" height=\"683\" src=\"http:\/\/culturaliagz.com\/wp-content\/uploads\/2024\/06\/DIQUE_A9A4198\u00a9Vanessa-Rabade-1024x683.jpg\" alt=\"\" class=\"wp-image-16154\" srcset=\"http:\/\/culturaliagz.com\/wp-content\/uploads\/2024\/06\/DIQUE_A9A4198\u00a9Vanessa-Rabade-1024x683.jpg 1024w, http:\/\/culturaliagz.com\/wp-content\/uploads\/2024\/06\/DIQUE_A9A4198\u00a9Vanessa-Rabade-300x200.jpg 300w, http:\/\/culturaliagz.com\/wp-content\/uploads\/2024\/06\/DIQUE_A9A4198\u00a9Vanessa-Rabade-768x512.jpg 768w, http:\/\/culturaliagz.com\/wp-content\/uploads\/2024\/06\/DIQUE_A9A4198\u00a9Vanessa-Rabade-1536x1024.jpg 1536w, http:\/\/culturaliagz.com\/wp-content\/uploads\/2024\/06\/DIQUE_A9A4198\u00a9Vanessa-Rabade-2048x1365.jpg 2048w, http:\/\/culturaliagz.com\/wp-content\/uploads\/2024\/06\/DIQUE_A9A4198\u00a9Vanessa-Rabade-1080x720.jpg 1080w, http:\/\/culturaliagz.com\/wp-content\/uploads\/2024\/06\/DIQUE_A9A4198\u00a9Vanessa-Rabade-1280x854.jpg 1280w, http:\/\/culturaliagz.com\/wp-content\/uploads\/2024\/06\/DIQUE_A9A4198\u00a9Vanessa-Rabade-980x653.jpg 980w, http:\/\/culturaliagz.com\/wp-content\/uploads\/2024\/06\/DIQUE_A9A4198\u00a9Vanessa-Rabade-480x320.jpg 480w\" sizes=\"auto, (max-width: 1024px) 100vw, 1024px\" \/><\/a><\/figure>\n<\/div>\n\n\n<p><\/p>\n\n\n\n<p><\/p>\n\n\n\n<p class=\"has-text-align-justify\"><strong>A peza conta a \u00e9pica historia das 200 mulleres que hai 150 anos escavaron o Dique da Camp\u00e1 de Ferrol, a obra de enxe\u00f1er\u00eda hidr\u00e1ulica m\u00e1is importante do s\u00e9culo XIX, transportando 245.000 metros c\u00fabicos de terra e pedras en 11.600.000 cestos sobre as s\u00faas cabezas e, polo mesmo traballo, cobraban menos ca os homes<\/strong><\/p>\n\n\n\n<p class=\"has-text-align-justify\"><em><strong>Dique<\/strong><\/em><strong>, coproducido por Nova Galega de Danza e a Xunta de Galicia,a trav\u00e9s do Centro Coreogr\u00e1fico Galego,\u00a0 poderase ver no Sal\u00f3n Teatro do Centro Dram\u00e1tico Galego de Santiago de Compostela os d\u00edas 21, 22 e 23 de xu\u00f1o, coas \u00faltimas entradas dispo\u00f1ibles para o 22 e o 23 a trav\u00e9s da plataforma <\/strong><a href=\"https:\/\/entradas.ataquilla.com\/ventaentradas\/es\/danza\/salon-teatro\/17584--dique.html\" target=\"_blank\" rel=\"noreferrer noopener\"><strong>Ataquilla<\/strong><\/a><\/p>\n\n\n\n<p class=\"has-text-align-justify\"><strong>Na s\u00faa primeira colaboraci\u00f3n con Nova Galega de Danza, Marta Pazos dirixe o espect\u00e1culo,cun equipo art\u00edstico e t\u00e9cnico composto integramente por mulleres, coa coreograf\u00eda de Bel\u00e9n Mart\u00ed Lluch e a m\u00fasica de Clara Aguilar, entre outras<\/strong><\/p>\n\n\n\n<p><\/p>\n\n\n\n<p class=\"has-text-align-justify\">A estrea absoluta do novo espect\u00e1culo de Nova Galega de Danza est\u00e1 xa \u00e1 portas. A posta de largo de <em><strong>Dique<\/strong><\/em> ter\u00e1 lugar este <strong>venres,<\/strong> <strong>21 de xu\u00f1o<\/strong>, no <strong>Sal\u00f3n Teatro do Centro Dram\u00e1tico Galego (CDG) <\/strong>de Santiago de Compostela, \u00e1s 20.30 h, coas entradas xa esgotadas para esta primeira funci\u00f3n. A peza poderase ver, na mesma sala, o s\u00e1bado 22 e o domingo 23, cos \u00faltimos billetes a\u00ednda dispo\u00f1ibles que poden adquirirse a trav\u00e9s da plataforma <a href=\"https:\/\/entradas.ataquilla.com\/ventaentradas\/es\/danza\/salon-teatro\/17583--dique.html\" target=\"_blank\" rel=\"noreferrer noopener\">ataquilla.com<\/a>.<\/p>\n\n\n\n<p class=\"has-text-align-justify\">Esta ma\u00f1\u00e1 tivo lugar a presentaci\u00f3n da obra no ambig\u00fa do Sal\u00f3n Teatro do CDG. <em>Dique, <\/em>a agardada nova produci\u00f3n de <strong>Nova Galega de Danza<\/strong> con direcci\u00f3n esc\u00e9nica de <strong>Marta Pazos<\/strong>, \u00e9 un espect\u00e1culo coproducido por Nova Galega de Danza e a Xunta de Galicia, a trav\u00e9s do Centro Coreogr\u00e1fico Galego, que pon en di\u00e1logo a danza contempor\u00e1nea e a danza tradicional galega nunha conversa que reflicte a conexi\u00f3n entre o pasado e o presente.<\/p>\n\n\n\n<p class=\"has-text-align-justify\">Na presentaci\u00f3n de <em>Dique<\/em> en Compostela participaron<strong> Jaime Pablo D\u00edaz<\/strong>, director art\u00edstico de Nova Galega de Danza; <strong>Marta Pazos<\/strong>, responsable da direcci\u00f3n esc\u00e9nica e da dramaturxia de <em>Dique<\/em>; <strong>Bel\u00e9n Mart\u00ed Lluch<\/strong>, core\u00f3grafa de <em>Dique<\/em>; a bailarina <strong>Estefan\u00eda G\u00f3mez<\/strong>, en representaci\u00f3n do elenco de <em>Dique;<\/em> e <strong>Jacobo Sutil<\/strong>, director da Axencia Galega das Industrias Culturais (Agadic), que estiveron acompa\u00f1ados por <strong>Pilar Portela<\/strong>, directora do Centro Coreogr\u00e1fico Galego.<\/p>\n\n\n\n<p class=\"has-text-align-justify\">O director art\u00edstico de Nova Galega de Danza, Jaime Pablo D\u00edaz, declarou que estaba \u201cmoi contento e moi agradecido do grand\u00edsimo equipo que conforma o proxecto, co que puidemos plasmar aquela xesta que aconteceu no Dique da Camp\u00e1 de Ferrol hai 150 anos\u201d. Tam\u00e9n quixo destacar que \u201ca historia de <em>Dique<\/em> ti\u00f1a que ser feminina\u201d. \u201cDespois de celebrar o noso 20 aniversario como compa\u00f1\u00eda, con Nova Galega de Danza sent\u00edn a necesidade de contar esta historia -case desco\u00f1ecida- de mulleres invis\u00edbeis&#8230; e sab\u00eda que ti\u00f1a que ser a trav\u00e9s de mulleres; lanz\u00e1monos de novo \u00e1 innovaci\u00f3n, pero tendo sempre presente a nosa tradici\u00f3n, fuxindo de facer o mesmo, mudando novamente os conceptos, pero sen perder a esencia\u201d. \u201cBuscamos moita informaci\u00f3n sobre estas cargadoras de Ferrol, falamos con historiadoras e, canto m\u00e1is afond\u00e1bamos no relato, m\u00e1is cousas sorprendentes encontrabamos\u201d, avanzou o artista e produtor.<\/p>\n\n\n\n<p class=\"has-text-align-justify\">A directora esc\u00e9nica e dramaturga Marta Pazos destacou \u201ca rotundidade, a forza e a xuventude que destila o espect\u00e1culo\u201d. \u201cHai moita expectaci\u00f3n para amosar este novo traballo. No meu traballo o interese \u00e9 po\u00f1er no centro a personaxes non privilexiadas da historia desde unha perspectiva de x\u00e9nero. E esta proposta de Jaime, a s\u00faa enorme xenerosidade, foi un agasaio, non pod\u00eda dicir que non\u201d. E engadiu: \u201cPara min, a tem\u00e1tica de Dique \u00e9 a forza, a resistencia, a rotundidade da comunidade, da colectividade\u201d. Sobre o corpo de baile, Marta Pazos quixo destacar \u201co seu labor tit\u00e1nico\u201d: \u201c\u00e9 un elenco absolutamente comprometido co espect\u00e1culo e coa profesi\u00f3n. <em>Dique<\/em> \u00e9 unha peza moi esixente, non \u00e9 doada, e elas dannos \u00e1s para voar coa s\u00faa entrega\u201d.<\/p>\n\n\n\n<p class=\"has-text-align-justify\">Pola s\u00faa banda, o director da Agadic, Jacobo Sutil, transmitiu \u201ca s\u00faa ilusi\u00f3n e as ga\u00f1as de ver esta nova proposta de Nova Galega de Danza, da man dun equipo magn\u00edfico\u201d. E quixo convidar \u201ca todos e a todas a que se acheguen esta fin de semana ao Sal\u00f3n Teatro do CDG a ver esta estrea\u201d. \u201cAdmiro a Nova Galega de Danza, que leva moitos anos representando a nivel internacional a nosa danza e a nosa creatividade. E tam\u00e9n a Marta Pazos: \u00e9 un orgullo para n\u00f3s e seguila en todos os seus pasos dentro e f\u00f3ra de Galicia\u201d. E rematou \u201cdesde Agadic tentamos fomentar a creaci\u00f3n galega coa coproduci\u00f3n de espect\u00e1culos a trav\u00e9s dun apoio non s\u00f3 econ\u00f3mico, sen\u00f3n tam\u00e9n de cesi\u00f3ns de espazos de traballo, distribuci\u00f3n e outras funci\u00f3ns para facer posibles estas novas estreas\u201d.<\/p>\n\n\n\n<p class=\"has-text-align-justify\">Finalmente, a core\u00f3grafa Bel\u00e9n Mart\u00ed Lluch salientou que, \u201ca trav\u00e9s do corpo, do movemento, revelamos a esas mulleres que se soste\u00f1en, que traballan, que festexan\u201d. Mentres, a bailarina Estefan\u00eda G\u00f3mez convidou ao p\u00fablico a vir ver o espect\u00e1culo \u201cporque aprox\u00edmase unha bomba, unha gran explosi\u00f3n\u201d. \u201cAs bailarinas estamos entregadas en corpo e alma. Hai moita uni\u00f3n no elenco, xenerouse algo moi especial no noso traballo colectivo, cunha enerx\u00eda moi vibrante. A todas marcounos especialmente a visita ao dique militar de Ferrol: foi unha viaxe persoal moi singular cargada de sentimentos que agora trasladamos \u00e1 escena\u201d, concluiu a bailarina.<\/p>\n\n\n\n<p><strong>SOBRE O ESPECT\u00c1CULO<\/strong><\/p>\n\n\n\n<p class=\"has-text-align-justify\"><em>Dique<\/em> nace do desexo de recuperar unha historia esquecida: o labor das mulleres na construci\u00f3n do Dique da Camp\u00e1 de Ferrol. Na s\u00faa execuci\u00f3n, entre 1874 e 1879, 200 mulleres, as estibadoras, retiraron 245.000 metros c\u00fabicos de terra e pedras que transportaron en 11.600.000 cestos sobre as s\u00faas cabezas -58.000 cada unha delas-. E, polo mesmo traballo, cobraban menos ca os homes.<\/p>\n\n\n\n<p class=\"has-text-align-justify\">No 150 aniversario do inicio da s\u00faa construci\u00f3n, a obra de enxe\u00f1er\u00eda hidr\u00e1ulica m\u00e1is importante do s\u00e9culo XIX, Nova Galega de Danza convidou a directora de escena Marta Pazos para realizar a s\u00faa homenaxe a aquela xesta. Un xogo de cores, texturas e contrastes sobe \u00e1 escena para ofrecer un desaf\u00edo visual \u00fanico. A peza explora os l\u00edmites da forza mentres o tel\u00farico se apodera da escena. En <em>Dique<\/em> hai resistencia e esforzo, pero afloran, tam\u00e9n, a delicadeza e o lixeiro.<\/p>\n\n\n\n<p class=\"has-text-align-justify\">Tradici\u00f3n e modernidade. Forza e resiliencia. Sindicalismo e empoderamento. Solidariedade e comunidade. Celebraci\u00f3n e renacemento. Toda unha chea de emoci\u00f3ns e sentimentos confl\u00faen en <em>Dique<\/em> para narrar a historia daquelas estibadoras ou \u201ccargadoras\u201d silenciadas e crear un espazo de reflexi\u00f3n que, nun acto de xustiza po\u00e9tica, est\u00e1 artellado polo labor dun equipo composto integramente por mulleres nos eidos art\u00edstico e t\u00e9cnico.<\/p>\n\n\n\n<p><strong>FUNCI\u00d3NS \u2018DIQUE\u2019<\/strong><\/p>\n\n\n\n<p>Sal\u00f3n Teatro do Centro Dram\u00e1tico Galego (Santiago de Compostela)<\/p>\n\n\n\n<p>Venres 21 de xu\u00f1o | 20.30 horas | <strong>ESTREA ABSOLUTA | ESGOTADAS<\/strong><\/p>\n\n\n\n<p>S\u00e1bado 22 de xu\u00f1o | 20.30 horas<\/p>\n\n\n\n<p>Domingo 23 de xu\u00f1o | 18.00 horas<\/p>\n\n\n\n<p>\u00daltimas entradas para s\u00e1bado 22 e domingo 23:<\/p>\n\n\n\n<p><a href=\"https:\/\/entradas.ataquilla.com\/ventaentradas\/es\/danza\/salon-teatro\/17583--dique.html\" target=\"_blank\" rel=\"noreferrer noopener\">https:\/\/entradas.ataquilla.com\/ventaentradas\/es\/danza\/salon-teatro\/17583&#8211;dique.html<\/a><\/p>\n\n\n\n<p><\/p>\n\n\n\n<p><\/p>\n\n\n<a href=\"http:\/\/culturaliagz.com\/wp-content\/uploads\/2024\/06\/20240619-NP-Estrea-Dique-SCQ.pdf\" class=\"pdfemb-viewer\" style=\"\" data-width=\"max\" data-height=\"max\" data-toolbar=\"bottom\" data-toolbar-fixed=\"off\">20240619-NP-Estrea-Dique-SCQ<\/a>\n<p class=\"wp-block-pdfemb-pdf-embedder-viewer\"><\/p>\n","protected":false},"excerpt":{"rendered":"<p>A peza conta a \u00e9pica historia das 200 mulleres que hai 150 anos escavaron o Dique da Camp\u00e1 de Ferrol, a obra de enxe\u00f1er\u00eda hidr\u00e1ulica m\u00e1is importante do s\u00e9culo XIX, [&hellip;]<\/p>\n","protected":false},"author":1,"featured_media":0,"comment_status":"open","ping_status":"open","sticky":false,"template":"","format":"standard","meta":{"_et_pb_use_builder":"","_et_pb_old_content":"","_et_gb_content_width":"","_jetpack_memberships_contains_paid_content":false,"footnotes":""},"categories":[23,7,6,57,1],"tags":[2306,2307,2355],"class_list":["post-16153","post","type-post","status-publish","format-standard","hentry","category-autoresas","category-creacion","category-novas","category-outras-artes","category-xeral","tag-dique","tag-nova-galega-de-danza","tag-salon-teatro-do-centro-dramatico-galego"],"jetpack_featured_media_url":"","jetpack_sharing_enabled":true,"_links":{"self":[{"href":"http:\/\/culturaliagz.com\/index.php?rest_route=\/wp\/v2\/posts\/16153","targetHints":{"allow":["GET"]}}],"collection":[{"href":"http:\/\/culturaliagz.com\/index.php?rest_route=\/wp\/v2\/posts"}],"about":[{"href":"http:\/\/culturaliagz.com\/index.php?rest_route=\/wp\/v2\/types\/post"}],"author":[{"embeddable":true,"href":"http:\/\/culturaliagz.com\/index.php?rest_route=\/wp\/v2\/users\/1"}],"replies":[{"embeddable":true,"href":"http:\/\/culturaliagz.com\/index.php?rest_route=%2Fwp%2Fv2%2Fcomments&post=16153"}],"version-history":[{"count":1,"href":"http:\/\/culturaliagz.com\/index.php?rest_route=\/wp\/v2\/posts\/16153\/revisions"}],"predecessor-version":[{"id":16156,"href":"http:\/\/culturaliagz.com\/index.php?rest_route=\/wp\/v2\/posts\/16153\/revisions\/16156"}],"wp:attachment":[{"href":"http:\/\/culturaliagz.com\/index.php?rest_route=%2Fwp%2Fv2%2Fmedia&parent=16153"}],"wp:term":[{"taxonomy":"category","embeddable":true,"href":"http:\/\/culturaliagz.com\/index.php?rest_route=%2Fwp%2Fv2%2Fcategories&post=16153"},{"taxonomy":"post_tag","embeddable":true,"href":"http:\/\/culturaliagz.com\/index.php?rest_route=%2Fwp%2Fv2%2Ftags&post=16153"}],"curies":[{"name":"wp","href":"https:\/\/api.w.org\/{rel}","templated":true}]}}