{"id":16141,"date":"2024-06-17T22:43:47","date_gmt":"2024-06-17T21:43:47","guid":{"rendered":"http:\/\/culturaliagz.com\/?p=16141"},"modified":"2024-06-17T22:43:50","modified_gmt":"2024-06-17T21:43:50","slug":"o-11o-noia-harp-fest-ofrecera-tres-jornadas-de-musica-clasica-folk-experimental-e-jazz-con-bandas-e-arpistas-chegadas-de-alemania-escocia-francia-senegal-e-ucrania","status":"publish","type":"post","link":"http:\/\/culturaliagz.com\/?p=16141","title":{"rendered":"O 11\u00ba Noia Harp Fest ofrecer\u00e1 tres jornadas de m\u00fasica cl\u00e1sica, folk, experimental e jazz con bandas e arpistas chegadas de Alemania, Escocia, Francia, Senegal e Ucrania"},"content":{"rendered":"\n<p><\/p>\n\n\n<div class=\"wp-block-image\">\n<figure class=\"aligncenter size-full\"><a href=\"http:\/\/culturaliagz.com\/wp-content\/uploads\/2024\/06\/Cartel-NHF-2024.jpg\" target=\"_blank\" rel=\"noreferrer noopener\"><img loading=\"lazy\" decoding=\"async\" width=\"1000\" height=\"1428\" src=\"http:\/\/culturaliagz.com\/wp-content\/uploads\/2024\/06\/Cartel-NHF-2024.jpg\" alt=\"\" class=\"wp-image-16142\" srcset=\"http:\/\/culturaliagz.com\/wp-content\/uploads\/2024\/06\/Cartel-NHF-2024.jpg 1000w, http:\/\/culturaliagz.com\/wp-content\/uploads\/2024\/06\/Cartel-NHF-2024-980x1399.jpg 980w, http:\/\/culturaliagz.com\/wp-content\/uploads\/2024\/06\/Cartel-NHF-2024-480x685.jpg 480w\" sizes=\"auto, (min-width: 0px) and (max-width: 480px) 480px, (min-width: 481px) and (max-width: 980px) 980px, (min-width: 981px) 1000px, 100vw\" \/><\/a><\/figure>\n<\/div>\n\n\n<p><\/p>\n\n\n\n<p><\/p>\n\n\n\n<p class=\"has-text-align-justify\"><strong>O Festival Internacional de Arpa Vila de Noia contar\u00e1 este ano con seis escenarios: o Claustro de San Francisco e a R\u00faa do Curro \u00fanense aos situados na Igrexa Museo de Santa Mar\u00eda A Nova, o Teatro Coliseo Noela e a Praza do Tapal<\/strong><\/p>\n\n\n\n<p class=\"has-text-align-justify\"><strong>O evento arrancar\u00e1, por terceiro ano consecutivo, cun encontro do alumnado das escolas de arpa de Galicia e cunha foliada aberta \u00e1 cidadan\u00eda<\/strong><\/p>\n\n\n\n<p><strong><br><\/strong><\/p>\n\n\n\n<figure class=\"wp-block-gallery has-nested-images columns-2 is-cropped wp-block-gallery-1 is-layout-flex wp-block-gallery-is-layout-flex\">\n<figure class=\"wp-block-image size-large\"><a href=\"http:\/\/culturaliagz.com\/wp-content\/uploads\/2024\/06\/20240617-Presentacion-NHF-2024-\u00a9-Jerry-O.1.jpeg\" target=\"_blank\" rel=\"noreferrer noopener\"><img loading=\"lazy\" decoding=\"async\" width=\"1024\" height=\"768\" data-id=\"16144\" src=\"http:\/\/culturaliagz.com\/wp-content\/uploads\/2024\/06\/20240617-Presentacion-NHF-2024-\u00a9-Jerry-O.1-1024x768.jpeg\" alt=\"\" class=\"wp-image-16144\" srcset=\"http:\/\/culturaliagz.com\/wp-content\/uploads\/2024\/06\/20240617-Presentacion-NHF-2024-\u00a9-Jerry-O.1-1024x768.jpeg 1024w, http:\/\/culturaliagz.com\/wp-content\/uploads\/2024\/06\/20240617-Presentacion-NHF-2024-\u00a9-Jerry-O.1-300x225.jpeg 300w, http:\/\/culturaliagz.com\/wp-content\/uploads\/2024\/06\/20240617-Presentacion-NHF-2024-\u00a9-Jerry-O.1-768x576.jpeg 768w, http:\/\/culturaliagz.com\/wp-content\/uploads\/2024\/06\/20240617-Presentacion-NHF-2024-\u00a9-Jerry-O.1-1536x1152.jpeg 1536w, http:\/\/culturaliagz.com\/wp-content\/uploads\/2024\/06\/20240617-Presentacion-NHF-2024-\u00a9-Jerry-O.1-510x382.jpeg 510w, http:\/\/culturaliagz.com\/wp-content\/uploads\/2024\/06\/20240617-Presentacion-NHF-2024-\u00a9-Jerry-O.1-1080x810.jpeg 1080w, http:\/\/culturaliagz.com\/wp-content\/uploads\/2024\/06\/20240617-Presentacion-NHF-2024-\u00a9-Jerry-O.1-1280x960.jpeg 1280w, http:\/\/culturaliagz.com\/wp-content\/uploads\/2024\/06\/20240617-Presentacion-NHF-2024-\u00a9-Jerry-O.1-980x735.jpeg 980w, http:\/\/culturaliagz.com\/wp-content\/uploads\/2024\/06\/20240617-Presentacion-NHF-2024-\u00a9-Jerry-O.1-480x360.jpeg 480w, http:\/\/culturaliagz.com\/wp-content\/uploads\/2024\/06\/20240617-Presentacion-NHF-2024-\u00a9-Jerry-O.1.jpeg 1600w\" sizes=\"auto, (max-width: 1024px) 100vw, 1024px\" \/><\/a><\/figure>\n\n\n\n<figure class=\"wp-block-image size-large\"><a href=\"http:\/\/culturaliagz.com\/wp-content\/uploads\/2024\/06\/20240617-Presentacion-NHF-2024-\u00a9-Jerry-O.2.jpeg\" target=\"_blank\" rel=\"noreferrer noopener\"><img loading=\"lazy\" decoding=\"async\" width=\"1024\" height=\"768\" data-id=\"16143\" src=\"http:\/\/culturaliagz.com\/wp-content\/uploads\/2024\/06\/20240617-Presentacion-NHF-2024-\u00a9-Jerry-O.2-1024x768.jpeg\" alt=\"\" class=\"wp-image-16143\" srcset=\"http:\/\/culturaliagz.com\/wp-content\/uploads\/2024\/06\/20240617-Presentacion-NHF-2024-\u00a9-Jerry-O.2-1024x768.jpeg 1024w, http:\/\/culturaliagz.com\/wp-content\/uploads\/2024\/06\/20240617-Presentacion-NHF-2024-\u00a9-Jerry-O.2-300x225.jpeg 300w, http:\/\/culturaliagz.com\/wp-content\/uploads\/2024\/06\/20240617-Presentacion-NHF-2024-\u00a9-Jerry-O.2-768x576.jpeg 768w, http:\/\/culturaliagz.com\/wp-content\/uploads\/2024\/06\/20240617-Presentacion-NHF-2024-\u00a9-Jerry-O.2-1536x1152.jpeg 1536w, http:\/\/culturaliagz.com\/wp-content\/uploads\/2024\/06\/20240617-Presentacion-NHF-2024-\u00a9-Jerry-O.2-510x382.jpeg 510w, http:\/\/culturaliagz.com\/wp-content\/uploads\/2024\/06\/20240617-Presentacion-NHF-2024-\u00a9-Jerry-O.2-1080x810.jpeg 1080w, http:\/\/culturaliagz.com\/wp-content\/uploads\/2024\/06\/20240617-Presentacion-NHF-2024-\u00a9-Jerry-O.2-1280x960.jpeg 1280w, http:\/\/culturaliagz.com\/wp-content\/uploads\/2024\/06\/20240617-Presentacion-NHF-2024-\u00a9-Jerry-O.2-980x735.jpeg 980w, http:\/\/culturaliagz.com\/wp-content\/uploads\/2024\/06\/20240617-Presentacion-NHF-2024-\u00a9-Jerry-O.2-480x360.jpeg 480w, http:\/\/culturaliagz.com\/wp-content\/uploads\/2024\/06\/20240617-Presentacion-NHF-2024-\u00a9-Jerry-O.2.jpeg 1600w\" sizes=\"auto, (max-width: 1024px) 100vw, 1024px\" \/><\/a><\/figure>\n\n\n\n<figure class=\"wp-block-image size-large\"><a href=\"http:\/\/culturaliagz.com\/wp-content\/uploads\/2024\/06\/20240617-Presentacion-NHF-2024-\u00a9-Jerry-O.3.jpeg\" target=\"_blank\" rel=\"noreferrer noopener\"><img loading=\"lazy\" decoding=\"async\" width=\"1024\" height=\"768\" data-id=\"16146\" src=\"http:\/\/culturaliagz.com\/wp-content\/uploads\/2024\/06\/20240617-Presentacion-NHF-2024-\u00a9-Jerry-O.3-1024x768.jpeg\" alt=\"\" class=\"wp-image-16146\" srcset=\"http:\/\/culturaliagz.com\/wp-content\/uploads\/2024\/06\/20240617-Presentacion-NHF-2024-\u00a9-Jerry-O.3-1024x768.jpeg 1024w, http:\/\/culturaliagz.com\/wp-content\/uploads\/2024\/06\/20240617-Presentacion-NHF-2024-\u00a9-Jerry-O.3-300x225.jpeg 300w, http:\/\/culturaliagz.com\/wp-content\/uploads\/2024\/06\/20240617-Presentacion-NHF-2024-\u00a9-Jerry-O.3-768x576.jpeg 768w, http:\/\/culturaliagz.com\/wp-content\/uploads\/2024\/06\/20240617-Presentacion-NHF-2024-\u00a9-Jerry-O.3-1536x1152.jpeg 1536w, http:\/\/culturaliagz.com\/wp-content\/uploads\/2024\/06\/20240617-Presentacion-NHF-2024-\u00a9-Jerry-O.3-510x382.jpeg 510w, http:\/\/culturaliagz.com\/wp-content\/uploads\/2024\/06\/20240617-Presentacion-NHF-2024-\u00a9-Jerry-O.3-1080x810.jpeg 1080w, http:\/\/culturaliagz.com\/wp-content\/uploads\/2024\/06\/20240617-Presentacion-NHF-2024-\u00a9-Jerry-O.3-1280x960.jpeg 1280w, http:\/\/culturaliagz.com\/wp-content\/uploads\/2024\/06\/20240617-Presentacion-NHF-2024-\u00a9-Jerry-O.3-980x735.jpeg 980w, http:\/\/culturaliagz.com\/wp-content\/uploads\/2024\/06\/20240617-Presentacion-NHF-2024-\u00a9-Jerry-O.3-480x360.jpeg 480w, http:\/\/culturaliagz.com\/wp-content\/uploads\/2024\/06\/20240617-Presentacion-NHF-2024-\u00a9-Jerry-O.3.jpeg 1600w\" sizes=\"auto, (max-width: 1024px) 100vw, 1024px\" \/><\/a><\/figure>\n\n\n\n<figure class=\"wp-block-image size-large\"><a href=\"http:\/\/culturaliagz.com\/wp-content\/uploads\/2024\/06\/20240617-Presentacion-NHF-2024-\u00a9-Jerry-O.4.jpeg\" target=\"_blank\" rel=\"noreferrer noopener\"><img loading=\"lazy\" decoding=\"async\" width=\"1024\" height=\"768\" data-id=\"16145\" src=\"http:\/\/culturaliagz.com\/wp-content\/uploads\/2024\/06\/20240617-Presentacion-NHF-2024-\u00a9-Jerry-O.4-1024x768.jpeg\" alt=\"\" class=\"wp-image-16145\" srcset=\"http:\/\/culturaliagz.com\/wp-content\/uploads\/2024\/06\/20240617-Presentacion-NHF-2024-\u00a9-Jerry-O.4-1024x768.jpeg 1024w, http:\/\/culturaliagz.com\/wp-content\/uploads\/2024\/06\/20240617-Presentacion-NHF-2024-\u00a9-Jerry-O.4-300x225.jpeg 300w, http:\/\/culturaliagz.com\/wp-content\/uploads\/2024\/06\/20240617-Presentacion-NHF-2024-\u00a9-Jerry-O.4-768x576.jpeg 768w, http:\/\/culturaliagz.com\/wp-content\/uploads\/2024\/06\/20240617-Presentacion-NHF-2024-\u00a9-Jerry-O.4-1536x1152.jpeg 1536w, http:\/\/culturaliagz.com\/wp-content\/uploads\/2024\/06\/20240617-Presentacion-NHF-2024-\u00a9-Jerry-O.4-510x382.jpeg 510w, http:\/\/culturaliagz.com\/wp-content\/uploads\/2024\/06\/20240617-Presentacion-NHF-2024-\u00a9-Jerry-O.4-1080x810.jpeg 1080w, http:\/\/culturaliagz.com\/wp-content\/uploads\/2024\/06\/20240617-Presentacion-NHF-2024-\u00a9-Jerry-O.4-1280x960.jpeg 1280w, http:\/\/culturaliagz.com\/wp-content\/uploads\/2024\/06\/20240617-Presentacion-NHF-2024-\u00a9-Jerry-O.4-980x735.jpeg 980w, http:\/\/culturaliagz.com\/wp-content\/uploads\/2024\/06\/20240617-Presentacion-NHF-2024-\u00a9-Jerry-O.4-480x360.jpeg 480w, http:\/\/culturaliagz.com\/wp-content\/uploads\/2024\/06\/20240617-Presentacion-NHF-2024-\u00a9-Jerry-O.4.jpeg 1600w\" sizes=\"auto, (max-width: 1024px) 100vw, 1024px\" \/><\/a><\/figure>\n<\/figure>\n\n\n\n<p><\/p>\n\n\n\n<p><\/p>\n\n\n\n<p class=\"has-text-align-justify\">O Festival Internacional de Arpa Vila de Noia, co\u00f1ecido como Noia Harp Fest, v\u00e9n de presentar esta ma\u00f1\u00e1 o cartel e programaci\u00f3n da s\u00faa 11\u00aa edici\u00f3n, que se celebrar\u00e1 do 8 ao 10 de agosto. Ser\u00e1n tres xornadas que se caracterizar\u00e1n pola <strong>ampla pluralidade estil\u00edstica<\/strong>, con concertos de folk, jazz ou cl\u00e1sica, e na que a protagonista absoluta ser\u00e1, de novo, <strong>a interpretaci\u00f3n musical a trav\u00e9s da arpa<\/strong>.<br><br>O <strong>Noia Harp Fest<\/strong>, que conta co apoio do Concello de Noia, da Xunta de Galicia a trav\u00e9s da Axencia Turismo de Galicia e da Deputaci\u00f3n da Coru\u00f1a, \u00e9 <strong>o \u00fanico evento do noroeste peninsular que ten como eixo vertebrador a m\u00fasica producida pola arpa<\/strong> en toda a xeograf\u00eda planetaria. A diversidade estil\u00edstica e de p\u00fablicos \u00e9, sen d\u00fabida, unha das principais caracter\u00edsticas do evento que dirixen Alba Barreiro, Beatriz Mart\u00ednez e Rodrigo Roman\u00ed, quen salienta que o festival \u201cnon se parece a ning\u00fan outro, pois re\u00fane unha especial combinaci\u00f3n de elementos que lle confire unha personalidade \u00fanica, con concertos de proximidade e para prazas a ceo aberto, e que non entende de fronteiras\u201d.<br><br>Neste 2024, arpistas e bandas de<strong> Alemania, Escocia, Francia, Senegal e Ucrania <\/strong>formar\u00e1n parte do cartel do festival, no que se integrar\u00e1n, como \u00e9 habitual, artistas e colectivos galegos. As\u00ed, a m\u00fasica da arpa soar\u00e1 ao longo de tres xornadas por toda a localidade, que este ano acoller\u00e1 <strong>m\u00e1is escenarios ca nunca<\/strong>: un total de seis espazos ser\u00e1n sede do NHF. \u00c9 o caso da<strong> <\/strong>Igrexa Museo de Santa Mar\u00eda A Nova, o Teatro Coliseo Noela, o Liceo de Noia e a Praza do Tapal, \u00e1s que se unen, nesta ocasi\u00f3n, o Claustro de San Francisco e a R\u00faa do Curro.\u00a0<\/p>\n\n\n\n<p class=\"has-text-align-justify\">O NHF comezar\u00e1, por terceiro ano consecutivo, co <strong>Encontro do Alumnado das Escolas de Arpa de Galicia<\/strong>, unha proposta que procura estimular a relaci\u00f3n e crear unidade entre as e os instrumentistas m\u00e1is novos do pa\u00eds. Deste xeito, m\u00e1is de 25 nenas e nenos de distintas localidades galegas dar\u00e1n conta dos seus co\u00f1ecementos e xuntos interpretar\u00e1n, como peche do concerto, un tema en com\u00fan. A cita ser\u00e1 o xoves 8 de agosto no Liceo de Noia. Xa en horario de tarde, a R\u00faa do Curro ser\u00e1 o punto no que se desenvolva a <strong>Foliada de benvida ao Noia Harp Fest,<\/strong> na que participar\u00e1n arpistas de <strong>SonDeSeu<\/strong>.\u00a0<br>A int\u00e9rprete, cantante e compositora alem\u00e1 <strong>Nadia Birkenstock<\/strong>, reco\u00f1ecida pola s\u00faa destreza coa arpa celta, ser\u00e1 a responsable de abrir \u00e1s 19.00h a xornada do venres 9 cun recital na Igrexa Museo Santa Mar\u00eda A Nova. Os concertos continuar\u00e1n pola noite no Teatro Coliseo Noela. No recinto actuar\u00e1 <strong>Solomiia Savchuk, <\/strong>moza ucraniana residente en Ferrol e destacada int\u00e9rprete de Bandura, un instrumento do seu pa\u00eds de corda pulsada que combina elementos da c\u00edtara e o laude; e o d\u00fao escoc\u00e9s <strong>Rachel Hair &amp; Ron Jappy<\/strong>, que ofrecer\u00e1 un dos directos m\u00e1is esperados deste ano. Ambos m\u00fasicos son reco\u00f1ecidos int\u00e9rpretes de \u2018clarsach\u2019 (arpa escocesa) e guitarra ac\u00fastica no seu pa\u00eds e presentar\u00e1n no Noia Harp Fest o seu lanzamento m\u00e1is recente, <em>SPARKS,<\/em> un traballo no que regresan \u00e1s s\u00faas ra\u00edces, nas Highlands, e no que presentan unha mestura ecl\u00e9ctica de jigs, reels e marchas de Escocia, Irlanda e Illa de Man.\u00a0<br><br>De cara ao s\u00e1bado 10 de agosto, a francesa <strong>Camille Levecque<\/strong> inaugurar\u00e1 o Claustro de San Francisco como sede do Noia Harp Fest. Ser\u00e1 un concerto \u00edntimo no que o p\u00fablico do festival poder\u00e1 co\u00f1ecer por vez primeira o traballo da int\u00e9rprete, que ten colaborado con artistas como Mike Oldfield, H\u00e9l\u00e8ne Grimaud ou Benoit Fromanger. Xa pola noite, a partir das 21.00 horas, a emblem\u00e1tica Praza do Tapal acoller\u00e1 unha noite marcada pola experimentaci\u00f3n e que contar\u00e1 coa m\u00fasica de<strong> Descofar <\/strong>e\u00a0 <strong>Momi Maiga<\/strong>.<br><br><strong>Descofar<\/strong> \u00e9 un tr\u00edo bret\u00f3n que se define como \u201cun h\u00edbrido do alento mel\u00f3dico da m\u00fasica bretoa, a potencia do post-rock compacto e a intensidade inmediata da improvisaci\u00f3n\u201d. A banda de Brest pasa da disonancia ao lirismo referenciado e dos arpexios brillantes aos riffs ruidosos, polo que o movemento estar\u00e1 garantido. O peche chegar\u00e1 co cantante e int\u00e9rprete senegal\u00e9s <strong>Momi Maiga,<\/strong> virtuoso da kora e atrevido compositor, que presentar\u00e1 no Noia Harp Fest o seu primeiro disco, NIO. Sobre o escenario, un cuarteto composto por kora, viol\u00edn, violonchelo, percusi\u00f3n e voz (Maiga canta principalmente en mandinka e w\u00f3lof) ofrecer\u00e1 unha viaxe a cami\u00f1o entre o jazz, o flamenco e a tradici\u00f3n oral de Senegal.<\/p>\n\n\n\n<p><\/p>\n\n\n\n<p class=\"has-text-align-justify\"><br><\/p>\n\n\n<a href=\"http:\/\/culturaliagz.com\/wp-content\/uploads\/2024\/06\/20240617-NHF-Presentacion-2024.pdf\" class=\"pdfemb-viewer\" style=\"\" data-width=\"max\" data-height=\"max\" data-toolbar=\"bottom\" data-toolbar-fixed=\"off\">20240617-NHF-Presentacion-2024<\/a>\n<p class=\"wp-block-pdfemb-pdf-embedder-viewer\"><\/p>\n","protected":false},"excerpt":{"rendered":"<p>O Festival Internacional de Arpa Vila de Noia contar\u00e1 este ano con seis escenarios: o Claustro de San Francisco e a R\u00faa do Curro \u00fanense aos situados na Igrexa Museo [&hellip;]<\/p>\n","protected":false},"author":1,"featured_media":0,"comment_status":"open","ping_status":"open","sticky":false,"template":"","format":"standard","meta":{"_et_pb_use_builder":"","_et_pb_old_content":"","_et_gb_content_width":"","_jetpack_memberships_contains_paid_content":false,"footnotes":""},"categories":[23,7,6,57,1],"tags":[2345,2347,1155,2349,2346,2348],"class_list":["post-16141","post","type-post","status-publish","format-standard","hentry","category-autoresas","category-creacion","category-novas","category-outras-artes","category-xeral","tag-claustro-de-san-francisco","tag-igresxa-museo-de-santa-maria-a-nova","tag-noia-harp-fest","tag-praza-do-tapal","tag-rua-do-curro","tag-teatro-coliseo-noela"],"jetpack_featured_media_url":"","jetpack_sharing_enabled":true,"_links":{"self":[{"href":"http:\/\/culturaliagz.com\/index.php?rest_route=\/wp\/v2\/posts\/16141","targetHints":{"allow":["GET"]}}],"collection":[{"href":"http:\/\/culturaliagz.com\/index.php?rest_route=\/wp\/v2\/posts"}],"about":[{"href":"http:\/\/culturaliagz.com\/index.php?rest_route=\/wp\/v2\/types\/post"}],"author":[{"embeddable":true,"href":"http:\/\/culturaliagz.com\/index.php?rest_route=\/wp\/v2\/users\/1"}],"replies":[{"embeddable":true,"href":"http:\/\/culturaliagz.com\/index.php?rest_route=%2Fwp%2Fv2%2Fcomments&post=16141"}],"version-history":[{"count":1,"href":"http:\/\/culturaliagz.com\/index.php?rest_route=\/wp\/v2\/posts\/16141\/revisions"}],"predecessor-version":[{"id":16148,"href":"http:\/\/culturaliagz.com\/index.php?rest_route=\/wp\/v2\/posts\/16141\/revisions\/16148"}],"wp:attachment":[{"href":"http:\/\/culturaliagz.com\/index.php?rest_route=%2Fwp%2Fv2%2Fmedia&parent=16141"}],"wp:term":[{"taxonomy":"category","embeddable":true,"href":"http:\/\/culturaliagz.com\/index.php?rest_route=%2Fwp%2Fv2%2Fcategories&post=16141"},{"taxonomy":"post_tag","embeddable":true,"href":"http:\/\/culturaliagz.com\/index.php?rest_route=%2Fwp%2Fv2%2Ftags&post=16141"}],"curies":[{"name":"wp","href":"https:\/\/api.w.org\/{rel}","templated":true}]}}