{"id":16130,"date":"2024-06-17T22:15:30","date_gmt":"2024-06-17T21:15:30","guid":{"rendered":"http:\/\/culturaliagz.com\/?p=16130"},"modified":"2024-06-17T22:18:17","modified_gmt":"2024-06-17T21:18:17","slug":"a-banda-do-poeta-canta-a-celso-emilio-ferreiro","status":"publish","type":"post","link":"http:\/\/culturaliagz.com\/?p=16130","title":{"rendered":"A Banda Do Poeta canta a Celso Emilio Ferreiro"},"content":{"rendered":"\n<p><\/p>\n\n\n<div class=\"wp-block-image\">\n<figure class=\"aligncenter size-full\"><a href=\"http:\/\/culturaliagz.com\/wp-content\/uploads\/2024\/06\/capa-A-Banda-Do-Poeta.jpg\" target=\"_blank\" rel=\"noreferrer noopener\"><img loading=\"lazy\" decoding=\"async\" width=\"1000\" height=\"1000\" src=\"http:\/\/culturaliagz.com\/wp-content\/uploads\/2024\/06\/capa-A-Banda-Do-Poeta.jpg\" alt=\"\" class=\"wp-image-16131\" srcset=\"http:\/\/culturaliagz.com\/wp-content\/uploads\/2024\/06\/capa-A-Banda-Do-Poeta.jpg 1000w, http:\/\/culturaliagz.com\/wp-content\/uploads\/2024\/06\/capa-A-Banda-Do-Poeta-980x980.jpg 980w, http:\/\/culturaliagz.com\/wp-content\/uploads\/2024\/06\/capa-A-Banda-Do-Poeta-480x480.jpg 480w\" sizes=\"auto, (min-width: 0px) and (max-width: 480px) 480px, (min-width: 481px) and (max-width: 980px) 980px, (min-width: 981px) 1000px, 100vw\" \/><\/a><\/figure>\n<\/div>\n\n\n<p><\/p>\n\n\n\n<p><\/p>\n\n\n\n<p class=\"has-text-align-justify\"><a href=\"https:\/\/juancarballo.es\/abandadopoeta.html\" target=\"_blank\" rel=\"noreferrer noopener\">A Banda Do Poeta<\/a> (Co\u00edmbra, Portugal) liderada polo artista galego Juan Carballo, v\u00e9n de publicar <strong>N\u00e3o foi t\u00e3o fugaz,\u00a0<\/strong>o terceiro single do novo traballo de estudio chamado &#8220;Redimens\u00e3o&#8221; e que comezar\u00e1n a presentar despois do ver\u00e1n na Galiza e Portugal.\u00a0<\/p>\n\n\n\n<p class=\"has-text-align-justify\">Nesta ocasi\u00f3n elexiron unha adaptaci\u00f3n de &#8220;Maio 1972, II&#8221; do poeta universal Celso Emilio Ferreiro. Son os m\u00fasicos conimbricenses Ant\u00f3nio Sanches, Francisco Ferreira, Jo\u00e3o Cardoso, Lu\u00eds Serrano e S\u00edlvia Bento os que po\u00f1en a banda sonora a esta nova interpretaci\u00f3n do poeta de Celanova.<\/p>\n\n\n\n<p class=\"has-text-align-justify\">A Banda Do Poeta, ademais de crear canci\u00f3ns orixinais, un dos principais obxectivos e dar a co\u00f1ecer autores portugueses na Galiza e como nesta ocasi\u00f3n, autores galegos en Portugal, xa sexan poetas ou cantores.<\/p>\n\n\n\n<p><\/p>\n\n\n\n<p><\/p>\n\n\n\n<figure class=\"wp-block-embed is-type-video is-provider-youtube wp-block-embed-youtube wp-embed-aspect-16-9 wp-has-aspect-ratio\"><div class=\"wp-block-embed__wrapper\">\n<iframe loading=\"lazy\" title=\"A Banda Do Poeta - N\u00e3o foi t\u00e3o fugaz\" width=\"1080\" height=\"608\" src=\"https:\/\/www.youtube.com\/embed\/PvHOASkyvd8?feature=oembed\" frameborder=\"0\" allow=\"accelerometer; autoplay; clipboard-write; encrypted-media; gyroscope; picture-in-picture; web-share\" referrerpolicy=\"strict-origin-when-cross-origin\" allowfullscreen><\/iframe>\n<\/div><\/figure>\n\n\n\n<p><\/p>\n\n\n\n<p><\/p>\n\n\n\n<p>Para mais info sobre a <em>Banda do Poeta<\/em>:<\/p>\n\n\n\n<p>Facebook:&nbsp;<a href=\"https:\/\/www.youtube.com\/redirect?event=video_description&amp;redir_token=QUFFLUhqbG94cVRpMHFvUUZMVjVFcFduMUR5aTFsczJNQXxBQ3Jtc0tsZjhLS0pKdm1kbjhCZHk5NmtFcExGbUwtTnNmYXV4RlprZXNuTDY3LUVMZnlXXzBMaHhWWVJkbWtaQ25QbmhLSm1tTnFuejg0d2lnLVY2T1EzaUV2SGM3MnFYd1FoZkRZNGcyUGsxVFZjS0R4WlhMSQ&amp;q=https%3A%2F%2Fwww.facebook.com%2Fabandadopoeta\" target=\"_blank\" rel=\"noreferrer noopener\">https:\/\/www.facebook.com\/abandadopoeta<\/a><\/p>\n\n\n\n<p>Instagram:&nbsp;<a href=\"https:\/\/www.youtube.com\/redirect?event=video_description&amp;redir_token=QUFFLUhqbHFzNVRid1FOUEk1azBwVWh2VlNLaklWVU5kUXxBQ3Jtc0tsaE1BQTdkdEtTb1ZiSnY2bG55WmZ5ZEt0YlU2M3VzQnRhTWF2WXNZSDFMcUdaWkwtWk1YVHNxbFZvQUE3QVU2NXBVa0dSdm1GZEhPOEhGakdEbjl0SVpoMktwaHJaRUJ5LV9pOWdOc0Z2WkV4T084NA&amp;q=https%3A%2F%2Fwww.instagram.com%2Fabandadopoeta%2F\" target=\"_blank\" rel=\"noreferrer noopener\">https:\/\/www.instagram.com\/abandadopoeta\/<\/a>&nbsp;<\/p>\n\n\n\n<p>YouTube:&nbsp;&nbsp;<a href=\"https:\/\/www.youtube.com\/channel\/UCN-63Tg6FuYIXWgImIuNquw\" target=\"_blank\" rel=\"noreferrer noopener\">https:\/\/www.youtube.com\/channel\/UCN-63Tg6FuYIXWgImIuNquw<\/a>&nbsp;<\/p>\n\n\n\n<p>Web Juan Carballo:&nbsp;<a href=\"http:\/\/wwjw.juancarballo.es\/\" target=\"_blank\" rel=\"noreferrer noopener\">www.juancarballo.es<\/a>&nbsp;<\/p>\n","protected":false},"excerpt":{"rendered":"<p>A Banda Do Poeta (Co\u00edmbra, Portugal) liderada polo artista galego Juan Carballo, v\u00e9n de publicar N\u00e3o foi t\u00e3o fugaz,\u00a0o terceiro single do novo traballo de estudio chamado &#8220;Redimens\u00e3o&#8221; e que [&hellip;]<\/p>\n","protected":false},"author":1,"featured_media":0,"comment_status":"open","ping_status":"open","sticky":false,"template":"","format":"standard","meta":{"_et_pb_use_builder":"","_et_pb_old_content":"","_et_gb_content_width":"","_jetpack_memberships_contains_paid_content":false,"footnotes":""},"categories":[23,7,129,6,57,1],"tags":[2339,2340,2341],"class_list":["post-16130","post","type-post","status-publish","format-standard","hentry","category-autoresas","category-creacion","category-literaria","category-novas","category-outras-artes","category-xeral","tag-a-banda-do-poeta","tag-celso-emilio-ferreiro","tag-nao-foi-tao-fugaz"],"jetpack_featured_media_url":"","jetpack_sharing_enabled":true,"_links":{"self":[{"href":"http:\/\/culturaliagz.com\/index.php?rest_route=\/wp\/v2\/posts\/16130","targetHints":{"allow":["GET"]}}],"collection":[{"href":"http:\/\/culturaliagz.com\/index.php?rest_route=\/wp\/v2\/posts"}],"about":[{"href":"http:\/\/culturaliagz.com\/index.php?rest_route=\/wp\/v2\/types\/post"}],"author":[{"embeddable":true,"href":"http:\/\/culturaliagz.com\/index.php?rest_route=\/wp\/v2\/users\/1"}],"replies":[{"embeddable":true,"href":"http:\/\/culturaliagz.com\/index.php?rest_route=%2Fwp%2Fv2%2Fcomments&post=16130"}],"version-history":[{"count":2,"href":"http:\/\/culturaliagz.com\/index.php?rest_route=\/wp\/v2\/posts\/16130\/revisions"}],"predecessor-version":[{"id":16133,"href":"http:\/\/culturaliagz.com\/index.php?rest_route=\/wp\/v2\/posts\/16130\/revisions\/16133"}],"wp:attachment":[{"href":"http:\/\/culturaliagz.com\/index.php?rest_route=%2Fwp%2Fv2%2Fmedia&parent=16130"}],"wp:term":[{"taxonomy":"category","embeddable":true,"href":"http:\/\/culturaliagz.com\/index.php?rest_route=%2Fwp%2Fv2%2Fcategories&post=16130"},{"taxonomy":"post_tag","embeddable":true,"href":"http:\/\/culturaliagz.com\/index.php?rest_route=%2Fwp%2Fv2%2Ftags&post=16130"}],"curies":[{"name":"wp","href":"https:\/\/api.w.org\/{rel}","templated":true}]}}