{"id":16061,"date":"2024-06-10T11:02:41","date_gmt":"2024-06-10T10:02:41","guid":{"rendered":"http:\/\/culturaliagz.com\/?p=16061"},"modified":"2024-06-10T11:05:15","modified_gmt":"2024-06-10T10:05:15","slug":"solodos-en-danza-ourense-celebra-a-sua-novena-edicion","status":"publish","type":"post","link":"http:\/\/culturaliagz.com\/?p=16061","title":{"rendered":"S\u00f3LODOS En Danza Ourense celebra a s\u00faa novena edici\u00f3n"},"content":{"rendered":"\n<p><\/p>\n\n\n<div class=\"wp-block-image\">\n<figure class=\"aligncenter size-large\"><a href=\"http:\/\/culturaliagz.com\/wp-content\/uploads\/2024\/06\/cartel.jpeg\" target=\"_blank\" rel=\"noreferrer noopener\"><img loading=\"lazy\" decoding=\"async\" width=\"1024\" height=\"1024\" src=\"http:\/\/culturaliagz.com\/wp-content\/uploads\/2024\/06\/cartel-1024x1024.jpeg\" alt=\"\" class=\"wp-image-16062\" srcset=\"http:\/\/culturaliagz.com\/wp-content\/uploads\/2024\/06\/cartel-980x980.jpeg 980w, http:\/\/culturaliagz.com\/wp-content\/uploads\/2024\/06\/cartel-480x480.jpeg 480w\" sizes=\"auto, (min-width: 0px) and (max-width: 480px) 480px, (min-width: 481px) and (max-width: 980px) 980px, (min-width: 981px) 1024px, 100vw\" \/><\/a><\/figure>\n<\/div>\n\n\n<p><\/p>\n\n\n\n<p><\/p>\n\n\n\n<p class=\"has-text-align-justify\"><a href=\"https:\/\/www.solodos.es\/inicio-gal\" target=\"_blank\" rel=\"noreferrer noopener\">S\u00f3LODOS EN DANZA \/ OURENSE \/ 2024<\/a> ter\u00e1 lugar os d\u00edas 13 e 14 de xu\u00f1o, celebrando a s\u00faa novena&nbsp;edici\u00f3n en Ourense, Amiadoso e Xunqueira de Espadanedo.&nbsp;<\/p>\n\n\n\n<p class=\"has-text-align-justify\">O d\u00eda 13 de xu\u00f1o \u00e1s 19 horas, as e os creadores encontraranse en A Casa Vella (Amiadoso \u2013 Allariz) entorno a encontro con Ana F. Melero, artista ga\u00f1adora da xira S\u00f3lodos En Danza Costa Rica no Certamen Internacional de Burgos &amp; New York 2022. Ana falar\u00e1 sobre a s\u00faa experiencia en Costa Rica e estrenarase o v\u00eddeo resumo do festival en Costa Rica, realizado polo videoartista Pablo Vargas. Entrada libre.<\/p>\n\n\n\n<p class=\"has-text-align-justify\">O d\u00eda 14 de xu\u00f1o \u00e1s 10 horas, as e os creadores presentar\u00e1n as s\u00faas pezas ante o p\u00fablico escolar de Ourense, quenes outorgar\u00e1n cos seus votos a Menci\u00f3n Xove S\u00f3lodos. Esta actividade que se celebrar\u00e1 na Praza da Escola de Artes Esc\u00e9nicas de Ourense, farase en colaboraci\u00f3n coa Concellar\u00eda de Educaci\u00f3n do Concello de Ourense.<\/p>\n\n\n\n<p class=\"has-text-align-justify\">Pola tarde \u00e1s 20.30 horas, levarase a cabo a final do Certame, no Concello de Xunqueira de Espadanedo (provincia de Ourense) ante p\u00fablico xeral e con entrada libre. Esta actividade realizarase en colaboraci\u00f3n co Concello de Xunqueira de Espadanedo.<\/p>\n\n\n\n<p><\/p>\n\n\n\n<p><\/p>\n\n\n\n<figure class=\"wp-block-gallery has-nested-images columns-default is-cropped wp-block-gallery-1 is-layout-flex wp-block-gallery-is-layout-flex\">\n<figure class=\"wp-block-image size-large\"><a href=\"http:\/\/culturaliagz.com\/wp-content\/uploads\/2024\/06\/ana-f-melero-por-pablo-vargas-cr1-scaled.jpeg\" target=\"_blank\" rel=\"noreferrer noopener\"><img loading=\"lazy\" decoding=\"async\" width=\"1024\" height=\"683\" data-id=\"16063\" src=\"http:\/\/culturaliagz.com\/wp-content\/uploads\/2024\/06\/ana-f-melero-por-pablo-vargas-cr1-1024x683.jpeg\" alt=\"\" class=\"wp-image-16063\" srcset=\"http:\/\/culturaliagz.com\/wp-content\/uploads\/2024\/06\/ana-f-melero-por-pablo-vargas-cr1-980x653.jpeg 980w, http:\/\/culturaliagz.com\/wp-content\/uploads\/2024\/06\/ana-f-melero-por-pablo-vargas-cr1-480x320.jpeg 480w\" sizes=\"auto, (min-width: 0px) and (max-width: 480px) 480px, (min-width: 481px) and (max-width: 980px) 980px, (min-width: 981px) 1024px, 100vw\" \/><\/a><\/figure>\n\n\n\n<figure class=\"wp-block-image size-large\"><a href=\"http:\/\/culturaliagz.com\/wp-content\/uploads\/2024\/06\/ana-f-melero-por-pablo-vargas-cr2-scaled.jpeg\" target=\"_blank\" rel=\"noreferrer noopener\"><img loading=\"lazy\" decoding=\"async\" width=\"1024\" height=\"683\" data-id=\"16064\" src=\"http:\/\/culturaliagz.com\/wp-content\/uploads\/2024\/06\/ana-f-melero-por-pablo-vargas-cr2-1024x683.jpeg\" alt=\"\" class=\"wp-image-16064\" srcset=\"http:\/\/culturaliagz.com\/wp-content\/uploads\/2024\/06\/ana-f-melero-por-pablo-vargas-cr2-980x653.jpeg 980w, http:\/\/culturaliagz.com\/wp-content\/uploads\/2024\/06\/ana-f-melero-por-pablo-vargas-cr2-480x320.jpeg 480w\" sizes=\"auto, (min-width: 0px) and (max-width: 480px) 480px, (min-width: 481px) and (max-width: 980px) 980px, (min-width: 981px) 1024px, 100vw\" \/><\/a><\/figure>\n<\/figure>\n\n\n\n<p><br><\/p>\n\n\n\n<p>Son coreograf\u00edas finalistas de S\u00f3LODOS EN DANZA \/ OURENSE \/ 2024:<\/p>\n\n\n\n<ul class=\"wp-block-list\">\n<li><em>Henko<\/em>&nbsp;\/ Inigo Rementeria e Laura Latasa \/ Pa\u00eds Vasco<\/li>\n\n\n\n<li><em>Honest<\/em>&nbsp;\/ Kiko L\u00f3pez \/ Comunidad Valenciana<\/li>\n\n\n\n<li><em>Petricor<\/em>&nbsp;\/ Ariadna Llusa e Ingrid Manriny\u00e1 \/ Arag\u00f3n<\/li>\n\n\n\n<li><em>Mesura<\/em>&nbsp;\/ Raquel Ferrad\u00e1s \/ Galicia<\/li>\n\n\n\n<li><em>C\u00f3rdoba Drone<\/em>&nbsp;\/ Dani Hern\u00e1ndez \/ Pa\u00eds Vasco<\/li>\n<\/ul>\n\n\n\n<p class=\"has-text-align-justify\">Antes da Entrega de Premios, a artista convidada Ana F Melero presentar\u00e1 a s\u00faa premiada coreograf\u00eda LATENTE.<\/p>\n\n\n\n<p class=\"has-text-align-justify\">O xurado estar\u00e1 composto por Victoria P. Miranda, V\u00edctor L\u00f3pez Carbajales, Maruxa Salas e Erick Jim\u00e9nez, ser\u00e1n os encargados de otorgar o Premio S\u00f3LODOS EN DANZA OURENSE 2024 con xira a Costa Rica. Outros premios y programaci\u00f3ns que se outorgar\u00e1n trala representaci\u00f3n en Xunqueira de Espadanedo ser\u00e1n:<\/p>\n\n\n\n<ul class=\"wp-block-list\">\n<li>PREMIO BAILANDO CON PIEDRAS 2024.&nbsp;<\/li>\n\n\n\n<li>PREMIO FESTIVAL MANHATTAN 2025.&nbsp;<\/li>\n<\/ul>\n\n\n\n<p class=\"has-text-align-justify\">O Festival S\u00f3LODOS EN DANZA \u00e9 un proxecto de \u00e1mbito art\u00edstico-social que xera intercambio e mobilidade entre artistas. Utiliza diferentes estratexias de colaboraci\u00f3n, para construir unha ponte cultural entre artistas de dous continentes (Am\u00e9rica \/ Europa).&nbsp;<\/p>\n\n\n\n<p class=\"has-text-align-justify\">A <a href=\"https:\/\/www.solodos.es\/inicio-gal\" target=\"_blank\" rel=\"noreferrer noopener\">PLATAFORMA CULTURAL S\u00f3LODOS<\/a> traballa para a difusi\u00f3n da danza e as artes do movemento.\u00a0 Os seus proxectos promoven a danza como ferramenta social e desenvolvemento cultural, xerando espazos de colaboraci\u00f3n entre estruturas culturais, creando iniciativas que permiten o intercambio de co\u00f1ecemento entre instituci\u00f3ns p\u00fablicas e privadas, centros de ensinanza esc\u00e9nica, artistas, p\u00fablico e a sociedade en xeral.<\/p>\n\n\n\n<p><em>Cr\u00e9dito Fotos: Foto Pablo&nbsp;Vargas en S\u00f3lodos En Danza Costa Rica \/ Ana F Melero en Latente.<\/em><\/p>\n\n\n\n<p><\/p>\n","protected":false},"excerpt":{"rendered":"<p>S\u00f3LODOS EN DANZA \/ OURENSE \/ 2024 ter\u00e1 lugar os d\u00edas 13 e 14 de xu\u00f1o, celebrando a s\u00faa novena&nbsp;edici\u00f3n en Ourense, Amiadoso e Xunqueira de Espadanedo.&nbsp; O d\u00eda 13 [&hellip;]<\/p>\n","protected":false},"author":1,"featured_media":0,"comment_status":"open","ping_status":"open","sticky":false,"template":"","format":"standard","meta":{"_et_pb_use_builder":"","_et_pb_old_content":"","_et_gb_content_width":"","_jetpack_memberships_contains_paid_content":false,"footnotes":""},"categories":[23,7,6,57,1],"tags":[2145],"class_list":["post-16061","post","type-post","status-publish","format-standard","hentry","category-autoresas","category-creacion","category-novas","category-outras-artes","category-xeral","tag-solodos-en-danza-ourense-2024"],"jetpack_featured_media_url":"","jetpack_sharing_enabled":true,"_links":{"self":[{"href":"http:\/\/culturaliagz.com\/index.php?rest_route=\/wp\/v2\/posts\/16061","targetHints":{"allow":["GET"]}}],"collection":[{"href":"http:\/\/culturaliagz.com\/index.php?rest_route=\/wp\/v2\/posts"}],"about":[{"href":"http:\/\/culturaliagz.com\/index.php?rest_route=\/wp\/v2\/types\/post"}],"author":[{"embeddable":true,"href":"http:\/\/culturaliagz.com\/index.php?rest_route=\/wp\/v2\/users\/1"}],"replies":[{"embeddable":true,"href":"http:\/\/culturaliagz.com\/index.php?rest_route=%2Fwp%2Fv2%2Fcomments&post=16061"}],"version-history":[{"count":3,"href":"http:\/\/culturaliagz.com\/index.php?rest_route=\/wp\/v2\/posts\/16061\/revisions"}],"predecessor-version":[{"id":16067,"href":"http:\/\/culturaliagz.com\/index.php?rest_route=\/wp\/v2\/posts\/16061\/revisions\/16067"}],"wp:attachment":[{"href":"http:\/\/culturaliagz.com\/index.php?rest_route=%2Fwp%2Fv2%2Fmedia&parent=16061"}],"wp:term":[{"taxonomy":"category","embeddable":true,"href":"http:\/\/culturaliagz.com\/index.php?rest_route=%2Fwp%2Fv2%2Fcategories&post=16061"},{"taxonomy":"post_tag","embeddable":true,"href":"http:\/\/culturaliagz.com\/index.php?rest_route=%2Fwp%2Fv2%2Ftags&post=16061"}],"curies":[{"name":"wp","href":"https:\/\/api.w.org\/{rel}","templated":true}]}}