{"id":16038,"date":"2024-06-08T23:24:21","date_gmt":"2024-06-08T22:24:21","guid":{"rendered":"http:\/\/culturaliagz.com\/?p=16038"},"modified":"2024-06-08T23:24:23","modified_gmt":"2024-06-08T22:24:23","slug":"dique-a-nova-producion-de-nova-galega-de-danza-con-direccion-escenica-de-marta-pazos-sera-o-espectaculo-inaugural-da-mit-2024","status":"publish","type":"post","link":"http:\/\/culturaliagz.com\/?p=16038","title":{"rendered":"\u2018Dique\u2019, a nova produci\u00f3n de Nova Galega de Danza con direcci\u00f3n esc\u00e9nica de Marta Pazos, ser\u00e1 o espect\u00e1culo inaugural da MIT 2024"},"content":{"rendered":"\n<p><\/p>\n\n\n<div class=\"wp-block-image\">\n<figure class=\"aligncenter size-large is-resized\"><a href=\"http:\/\/culturaliagz.com\/wp-content\/uploads\/2024\/06\/Cartel-Dique-Apoios-scaled.jpeg\" target=\"_blank\" rel=\"noreferrer noopener\"><img loading=\"lazy\" decoding=\"async\" width=\"724\" height=\"1024\" src=\"http:\/\/culturaliagz.com\/wp-content\/uploads\/2024\/06\/Cartel-Dique-Apoios-724x1024.jpeg\" alt=\"\" class=\"wp-image-16040\" style=\"width:724px;height:auto\"\/><\/a><\/figure>\n<\/div>\n\n\n<p><\/p>\n\n\n\n<p class=\"has-text-align-justify\"><br><strong>A peza abrir\u00e1 a 40 edici\u00f3n da Mostra Internacional de Teatro de Ribadavia\u00a0a noite do venres, 19 de xullo, no Auditorio \u2018Rub\u00e9n Garc\u00eda\u2019 do Castelo<\/strong><\/p>\n\n\n\n<p class=\"has-text-align-justify\"><strong><em>Dique<\/em>\u00a0conta a \u00e9pica historia das 200 mulleres que hai 150 anos\u00a0escavaron o Dique da Camp\u00e1 de Ferrol, a obra de enxe\u00f1er\u00eda hidr\u00e1ulica\u00a0m\u00e1is importante do s\u00e9culo XIX, transportando 245.000 metros c\u00fabicos\u00a0de terra e pedras en 11.600.000 cestos sobre as s\u00faas cabezas<\/strong><\/p>\n\n\n\n<p class=\"has-text-align-justify\"><strong>Tr\u00e1tase dun espect\u00e1culo coproducido por Nova Galega de Danza e a Xunta de Galicia,\u00a0a trav\u00e9s do Centro Coreogr\u00e1fico Galego, co patrocinio de Vegalsa e a MIT,\u00a0que conta cun equipo art\u00edstico\u00a0e t\u00e9cnico composto integramente por mulleres,\u00a0coa coreograf\u00eda de Bel\u00e9n Mart\u00ed Lluch e a m\u00fasica de Clara Aguilar<\/strong><\/p>\n\n\n\n<p><\/p>\n\n\n\n<p><\/p>\n\n\n<div class=\"wp-block-image\">\n<figure class=\"aligncenter size-large\"><a href=\"http:\/\/culturaliagz.com\/wp-content\/uploads\/2024\/06\/Dique-NGD-\u00a9Vanessa-Rabade-scaled.jpeg\" target=\"_blank\" rel=\"noreferrer noopener\"><img loading=\"lazy\" decoding=\"async\" width=\"1024\" height=\"1024\" src=\"http:\/\/culturaliagz.com\/wp-content\/uploads\/2024\/06\/Dique-NGD-\u00a9Vanessa-Rabade-1024x1024.jpeg\" alt=\"\" class=\"wp-image-16041\" srcset=\"http:\/\/culturaliagz.com\/wp-content\/uploads\/2024\/06\/Dique-NGD-\u00a9Vanessa-Rabade-1024x1024.jpeg 1024w, http:\/\/culturaliagz.com\/wp-content\/uploads\/2024\/06\/Dique-NGD-\u00a9Vanessa-Rabade-300x300.jpeg 300w, http:\/\/culturaliagz.com\/wp-content\/uploads\/2024\/06\/Dique-NGD-\u00a9Vanessa-Rabade-150x150.jpeg 150w, http:\/\/culturaliagz.com\/wp-content\/uploads\/2024\/06\/Dique-NGD-\u00a9Vanessa-Rabade-768x768.jpeg 768w, http:\/\/culturaliagz.com\/wp-content\/uploads\/2024\/06\/Dique-NGD-\u00a9Vanessa-Rabade-1536x1536.jpeg 1536w, http:\/\/culturaliagz.com\/wp-content\/uploads\/2024\/06\/Dique-NGD-\u00a9Vanessa-Rabade-2048x2048.jpeg 2048w, http:\/\/culturaliagz.com\/wp-content\/uploads\/2024\/06\/Dique-NGD-\u00a9Vanessa-Rabade-1080x1080.jpeg 1080w, http:\/\/culturaliagz.com\/wp-content\/uploads\/2024\/06\/Dique-NGD-\u00a9Vanessa-Rabade-1280x1280.jpeg 1280w, http:\/\/culturaliagz.com\/wp-content\/uploads\/2024\/06\/Dique-NGD-\u00a9Vanessa-Rabade-980x980.jpeg 980w, http:\/\/culturaliagz.com\/wp-content\/uploads\/2024\/06\/Dique-NGD-\u00a9Vanessa-Rabade-480x480.jpeg 480w\" sizes=\"auto, (max-width: 1024px) 100vw, 1024px\" \/><\/a><\/figure>\n<\/div>\n\n\n<p><\/p>\n\n\n\n<p><\/p>\n\n\n\n<p class=\"has-text-align-justify\">\u2018<strong>Dique<\/strong>\u2019, a nova produci\u00f3n de Nova Galega de Danza con direcci\u00f3n esc\u00e9nica de Marta Pazos,\u00a0\u00a0ser\u00e1 o espect\u00e1culo inaugural da MIT 2024. A peza abrir\u00e1 a 40 edici\u00f3n da Mostra Internacional de Teatro de Ribadavia a noite do venres, 19 de xullo, no Auditorio \u2018Rub\u00e9n Garc\u00eda\u2019 do Castelo.\u00a0<em>Dique<\/em>\u00a0nace co desexo do director art\u00edstico de NGD, Jaime Pablo D\u00edaz, de recuperar unha historia esquecida:\u00a0a \u00e9pica xesta das 200 mulleres que hai 150 anos escavaron o Dique da Camp\u00e1 de Ferrol, a obra de enxe\u00f1er\u00eda hidr\u00e1ulica m\u00e1is importante do s\u00e9culo XIX,transportando 245.000 metros c\u00fabicos de terra e pedras en 11.600.000 cestos sobre as s\u00faas cabezas.\u00a0<em>Dique<\/em>, que conta cun equipo art\u00edstico e t\u00e9cnico composto integramente por mulleres, coa coreograf\u00eda de Bel\u00e9n Mart\u00ed Lluch e a m\u00fasica de Clara Aguilar, \u00e9 un espect\u00e1culo coproducido por Nova Galega de Danza e a Xunta de Galicia, a trav\u00e9s do Centro Coreogr\u00e1fico Galego, co patrocinio de Vegalsa e a MIT.<\/p>\n\n\n\n<p class=\"has-text-align-justify\"><em>Dique<\/em>&nbsp;pon en di\u00e1logo a danza contempor\u00e1nea e a danza tradicional galega nunha conversa que reflicte a conexi\u00f3n entre o pasado e o presente. Nace do desexo de recuperar unha historia esquecida: o labor das mulleres na construci\u00f3n do Dique da Camp\u00e1 de Ferrol. Na s\u00faa execuci\u00f3n, entre 1874 e 1879, 200 mulleres, as estibadoras, retiraron 245.000 metros c\u00fabicos de terra e pedras que transportaron en 11.600.000 cestos sobre as s\u00faas cabezas -58.000 cada unha delas-. E, polo mesmo traballo, cobraban menos ca os homes.<\/p>\n\n\n\n<p class=\"has-text-align-justify\">No 150 aniversario do inicio da s\u00faa construci\u00f3n, a obra de enxe\u00f1er\u00eda hidr\u00e1ulica m\u00e1is importante do s\u00e9culo XIX, Nova Galega de Danza convidou a directora de escena Marta Pazos a realizar a s\u00faa homenaxe a aquela xesta. Un xogo de cores, texturas e contrastes sobe \u00e1 escena para ofrecer un desaf\u00edo visual \u00fanico. A peza explora os l\u00edmites da forza mentres o tel\u00farico se apodera da escena. En&nbsp;<em>Dique<\/em>&nbsp;hai resistencia e esforzo, pero afloran, tam\u00e9n, a delicadeza e o lixeiro.&nbsp;<\/p>\n\n\n\n<p class=\"has-text-align-justify\">Tradici\u00f3n e modernidade. Forza e resiliencia. Sindicalismo e empoderamento. Solidariedade e comunidade. Celebraci\u00f3n e renacemento. Toda unha chea de emoci\u00f3ns e sentimentos confl\u00faen en&nbsp;<em>Dique<\/em>&nbsp;para narrar a historia daquelas estibadoras ou \u201ccargadoras\u201d silenciadas e crear un espazo de reflexi\u00f3n que, nun acto de xustiza po\u00e9tica, est\u00e1 artellado polo labor dun equipo composto integramente por mulleres nos eidos art\u00edstico e t\u00e9cnico.<\/p>\n\n\n\n<p><strong>SOBRE O EQUIPO<\/strong><\/p>\n\n\n\n<p class=\"has-text-align-justify\">Directora art\u00edstica, directora de escena de teatro e \u00f3pera, escen\u00f3grafa, dramaturga e artista visual,\u00a0<a href=\"https:\/\/martapazos.es\/index.php\/es\" target=\"_blank\" rel=\"noreferrer noopener\"><strong>Marta Pazos<\/strong><\/a>\u00a0\u00e9 unha das creadoras m\u00e1is influentes da vangarda esc\u00e9nica espa\u00f1ola actual. A s\u00faa obra destaca pola s\u00faa dimensi\u00f3n pl\u00e1stica e a s\u00faa emancipaci\u00f3n est\u00e9tica. Nas s\u00faas montaxes, a cor aparece de maneira radical para impactar na retina do p\u00fablico e transformar a s\u00faa percepci\u00f3n. Con\u00a0<em>Dique<\/em>\u00a0a artista estrea a s\u00faa agardada primeira colaboraci\u00f3n coa compa\u00f1\u00eda Nova Galega de Danza, considerada como unha das formaci\u00f3ns m\u00e1is singulares e innovadoras da nosa escena.<\/p>\n\n\n\n<p class=\"has-text-align-justify\"><a href=\"https:\/\/novagalegadedanza.com\/es\/landing-page\/\" target=\"_blank\" rel=\"noreferrer noopener\"><strong>Nova Galega de Danza<\/strong><\/a>\u00a0fusiona en vivo danza e m\u00fasica de ra\u00edz galega. Bebe da tradici\u00f3n e da vangarda cunha vocaci\u00f3n universal, abrindo unha li\u00f1a de traballo \u00fanica ao redor da danza en Galicia. Unha li\u00f1a que \u00e9 quen de se aproximar \u00e1 tradici\u00f3n desde unha ollada contempor\u00e1nea que lle permite transcender a vivencia tradicional do folclore e darlle un novo sentir. Nos seus xa m\u00e1is de 20 anos de traxectoria, baixo a direcci\u00f3n de Jaime Pablo D\u00edaz, produciu oito espect\u00e1culos:\u00a0<em>Dique<\/em>\u00a0(2024),\u00a0<em>Berro<\/em>\u00a0(2023),\u00a0<em>Credo<\/em>\u00a0(2022),\u00a0<em>Leira<\/em>\u00a0(2020),\u00a0<em>Son<\/em>\u00a0(2016),\u00a0<em>Dez<\/em>\u00a0(2013),\u00a0<em>Tradici\u00f3n<\/em>\u00a0(2008),\u00a0<em>Engado<\/em>\u00a0(2006) e\u00a0<em>Alento<\/em>\u00a0(2003). En\u00a0<em>Dique<\/em>\u00a0o elenco est\u00e1 composto por oito bailarinas:\u00a0Nuria Ala\u00f1a, Carmen Cebri\u00e1n, Alba Cotelo, Estefan\u00eda G\u00f3mez, Alicia L\u00f3pez, Laura Santamari\u00f1a, Mar\u00eda de Vicente e In\u00e9s Vieites.<\/p>\n\n\n\n<p class=\"has-text-align-justify\">A car\u00f3n de Marta Pazos, art\u00edfice da direcci\u00f3n de escena e da dramaturxia da peza, destaca, tam\u00e9n, a figura da core\u00f3grafa\u00a0<strong>Bel\u00e9n Mart\u00ed Lluch<\/strong>, unha das novas voces que pisan forte na escena actual espa\u00f1ola. Core\u00f3grafa, entre moitos outros proxectos, da celebrada serie\u00a0<em>La Mes\u00edas<\/em>, Mart\u00ed Lluch \u00e9 unha das fundadoras de\u00a0<a href=\"https:\/\/www.muchamuchacha.es\/es.html\" target=\"_blank\" rel=\"noreferrer noopener\"><strong>Mucha Muchacha<\/strong><\/a>, colectivo que investiga o folclore para cuestionalo e facelo contempor\u00e1neo e\u00a0que se interroga asemade con perspectiva de x\u00e9nero sobre a memoria e o corpo.\u00a0<\/p>\n\n\n\n<p class=\"has-text-align-justify\">A canda elas traballa, tam\u00e9n, a compositora\u00a0<a href=\"https:\/\/www.claraguilar.com\/\" target=\"_blank\" rel=\"noreferrer noopener\"><strong>Clara Aguilar<\/strong><\/a>,\u00a0considerada unha das figuras m\u00e1is destacadas da escena musical contempor\u00e1nea catal\u00e1. Habitual do S\u00f3nar ou do Primavera Sound, este 2024 foi candidata ao Goya pola banda sonora de\u00a0<em>Creatura<\/em>\u00a0e mais foi galardoada con cadanseu Premio Gaud\u00ed no 2023 e no 2024 pola mellor banda sonora.<\/p>\n\n\n\n<p class=\"has-text-align-justify\"><em>Dique<\/em>&nbsp;\u00e9 unha coproduci\u00f3n de Nova Galega de Danza e Xunta de Galicia, a trav\u00e9s do Centro Coreogr\u00e1fico Galego, que conta co patrocinio da Mostra Internacional de Teatro de Ribadavia (MIT) como espect\u00e1culo inaugural do festival no 2024. A peza ten tam\u00e9n a colaboraci\u00f3n do Concello das Pontes para a s\u00faa posta en escena na localidade. Nova Galega de Danza \u00e9 unha compa\u00f1\u00eda que conta con patrocinio de Vegalsa \u2013 Eroski.<\/p>\n","protected":false},"excerpt":{"rendered":"<p>A peza abrir\u00e1 a 40 edici\u00f3n da Mostra Internacional de Teatro de Ribadavia\u00a0a noite do venres, 19 de xullo, no Auditorio \u2018Rub\u00e9n Garc\u00eda\u2019 do Castelo Dique\u00a0conta a \u00e9pica historia das [&hellip;]<\/p>\n","protected":false},"author":1,"featured_media":0,"comment_status":"open","ping_status":"open","sticky":false,"template":"","format":"standard","meta":{"_et_pb_use_builder":"","_et_pb_old_content":"","_et_gb_content_width":"","_jetpack_memberships_contains_paid_content":false,"footnotes":""},"categories":[23,7,129,6,57,1],"tags":[2306,1448,1870,2307],"class_list":["post-16038","post","type-post","status-publish","format-standard","hentry","category-autoresas","category-creacion","category-literaria","category-novas","category-outras-artes","category-xeral","tag-dique","tag-marta-pazos","tag-mostra-internacional-de-teatro-de-ribadavia","tag-nova-galega-de-danza"],"jetpack_featured_media_url":"","jetpack_sharing_enabled":true,"_links":{"self":[{"href":"http:\/\/culturaliagz.com\/index.php?rest_route=\/wp\/v2\/posts\/16038","targetHints":{"allow":["GET"]}}],"collection":[{"href":"http:\/\/culturaliagz.com\/index.php?rest_route=\/wp\/v2\/posts"}],"about":[{"href":"http:\/\/culturaliagz.com\/index.php?rest_route=\/wp\/v2\/types\/post"}],"author":[{"embeddable":true,"href":"http:\/\/culturaliagz.com\/index.php?rest_route=\/wp\/v2\/users\/1"}],"replies":[{"embeddable":true,"href":"http:\/\/culturaliagz.com\/index.php?rest_route=%2Fwp%2Fv2%2Fcomments&post=16038"}],"version-history":[{"count":1,"href":"http:\/\/culturaliagz.com\/index.php?rest_route=\/wp\/v2\/posts\/16038\/revisions"}],"predecessor-version":[{"id":16042,"href":"http:\/\/culturaliagz.com\/index.php?rest_route=\/wp\/v2\/posts\/16038\/revisions\/16042"}],"wp:attachment":[{"href":"http:\/\/culturaliagz.com\/index.php?rest_route=%2Fwp%2Fv2%2Fmedia&parent=16038"}],"wp:term":[{"taxonomy":"category","embeddable":true,"href":"http:\/\/culturaliagz.com\/index.php?rest_route=%2Fwp%2Fv2%2Fcategories&post=16038"},{"taxonomy":"post_tag","embeddable":true,"href":"http:\/\/culturaliagz.com\/index.php?rest_route=%2Fwp%2Fv2%2Ftags&post=16038"}],"curies":[{"name":"wp","href":"https:\/\/api.w.org\/{rel}","templated":true}]}}