{"id":15988,"date":"2024-05-29T19:23:48","date_gmt":"2024-05-29T18:23:48","guid":{"rendered":"http:\/\/culturaliagz.com\/?p=15988"},"modified":"2024-05-29T19:23:50","modified_gmt":"2024-05-29T18:23:50","slug":"sabela-presenta-hi-my-love-un-tema-co-que-aspira-a-revolucionar-o-pop-electronico-en-galego","status":"publish","type":"post","link":"http:\/\/culturaliagz.com\/?p=15988","title":{"rendered":"Sabela presenta HI, MY LOVE, un tema co que aspira a revolucionar o pop electr\u00f3nico en galego"},"content":{"rendered":"\n<p><\/p>\n\n\n<div class=\"wp-block-image\">\n<figure class=\"aligncenter size-full\"><a href=\"http:\/\/culturaliagz.com\/wp-content\/uploads\/2024\/05\/IMG_2298.jpeg\" target=\"_blank\" rel=\"noreferrer noopener\"><img loading=\"lazy\" decoding=\"async\" width=\"600\" height=\"600\" src=\"http:\/\/culturaliagz.com\/wp-content\/uploads\/2024\/05\/IMG_2298.jpeg\" alt=\"\" class=\"wp-image-15989\" srcset=\"http:\/\/culturaliagz.com\/wp-content\/uploads\/2024\/05\/IMG_2298.jpeg 600w, http:\/\/culturaliagz.com\/wp-content\/uploads\/2024\/05\/IMG_2298-480x480.jpeg 480w\" sizes=\"auto, (min-width: 0px) and (max-width: 480px) 480px, (min-width: 481px) 600px, 100vw\" \/><\/a><\/figure>\n<\/div>\n\n\n<p><\/p>\n\n\n\n<p><\/p>\n\n\n\n<p class=\"has-text-align-justify\" style=\"font-size:18px\">\u201cHI, MY LOVE\u201d \u00c9 O PRIMEIRO SINXELO DO SEU PR\u00d3XIMO EP<\/p>\n\n\n\n<p class=\"has-text-align-justify\" style=\"font-size:18px\">O VIDEOCLIP QUE ACOMPA\u00d1A AO TEMA TEN COMO DATA DE ESTREA&nbsp;ESTE VENRES&nbsp;31 DE MAIO<\/p>\n\n\n\n<p><\/p>\n\n\n\n<p>\u200a<\/p>\n\n\n\n<p class=\"has-text-align-justify\">Sabela presenta a s\u00faa candidatura para \u201ccanci\u00f3n do ver\u00e1n\u201d co seu novo tema \u201cHi, My Love\u201d, un sopro de aire fresco para o pop electr\u00f3nico en galego. Nesta aposta, a artista de Ourol destaca por un son fresco e revitalizado do seu xa caracter\u00edstico pop electr\u00f3nico, introducindo elementos tradicionais galegos que mante\u00f1en e fortalecen as ra\u00edces da artista. O tema, que contar\u00e1 cun videoclip propio que se estrear\u00e1 o pr\u00f3ximo venres&nbsp;31 de maio, establ\u00e9cese xa como o primeiro sinxelo do pr\u00f3ximo EP de Sabela, que sair\u00e1 a finais deste ano 2024. Tanto a canci\u00f3n como o videoclip est\u00e1n financiados polo certame de Girando Por Salas e o INAEM.<\/p>\n\n\n\n<p class=\"has-text-align-justify\">\u201cHi, My Love\u201d \u00e9 a conxunci\u00f3n do traballo de produci\u00f3n de Sabela xunto con Mateo Bruquetas, o seu produtor habitual, e Ed is Dead. Ed \u00e9 un reco\u00f1ecido e prestixioso DJ e produtor de m\u00fasica electr\u00f3nica a nivel internacional, con m\u00faltiples galard\u00f3ns da talla do Premio VMA a \u201cMellor Produtor de M\u00fasica Electr\u00f3nica\u201d ou o Premio MIN a \u201cMellor Gravaci\u00f3n de M\u00fasica Electr\u00f3nica\u201d. Alg\u00fans dos seus traballos est\u00e1n reco\u00f1ecidos como referencias da m\u00fasica electr\u00f3nica, seleccionados entre os mellores \u00e1lbums do ano na m\u00fasica electr\u00f3nica por revistas internacionais especializadas, contando con mill\u00f3ns de escoitas en plataformas dixitais, colaboraci\u00f3ns con artistas finalistas nos \u00a0Premios Grammy ou presentaci\u00f3ns en vivo nalg\u00fans dos festivais m\u00e1is importantes de Espa\u00f1a como son o BBK, o S\u00f3nar ou o Arenal Sound.<\/p>\n\n\n\n<p class=\"has-text-align-justify\">Desta colaboraci\u00f3n conxunta nace este tema que mestura a electr\u00f3nica e as voces\u00a0<em>ambient<\/em>m\u00e1is actuais xunto coas ra\u00edces tradicionais e o galego. Este xunte sup\u00f3n unha declaraci\u00f3n de intenci\u00f3ns e unha ruptura co publicado ata agora por parte de Sabela. A artista busca un son m\u00e1is internacional, feito dende a s\u00faa terra e tendo en conta as s\u00faas ra\u00edces e o seu idioma.<\/p>\n\n\n\n<p class=\"has-text-align-justify\">Esta canci\u00f3n que xira arredor do desexo \u00e9 o primeiro adianto do seu pr\u00f3ximo EP. Desta maneira, e sumado \u00e1 xira que a est\u00e1 levando, grazas \u00e1 axuda do certame Girando Por Salas nalgunhas das datas, por grandes cidades como Madrid, Barcelona, Valencia, Sevilla, Oviedo, Valladolid ou Le\u00f3n, por eventos como \u00a0Galicia Escena PRO, a feira de artes esc\u00e9nicas m\u00e1is importante de Galicia, ou por festivais da talla do SonR\u00edas Baixas ou o Festival do Pasatempo; a artista galega completa un ano 2024 prol\u00edfico para a s\u00faa carreira, que a posiciona como un dos grandes alicerces do seu x\u00e9nero. As entradas da s\u00faa xira est\u00e1n xa \u00e1 venda na\u00a0<a href=\"https:\/\/none.acblnk.com\/url\/ver\/655258876\/2694190\/c518a366446aa79ac020a22e53674e4a\" target=\"_blank\" rel=\"noreferrer noopener\">sabelamusic.es<\/a>.<\/p>\n\n\n\n<p><\/p>\n\n\n<div class=\"wp-block-image\">\n<figure class=\"aligncenter size-full\"><a href=\"http:\/\/culturaliagz.com\/wp-content\/uploads\/2024\/05\/IMG_2299.jpeg\" target=\"_blank\" rel=\"noreferrer noopener\"><img loading=\"lazy\" decoding=\"async\" width=\"600\" height=\"750\" src=\"http:\/\/culturaliagz.com\/wp-content\/uploads\/2024\/05\/IMG_2299.jpeg\" alt=\"\" class=\"wp-image-15990\" srcset=\"http:\/\/culturaliagz.com\/wp-content\/uploads\/2024\/05\/IMG_2299.jpeg 600w, http:\/\/culturaliagz.com\/wp-content\/uploads\/2024\/05\/IMG_2299-480x600.jpeg 480w\" sizes=\"auto, (min-width: 0px) and (max-width: 480px) 480px, (min-width: 481px) 600px, 100vw\" \/><\/a><\/figure>\n<\/div>\n\n\n<p><\/p>\n\n\n\n<p><\/p>\n\n\n\n<p><strong>M\u00c1IS SOBRE SABELA<\/strong><\/p>\n\n\n\n<p class=\"has-text-align-justify\">Sabela Ramil \u00e9 unha das caras visibles desta nova onda de\u00a0<strong>pop electr\u00f3nico<\/strong>\u00a0que triunfa no panorama musical actual. Coas s\u00faas tinguiduras animadas e bailables, Sabela\u00a0<strong>eleva a s\u00faa m\u00fasica a un aspecto m\u00e1is euf\u00f3rico<\/strong>, convert\u00e9ndose no\u00a0<strong>gran alicerce deste x\u00e9nero<\/strong>\u00a0en Galicia. As s\u00faas canci\u00f3ns acumulan xa\u00a0<strong>centos de miles de reproduci\u00f3ns<\/strong>, conquistando en directo grandes cidades ao longo de Espa\u00f1a como Madrid, Barcelona, Valencia, Sevilla, Oviedo, Valladolid ou Le\u00f3n entre moitas outras, as\u00ed como festivais da talla do\u00a0<strong>Festival Noroeste<\/strong>, o\u00a0<strong>SonR\u00edas Baixas<\/strong>\u00a0ou o propio\u00a0<strong>O Son do Cami\u00f1o<\/strong>, as\u00ed como alz\u00e1ndose con premios como o\u00a0<strong>Premio aRi[t]mar 2020 \u00e1 Mellor Canci\u00f3n<\/strong>\u00a0en Galiza por<strong>\u00a0<\/strong><a href=\"https:\/\/none.acblnk.com\/url\/ver\/655258878\/2694190\/c518a366446aa79ac020a22e53674e4a\"><strong><em>Despedida<\/em><\/strong><\/a><\/p>\n\n\n\n<p class=\"has-text-align-justify\">.A artista de Ourol soubo madurar o seu proxecto para dotalo dunha\u00a0<strong>sensibilidade<\/strong>\u00a0maior, as\u00ed como dun\u00a0<strong>estilo xa propio e identificable<\/strong>. Temas como\u00a0<a href=\"https:\/\/none.acblnk.com\/url\/ver\/655258879\/2694190\/c518a366446aa79ac020a22e53674e4a\"><em>Cenizas<\/em><\/a>,\u00a0<a href=\"https:\/\/none.acblnk.com\/url\/ver\/655258880\/2694190\/c518a366446aa79ac020a22e53674e4a\"><em>Ya No Me Quiero Ir<\/em><\/a>\u00a0ou\u00a0<a href=\"https:\/\/none.acblnk.com\/url\/ver\/655258881\/2694190\/c518a366446aa79ac020a22e53674e4a\"><em>Cidade Desexo<\/em><\/a><em>\u00a0<\/em>confirman a solidez dun proxecto que ven de obter grandes n\u00fameros de escoitas nas s\u00faas canci\u00f3ns, de encandear ao p\u00fablico nos seus directos e de colaborar con grandes artistas como\u00a0<strong>Andr\u00e9s Su\u00e1rez, Baiuca, Xoel L\u00f3pez, Tanxugueiras, Luisa Sobral ou Diogo Pi\u00e7arra<\/strong>.<\/p>\n\n\n\n<p class=\"has-text-align-justify\">Sabela est\u00e1 mergullada neste\u00a0<strong>2024<\/strong>\u00a0no seu \u201cCeniza Tour\u201d, unha\u00a0<strong>gran xira por todo o pa\u00eds<\/strong>que conta coa axuda do certame de Girando Por Salas. Ademais, tam\u00e9n far\u00e1 oco para levar o seu directo a\u00a0<strong>festivais<\/strong>\u00a0como os xa anunciado <strong>SonR\u00edas Baixas<\/strong>\u00a0e\u00a0<strong>Festival do Pasatempo<\/strong>durante o ver\u00e1n, ao que se lle sumar\u00e1n m\u00e1is datas que ir\u00e1 anunciando proximamente.\u00a0 Con todo isto, a finais de ano Sabela presentar\u00e1 o seu novo EP para culminar as\u00ed un ano cargado de novidades e \u00e9xitos para a carreira da de Ourol.<\/p>\n\n\n\n<p><\/p>\n","protected":false},"excerpt":{"rendered":"<p>\u201cHI, MY LOVE\u201d \u00c9 O PRIMEIRO SINXELO DO SEU PR\u00d3XIMO EP O VIDEOCLIP QUE ACOMPA\u00d1A AO TEMA TEN COMO DATA DE ESTREA&nbsp;ESTE VENRES&nbsp;31 DE MAIO \u200a Sabela presenta a s\u00faa [&hellip;]<\/p>\n","protected":false},"author":1,"featured_media":0,"comment_status":"open","ping_status":"open","sticky":false,"template":"","format":"standard","meta":{"_et_pb_use_builder":"","_et_pb_old_content":"","_et_gb_content_width":"","_jetpack_memberships_contains_paid_content":false,"footnotes":""},"categories":[23,7,6,57,1],"tags":[2058,2282,2280],"class_list":["post-15988","post","type-post","status-publish","format-standard","hentry","category-autoresas","category-creacion","category-novas","category-outras-artes","category-xeral","tag-ceniza-tour-2024","tag-hi-my-love","tag-sabela"],"jetpack_featured_media_url":"","jetpack_sharing_enabled":true,"_links":{"self":[{"href":"http:\/\/culturaliagz.com\/index.php?rest_route=\/wp\/v2\/posts\/15988","targetHints":{"allow":["GET"]}}],"collection":[{"href":"http:\/\/culturaliagz.com\/index.php?rest_route=\/wp\/v2\/posts"}],"about":[{"href":"http:\/\/culturaliagz.com\/index.php?rest_route=\/wp\/v2\/types\/post"}],"author":[{"embeddable":true,"href":"http:\/\/culturaliagz.com\/index.php?rest_route=\/wp\/v2\/users\/1"}],"replies":[{"embeddable":true,"href":"http:\/\/culturaliagz.com\/index.php?rest_route=%2Fwp%2Fv2%2Fcomments&post=15988"}],"version-history":[{"count":1,"href":"http:\/\/culturaliagz.com\/index.php?rest_route=\/wp\/v2\/posts\/15988\/revisions"}],"predecessor-version":[{"id":15991,"href":"http:\/\/culturaliagz.com\/index.php?rest_route=\/wp\/v2\/posts\/15988\/revisions\/15991"}],"wp:attachment":[{"href":"http:\/\/culturaliagz.com\/index.php?rest_route=%2Fwp%2Fv2%2Fmedia&parent=15988"}],"wp:term":[{"taxonomy":"category","embeddable":true,"href":"http:\/\/culturaliagz.com\/index.php?rest_route=%2Fwp%2Fv2%2Fcategories&post=15988"},{"taxonomy":"post_tag","embeddable":true,"href":"http:\/\/culturaliagz.com\/index.php?rest_route=%2Fwp%2Fv2%2Ftags&post=15988"}],"curies":[{"name":"wp","href":"https:\/\/api.w.org\/{rel}","templated":true}]}}