{"id":15879,"date":"2024-05-20T23:41:13","date_gmt":"2024-05-20T22:41:13","guid":{"rendered":"http:\/\/culturaliagz.com\/?p=15879"},"modified":"2024-05-20T23:42:44","modified_gmt":"2024-05-20T22:42:44","slug":"guadi-galego-presentara-sintese-horizonte-o-2-de-xuno-no-teatro-colon-da-coruna","status":"publish","type":"post","link":"http:\/\/culturaliagz.com\/?p=15879","title":{"rendered":"Guadi Galego presentar\u00e1 &#8216;S\u00edntese Horizonte&#8217; o 2 de xu\u00f1o no Teatro Col\u00f3n da Coru\u00f1a"},"content":{"rendered":"\n<p><\/p>\n\n\n\n<p><\/p>\n\n\n<div class=\"wp-block-image\">\n<figure class=\"aligncenter size-large is-resized\"><a href=\"http:\/\/culturaliagz.com\/wp-content\/uploads\/2024\/05\/20240126-Guadi-Galego-Sintese-Horizonte-en-Santiago-\u00a9-Cris-Padin-9-scaled.jpeg\" target=\"_blank\" rel=\"noreferrer noopener\"><img loading=\"lazy\" decoding=\"async\" width=\"1024\" height=\"683\" src=\"http:\/\/culturaliagz.com\/wp-content\/uploads\/2024\/05\/20240126-Guadi-Galego-Sintese-Horizonte-en-Santiago-\u00a9-Cris-Padin-9-1024x683.jpeg\" alt=\"\" class=\"wp-image-15881\" style=\"width:783px;height:auto\" srcset=\"http:\/\/culturaliagz.com\/wp-content\/uploads\/2024\/05\/20240126-Guadi-Galego-Sintese-Horizonte-en-Santiago-\u00a9-Cris-Padin-9-1024x683.jpeg 1024w, http:\/\/culturaliagz.com\/wp-content\/uploads\/2024\/05\/20240126-Guadi-Galego-Sintese-Horizonte-en-Santiago-\u00a9-Cris-Padin-9-300x200.jpeg 300w, http:\/\/culturaliagz.com\/wp-content\/uploads\/2024\/05\/20240126-Guadi-Galego-Sintese-Horizonte-en-Santiago-\u00a9-Cris-Padin-9-768x512.jpeg 768w, http:\/\/culturaliagz.com\/wp-content\/uploads\/2024\/05\/20240126-Guadi-Galego-Sintese-Horizonte-en-Santiago-\u00a9-Cris-Padin-9-1536x1024.jpeg 1536w, http:\/\/culturaliagz.com\/wp-content\/uploads\/2024\/05\/20240126-Guadi-Galego-Sintese-Horizonte-en-Santiago-\u00a9-Cris-Padin-9-2048x1365.jpeg 2048w, http:\/\/culturaliagz.com\/wp-content\/uploads\/2024\/05\/20240126-Guadi-Galego-Sintese-Horizonte-en-Santiago-\u00a9-Cris-Padin-9-1080x720.jpeg 1080w, http:\/\/culturaliagz.com\/wp-content\/uploads\/2024\/05\/20240126-Guadi-Galego-Sintese-Horizonte-en-Santiago-\u00a9-Cris-Padin-9-1280x854.jpeg 1280w, http:\/\/culturaliagz.com\/wp-content\/uploads\/2024\/05\/20240126-Guadi-Galego-Sintese-Horizonte-en-Santiago-\u00a9-Cris-Padin-9-980x653.jpeg 980w, http:\/\/culturaliagz.com\/wp-content\/uploads\/2024\/05\/20240126-Guadi-Galego-Sintese-Horizonte-en-Santiago-\u00a9-Cris-Padin-9-480x320.jpeg 480w\" sizes=\"auto, (max-width: 1024px) 100vw, 1024px\" \/><\/a><\/figure>\n<\/div>\n\n\n<p><\/p>\n\n\n\n<p><\/p>\n\n\n\n<p class=\"has-text-align-justify\"><strong>A creadora, que v\u00e9n de recibir o Premio Mart\u00edn C\u00f3dax na categor\u00eda Canci\u00f3n de Autora, celebra neste 2024 os seus 25 anos de traxectoria musical cun directo expresamente concibido para presentar, ao vivo, en teatros do pa\u00eds<\/strong><\/p>\n\n\n\n<p class=\"has-text-align-justify\"><strong>As entradas para o concerto, enmarcado no ciclo&nbsp;<em>Coa Nosa Voz,&nbsp;<\/em>da Deputaci\u00f3n&nbsp;da Coru\u00f1a, ser\u00e1n de balde e poderanse retirar desde hoxe na plataforma&nbsp;<a href=\"http:\/\/ataquilla.com\/\" target=\"_blank\" rel=\"noreferrer noopener\">ataquilla.com<\/a>&nbsp;<\/strong><\/p>\n\n\n\n<p><br><\/p>\n\n\n\n<figure class=\"wp-block-gallery has-nested-images columns-2 is-cropped wp-block-gallery-1 is-layout-flex wp-block-gallery-is-layout-flex\">\n<figure class=\"wp-block-image size-large\"><a href=\"http:\/\/culturaliagz.com\/wp-content\/uploads\/2024\/05\/20240126-Guadi-Galego-Sintese-Horizonte-en-Santiago-\u00a9-Cris-Padin-10-1-scaled.jpeg\" target=\"_blank\" rel=\"noreferrer noopener\"><img loading=\"lazy\" decoding=\"async\" width=\"683\" height=\"1024\" data-id=\"15885\" src=\"http:\/\/culturaliagz.com\/wp-content\/uploads\/2024\/05\/20240126-Guadi-Galego-Sintese-Horizonte-en-Santiago-\u00a9-Cris-Padin-10-1-683x1024.jpeg\" alt=\"\" class=\"wp-image-15885\" srcset=\"http:\/\/culturaliagz.com\/wp-content\/uploads\/2024\/05\/20240126-Guadi-Galego-Sintese-Horizonte-en-Santiago-\u00a9-Cris-Padin-10-1-683x1024.jpeg 683w, http:\/\/culturaliagz.com\/wp-content\/uploads\/2024\/05\/20240126-Guadi-Galego-Sintese-Horizonte-en-Santiago-\u00a9-Cris-Padin-10-1-200x300.jpeg 200w, http:\/\/culturaliagz.com\/wp-content\/uploads\/2024\/05\/20240126-Guadi-Galego-Sintese-Horizonte-en-Santiago-\u00a9-Cris-Padin-10-1-768x1152.jpeg 768w, http:\/\/culturaliagz.com\/wp-content\/uploads\/2024\/05\/20240126-Guadi-Galego-Sintese-Horizonte-en-Santiago-\u00a9-Cris-Padin-10-1-1024x1536.jpeg 1024w, http:\/\/culturaliagz.com\/wp-content\/uploads\/2024\/05\/20240126-Guadi-Galego-Sintese-Horizonte-en-Santiago-\u00a9-Cris-Padin-10-1-1365x2048.jpeg 1365w, http:\/\/culturaliagz.com\/wp-content\/uploads\/2024\/05\/20240126-Guadi-Galego-Sintese-Horizonte-en-Santiago-\u00a9-Cris-Padin-10-1-1080x1620.jpeg 1080w, http:\/\/culturaliagz.com\/wp-content\/uploads\/2024\/05\/20240126-Guadi-Galego-Sintese-Horizonte-en-Santiago-\u00a9-Cris-Padin-10-1-1280x1920.jpeg 1280w, http:\/\/culturaliagz.com\/wp-content\/uploads\/2024\/05\/20240126-Guadi-Galego-Sintese-Horizonte-en-Santiago-\u00a9-Cris-Padin-10-1-980x1470.jpeg 980w, http:\/\/culturaliagz.com\/wp-content\/uploads\/2024\/05\/20240126-Guadi-Galego-Sintese-Horizonte-en-Santiago-\u00a9-Cris-Padin-10-1-480x720.jpeg 480w, http:\/\/culturaliagz.com\/wp-content\/uploads\/2024\/05\/20240126-Guadi-Galego-Sintese-Horizonte-en-Santiago-\u00a9-Cris-Padin-10-1-scaled.jpeg 1707w\" sizes=\"auto, (max-width: 683px) 100vw, 683px\" \/><\/a><\/figure>\n\n\n\n<figure class=\"wp-block-image size-large\"><a href=\"http:\/\/culturaliagz.com\/wp-content\/uploads\/2024\/05\/20240126-Guadi-Galego-Sintese-Horizonte-en-Santiago-\u00a9-Cris-Padin-4-scaled.jpeg\" target=\"_blank\" rel=\"noreferrer noopener\"><img loading=\"lazy\" decoding=\"async\" width=\"1024\" height=\"683\" data-id=\"15884\" src=\"http:\/\/culturaliagz.com\/wp-content\/uploads\/2024\/05\/20240126-Guadi-Galego-Sintese-Horizonte-en-Santiago-\u00a9-Cris-Padin-4-1024x683.jpeg\" alt=\"\" class=\"wp-image-15884\" srcset=\"http:\/\/culturaliagz.com\/wp-content\/uploads\/2024\/05\/20240126-Guadi-Galego-Sintese-Horizonte-en-Santiago-\u00a9-Cris-Padin-4-1024x683.jpeg 1024w, http:\/\/culturaliagz.com\/wp-content\/uploads\/2024\/05\/20240126-Guadi-Galego-Sintese-Horizonte-en-Santiago-\u00a9-Cris-Padin-4-300x200.jpeg 300w, http:\/\/culturaliagz.com\/wp-content\/uploads\/2024\/05\/20240126-Guadi-Galego-Sintese-Horizonte-en-Santiago-\u00a9-Cris-Padin-4-768x512.jpeg 768w, http:\/\/culturaliagz.com\/wp-content\/uploads\/2024\/05\/20240126-Guadi-Galego-Sintese-Horizonte-en-Santiago-\u00a9-Cris-Padin-4-1536x1024.jpeg 1536w, http:\/\/culturaliagz.com\/wp-content\/uploads\/2024\/05\/20240126-Guadi-Galego-Sintese-Horizonte-en-Santiago-\u00a9-Cris-Padin-4-2048x1365.jpeg 2048w, http:\/\/culturaliagz.com\/wp-content\/uploads\/2024\/05\/20240126-Guadi-Galego-Sintese-Horizonte-en-Santiago-\u00a9-Cris-Padin-4-1080x720.jpeg 1080w, http:\/\/culturaliagz.com\/wp-content\/uploads\/2024\/05\/20240126-Guadi-Galego-Sintese-Horizonte-en-Santiago-\u00a9-Cris-Padin-4-1280x854.jpeg 1280w, http:\/\/culturaliagz.com\/wp-content\/uploads\/2024\/05\/20240126-Guadi-Galego-Sintese-Horizonte-en-Santiago-\u00a9-Cris-Padin-4-980x653.jpeg 980w, http:\/\/culturaliagz.com\/wp-content\/uploads\/2024\/05\/20240126-Guadi-Galego-Sintese-Horizonte-en-Santiago-\u00a9-Cris-Padin-4-480x320.jpeg 480w\" sizes=\"auto, (max-width: 1024px) 100vw, 1024px\" \/><\/a><\/figure>\n\n\n\n<figure class=\"wp-block-image size-large\"><a href=\"http:\/\/culturaliagz.com\/wp-content\/uploads\/2024\/05\/20240126-Guadi-Galego-Sintese-Horizonte-en-Santiago-\u00a9-Cris-Padin-7-scaled.jpeg\" target=\"_blank\" rel=\"noreferrer noopener\"><img loading=\"lazy\" decoding=\"async\" width=\"1024\" height=\"683\" data-id=\"15883\" src=\"http:\/\/culturaliagz.com\/wp-content\/uploads\/2024\/05\/20240126-Guadi-Galego-Sintese-Horizonte-en-Santiago-\u00a9-Cris-Padin-7-1024x683.jpeg\" alt=\"\" class=\"wp-image-15883\" srcset=\"http:\/\/culturaliagz.com\/wp-content\/uploads\/2024\/05\/20240126-Guadi-Galego-Sintese-Horizonte-en-Santiago-\u00a9-Cris-Padin-7-1024x683.jpeg 1024w, http:\/\/culturaliagz.com\/wp-content\/uploads\/2024\/05\/20240126-Guadi-Galego-Sintese-Horizonte-en-Santiago-\u00a9-Cris-Padin-7-300x200.jpeg 300w, http:\/\/culturaliagz.com\/wp-content\/uploads\/2024\/05\/20240126-Guadi-Galego-Sintese-Horizonte-en-Santiago-\u00a9-Cris-Padin-7-768x512.jpeg 768w, http:\/\/culturaliagz.com\/wp-content\/uploads\/2024\/05\/20240126-Guadi-Galego-Sintese-Horizonte-en-Santiago-\u00a9-Cris-Padin-7-1536x1024.jpeg 1536w, http:\/\/culturaliagz.com\/wp-content\/uploads\/2024\/05\/20240126-Guadi-Galego-Sintese-Horizonte-en-Santiago-\u00a9-Cris-Padin-7-2048x1365.jpeg 2048w, http:\/\/culturaliagz.com\/wp-content\/uploads\/2024\/05\/20240126-Guadi-Galego-Sintese-Horizonte-en-Santiago-\u00a9-Cris-Padin-7-1080x720.jpeg 1080w, http:\/\/culturaliagz.com\/wp-content\/uploads\/2024\/05\/20240126-Guadi-Galego-Sintese-Horizonte-en-Santiago-\u00a9-Cris-Padin-7-1280x854.jpeg 1280w, http:\/\/culturaliagz.com\/wp-content\/uploads\/2024\/05\/20240126-Guadi-Galego-Sintese-Horizonte-en-Santiago-\u00a9-Cris-Padin-7-980x653.jpeg 980w, http:\/\/culturaliagz.com\/wp-content\/uploads\/2024\/05\/20240126-Guadi-Galego-Sintese-Horizonte-en-Santiago-\u00a9-Cris-Padin-7-480x320.jpeg 480w\" sizes=\"auto, (max-width: 1024px) 100vw, 1024px\" \/><\/a><\/figure>\n<\/figure>\n\n\n\n<p><\/p>\n\n\n\n<p><\/p>\n\n\n\n<p class=\"has-text-align-justify\"><strong><a href=\"https:\/\/guadigalego.eu\/\" target=\"_blank\" rel=\"noreferrer noopener\">Guadi Galego<\/a> presentar\u00e1 por \u00faltima vez o seu novo directo,\u00a0<em>S\u00edntese Horizonte<\/em>, o\u00a0domingo 2\u00a0de xu\u00f1o no Teatro Col\u00f3n<\/strong>. A creadora, que v\u00e9n de ga\u00f1ar na categor\u00eda Canci\u00f3n de Autora na 11\u00aa edici\u00f3n dos Premios Mart\u00edn C\u00f3dax da M\u00fasica, chegar\u00e1 \u00e1 cidade da Coru\u00f1a\u00a0para pechar a xira dun directo no que festexa os seus 25 anos de traxectoria\u00a0sobre os escenarios.\u00a0<\/p>\n\n\n\n<p class=\"has-text-align-justify\">Tras realizar unha tr\u00edade de concertos de presentaci\u00f3n de&nbsp;<em>S\u00edntese Horizonte<\/em>&nbsp;en Santiago, Ferrol e Pontevedra nos meses de xaneiro e abril, Guadi Galego levar\u00e1 por fin esta proposta ao teatro herculino o primeiro domingo de xu\u00f1o,&nbsp;<strong>no marco do ciclo&nbsp;<em>Coa Nosa Voz<\/em>,&nbsp;<\/strong>promovido pola Deputaci\u00f3n da Coru\u00f1a, no que tam\u00e9n participan Ux\u00eda, Ug\u00eda Pedreira e Ant\u00eda Mu\u00ed\u00f1o.&nbsp;A cita coru\u00f1esa ser\u00e1 a \u00faltima data en teatros de Guadi Galego antes de iniciar a xira de ver\u00e1n e as entradas ser\u00e1n de balde. Os convites poderanse retirar desde hoxe en&nbsp;<a href=\"http:\/\/ataquilla.com\/\" target=\"_blank\" rel=\"noreferrer noopener\">ataquilla.com<\/a>.<\/p>\n\n\n\n<p class=\"has-text-align-justify\"><em>S\u00edntese Horizonte&nbsp;<\/em>\u00e9 unha aposta que fai a propia Guadi Galego pola evoluci\u00f3n do seu son, pois con cada disco, e con cada espect\u00e1culo, foi aprendendo a desaprender do establecido. Tr\u00e1tase dunha proposta exclusiva coa que pretende sorprender ao p\u00fablico e, \u00e1 vez, ofrecer unha experiencia musical \u00fanica e transformadora. As\u00ed, neste concerto,&nbsp;<strong>a creadora de Cedeira presenta por primeira vez en Galicia os temas do seu \u00faltimo LP,&nbsp;<em>Roib\u00e9n,<\/em>&nbsp;mais tam\u00e9n revisita temas de anteriores traballos discogr\u00e1ficos e entoa temas como o seu sinxelo -e xa todo un himno-&nbsp;<\/strong><em><strong>O.D.A.<\/strong>,&nbsp;<\/em>no que Guadi reivindica o dereito a seguir experimentando.<\/p>\n\n\n\n<p class=\"has-text-align-justify\">Neste novo directo, Guadi Galego acomp\u00e1\u00f1ase de reco\u00f1ecidas artistas do pa\u00eds. \u00c9 o caso da banda conformada por Guillerme Fern\u00e1ndez (guitarra ac\u00fastica el\u00e9ctrica e sintetizada), Rub\u00e9n Iglesias (baixo e sintetizadores), Isaac Palac\u00edn (bater\u00eda e percursi\u00f3n), \u00c1lex Fern\u00e1ndez (teclados) e Paula Romero, Faia D\u00edaz, In\u00e9s Salvado e Roc\u00edo Jim\u00e9nez (vocalistas). Ademais, esta nova produci\u00f3n, en colaboraci\u00f3n con Culturactiva, destaca tanto pola s\u00faa coidada iluminaci\u00f3n (de Laura Iturralde e Jos\u00e9 Faro, de NONONON.LAB) como pola s\u00faa posta en escena (de Marina Oural e Ug\u00eda Pedreira -Oficina Galega de Outros Asuntos do Movemento).<\/p>\n\n\n\n<p class=\"has-text-align-justify\">Logo do \u00faltimo directo de&nbsp;<em>S\u00edntese Horizonte&nbsp;<\/em>na Coru\u00f1a, Guadi Galego iniciar\u00e1 unha xira de ver\u00e1n da que xa se co\u00f1ecen algunhas das primeiras datas. \u00c9 o caso do festival PortAm\u00e9rica, a Festa de Carballeira de Zas ou mesmo do Festival Revenidas.&nbsp;<\/p>\n\n\n\n<p><\/p>\n\n\n\n<p><\/p>\n\n\n<a href=\"http:\/\/culturaliagz.com\/wp-content\/uploads\/2024\/05\/20240520-NP-Guadi-Galego-Sintese-Horizonte-na-Coruna.pdf\" class=\"pdfemb-viewer\" style=\"\" data-width=\"max\" data-height=\"max\" data-toolbar=\"bottom\" data-toolbar-fixed=\"off\">20240520-NP-Guadi-Galego-Sintese-Horizonte-na-Coruna<\/a>\n<p class=\"wp-block-pdfemb-pdf-embedder-viewer\"><\/p>\n\n\n\n<p><\/p>\n","protected":false},"excerpt":{"rendered":"<p>A creadora, que v\u00e9n de recibir o Premio Mart\u00edn C\u00f3dax na categor\u00eda Canci\u00f3n de Autora, celebra neste 2024 os seus 25 anos de traxectoria musical cun directo expresamente concibido para [&hellip;]<\/p>\n","protected":false},"author":1,"featured_media":0,"comment_status":"open","ping_status":"open","sticky":false,"template":"","format":"standard","meta":{"_et_pb_use_builder":"","_et_pb_old_content":"","_et_gb_content_width":"","_jetpack_memberships_contains_paid_content":false,"footnotes":""},"categories":[23,7,6,57,1],"tags":[1860,2249,988,1983,2250,1968,1016],"class_list":["post-15879","post","type-post","status-publish","format-standard","hentry","category-autoresas","category-creacion","category-novas","category-outras-artes","category-xeral","tag-ataquilla","tag-coa-nosa-voz","tag-deputacion-da-coruna","tag-guadi-galego","tag-premio-martin-codax","tag-sintese-horizonte","tag-teatro-colon"],"jetpack_featured_media_url":"","jetpack_sharing_enabled":true,"_links":{"self":[{"href":"http:\/\/culturaliagz.com\/index.php?rest_route=\/wp\/v2\/posts\/15879","targetHints":{"allow":["GET"]}}],"collection":[{"href":"http:\/\/culturaliagz.com\/index.php?rest_route=\/wp\/v2\/posts"}],"about":[{"href":"http:\/\/culturaliagz.com\/index.php?rest_route=\/wp\/v2\/types\/post"}],"author":[{"embeddable":true,"href":"http:\/\/culturaliagz.com\/index.php?rest_route=\/wp\/v2\/users\/1"}],"replies":[{"embeddable":true,"href":"http:\/\/culturaliagz.com\/index.php?rest_route=%2Fwp%2Fv2%2Fcomments&post=15879"}],"version-history":[{"count":4,"href":"http:\/\/culturaliagz.com\/index.php?rest_route=\/wp\/v2\/posts\/15879\/revisions"}],"predecessor-version":[{"id":15889,"href":"http:\/\/culturaliagz.com\/index.php?rest_route=\/wp\/v2\/posts\/15879\/revisions\/15889"}],"wp:attachment":[{"href":"http:\/\/culturaliagz.com\/index.php?rest_route=%2Fwp%2Fv2%2Fmedia&parent=15879"}],"wp:term":[{"taxonomy":"category","embeddable":true,"href":"http:\/\/culturaliagz.com\/index.php?rest_route=%2Fwp%2Fv2%2Fcategories&post=15879"},{"taxonomy":"post_tag","embeddable":true,"href":"http:\/\/culturaliagz.com\/index.php?rest_route=%2Fwp%2Fv2%2Ftags&post=15879"}],"curies":[{"name":"wp","href":"https:\/\/api.w.org\/{rel}","templated":true}]}}