{"id":15843,"date":"2024-05-15T23:27:16","date_gmt":"2024-05-15T22:27:16","guid":{"rendered":"http:\/\/culturaliagz.com\/?p=15843"},"modified":"2024-05-15T23:30:30","modified_gmt":"2024-05-15T22:30:30","slug":"concerto-de-ialma-na-casa-museo-manuel-maria","status":"publish","type":"post","link":"http:\/\/culturaliagz.com\/?p=15843","title":{"rendered":"Concerto de IALMA na Casa-Museo Manuel Mar\u00eda"},"content":{"rendered":"\n<p><\/p>\n\n\n\n<p><\/p>\n\n\n<div class=\"wp-block-image\">\n<figure class=\"aligncenter size-large\"><a href=\"http:\/\/culturaliagz.com\/wp-content\/uploads\/2024\/05\/IMG_2254-scaled.jpeg\" target=\"_blank\" rel=\"noreferrer noopener\"><img loading=\"lazy\" decoding=\"async\" width=\"1000\" height=\"1024\" src=\"http:\/\/culturaliagz.com\/wp-content\/uploads\/2024\/05\/IMG_2254-1000x1024.jpeg\" alt=\"\" class=\"wp-image-15844\" srcset=\"http:\/\/culturaliagz.com\/wp-content\/uploads\/2024\/05\/IMG_2254-980x1004.jpeg 980w, http:\/\/culturaliagz.com\/wp-content\/uploads\/2024\/05\/IMG_2254-480x492.jpeg 480w\" sizes=\"auto, (min-width: 0px) and (max-width: 480px) 480px, (min-width: 481px) and (max-width: 980px) 980px, (min-width: 981px) 1000px, 100vw\" \/><\/a><\/figure>\n<\/div>\n\n\n<p><\/p>\n\n\n\n<p><\/p>\n\n\n\n<p><\/p>\n\n\n\n<p class=\"has-text-align-justify\">Este domingo, 19 de maio, \u00e1s 12 h, a <a href=\"https:\/\/www.casamuseomanuelmaria.gal\/portada.htm;jsessionid=EEB1CBF4FAF22D61FDEB8D278616F7F2\" target=\"_blank\" rel=\"noreferrer noopener\">Casa-Museo Manuel Mar\u00eda<\/a> acolle un concerto do grupo <a href=\"https:\/\/www.casamuseomanuelmaria.gal\/actividades\/ialma-na-casa-museo-manuel-maria-este-domingo-as-12-h.htm?tipo=ACTIVIDADE\">IALMA<\/a>. Un cuarteto de mulleres de Bruxelas (Ver\u00f3nica Codesal, Magali Menendez, Natalia Codesal e Marisol Palomo), fillas de familias emigrantes galegas, con m\u00e1is de vinte anos de carreira art\u00edstica e sete exitosos traballos publicados, que cantan en galego e que levan a m\u00fasica galega por todo o mundo. Elas estar\u00e1n acompa\u00f1adas\u00a0de dous grandes m\u00fasicos, Didier Laloy, considerado un dos representantes m\u00e1is activos do renacemento do acorde\u00f3n diat\u00f3nico e do salient\u00e1bel guitarrista Karim Baggili.<\/p>\n\n\n\n<p class=\"has-text-align-justify\">As voces tradicionais de Ialma fusi\u00f3nanse con sons, melod\u00edas e arranxos modernos, dando canci\u00f3ns moi frescas e vivas, que mostran a s\u00faa propia historia e a de tantos emigrantes, e coas que percorren os mellores festivais de m\u00fasica folk, de ra\u00edz, de fusi\u00f3n e divulgaci\u00f3n. Grandes artistas como Guadi Galego, Dulce Pontes, Mercedes Pe\u00f3n, Kepa Junquera, Xurxo Fernandes&#8230; apostaron pola s\u00faa marabillosa colaboraci\u00f3n.&nbsp;<\/p>\n\n\n\n<p class=\"has-text-align-justify\">Este domingo&nbsp;traer\u00e1n a&nbsp;Outeiro de Rei&nbsp;o seu \u00faltimo proxecto&nbsp;<em>Cami\u00f1o<\/em>,&nbsp;traballo que&nbsp;conta a historia da avoa dunha das integrantes do grupo e&nbsp;que&nbsp;est\u00e1 cheo de canci\u00f3ns emocionantes e moi alegres.&nbsp;<\/p>\n\n\n\n<p class=\"has-text-align-justify\">Para asistir ao concerto \u00e9 necesario reservar (billete 5 euros) no seguinte enderezo electr\u00f3nico&nbsp;<a href=\"mailto:contacto@casamuseomanuelmaria.gal\" target=\"_blank\" rel=\"noreferrer noopener\">contacto@casamuseomanuelmaria.gal<\/a>&nbsp;ou no whatsapp 698177621.<\/p>\n","protected":false},"excerpt":{"rendered":"<p>Este domingo, 19 de maio, \u00e1s 12 h, a Casa-Museo Manuel Mar\u00eda acolle un concerto do grupo IALMA. Un cuarteto de mulleres de Bruxelas (Ver\u00f3nica Codesal, Magali Menendez, Natalia Codesal [&hellip;]<\/p>\n","protected":false},"author":1,"featured_media":0,"comment_status":"open","ping_status":"open","sticky":false,"template":"","format":"standard","meta":{"_et_pb_use_builder":"","_et_pb_old_content":"","_et_gb_content_width":"","_jetpack_memberships_contains_paid_content":false,"footnotes":"[]"},"categories":[23,7,6,57,1],"tags":[2112,1918],"class_list":["post-15843","post","type-post","status-publish","format-standard","hentry","category-autoresas","category-creacion","category-novas","category-outras-artes","category-xeral","tag-casa-museo-manuel-maria-2","tag-ialma"],"jetpack_featured_media_url":"","jetpack_sharing_enabled":true,"_links":{"self":[{"href":"http:\/\/culturaliagz.com\/index.php?rest_route=\/wp\/v2\/posts\/15843","targetHints":{"allow":["GET"]}}],"collection":[{"href":"http:\/\/culturaliagz.com\/index.php?rest_route=\/wp\/v2\/posts"}],"about":[{"href":"http:\/\/culturaliagz.com\/index.php?rest_route=\/wp\/v2\/types\/post"}],"author":[{"embeddable":true,"href":"http:\/\/culturaliagz.com\/index.php?rest_route=\/wp\/v2\/users\/1"}],"replies":[{"embeddable":true,"href":"http:\/\/culturaliagz.com\/index.php?rest_route=%2Fwp%2Fv2%2Fcomments&post=15843"}],"version-history":[{"count":8,"href":"http:\/\/culturaliagz.com\/index.php?rest_route=\/wp\/v2\/posts\/15843\/revisions"}],"predecessor-version":[{"id":15853,"href":"http:\/\/culturaliagz.com\/index.php?rest_route=\/wp\/v2\/posts\/15843\/revisions\/15853"}],"wp:attachment":[{"href":"http:\/\/culturaliagz.com\/index.php?rest_route=%2Fwp%2Fv2%2Fmedia&parent=15843"}],"wp:term":[{"taxonomy":"category","embeddable":true,"href":"http:\/\/culturaliagz.com\/index.php?rest_route=%2Fwp%2Fv2%2Fcategories&post=15843"},{"taxonomy":"post_tag","embeddable":true,"href":"http:\/\/culturaliagz.com\/index.php?rest_route=%2Fwp%2Fv2%2Ftags&post=15843"}],"curies":[{"name":"wp","href":"https:\/\/api.w.org\/{rel}","templated":true}]}}