{"id":15837,"date":"2024-05-15T22:58:02","date_gmt":"2024-05-15T21:58:02","guid":{"rendered":"http:\/\/culturaliagz.com\/?p=15837"},"modified":"2024-05-15T22:58:04","modified_gmt":"2024-05-15T21:58:04","slug":"esgotados-tanto-os-abonos-coma-as-entradas-do-sabado-27-e-do-domingo-28-de-xullo-para-asistir-a-nova-edicion-do-sinsal-son-estrella-galicia","status":"publish","type":"post","link":"http:\/\/culturaliagz.com\/?p=15837","title":{"rendered":"Esgotados tanto os abonos coma as entradas do\u00a0s\u00e1bado 27\u00a0e do\u00a0domingo 28\u00a0de xullo para asistir \u00e1 nova edici\u00f3n do Sinsal SON Estrella Galicia"},"content":{"rendered":"\n<p><\/p>\n\n\n\n<p><\/p>\n\n\n<div class=\"wp-block-image\">\n<figure class=\"aligncenter size-large\"><a href=\"http:\/\/culturaliagz.com\/wp-content\/uploads\/2024\/05\/20230723-Sinsal-domingo-23-\u00a9-Lino-Escuris-18.jpeg\" target=\"_blank\" rel=\"noreferrer noopener\"><img loading=\"lazy\" decoding=\"async\" width=\"1024\" height=\"682\" src=\"http:\/\/culturaliagz.com\/wp-content\/uploads\/2024\/05\/20230723-Sinsal-domingo-23-\u00a9-Lino-Escuris-18-1024x682.jpeg\" alt=\"\" class=\"wp-image-15838\" srcset=\"http:\/\/culturaliagz.com\/wp-content\/uploads\/2024\/05\/20230723-Sinsal-domingo-23-\u00a9-Lino-Escuris-18-1024x682.jpeg 1024w, http:\/\/culturaliagz.com\/wp-content\/uploads\/2024\/05\/20230723-Sinsal-domingo-23-\u00a9-Lino-Escuris-18-300x200.jpeg 300w, http:\/\/culturaliagz.com\/wp-content\/uploads\/2024\/05\/20230723-Sinsal-domingo-23-\u00a9-Lino-Escuris-18-768x512.jpeg 768w, http:\/\/culturaliagz.com\/wp-content\/uploads\/2024\/05\/20230723-Sinsal-domingo-23-\u00a9-Lino-Escuris-18-1080x719.jpeg 1080w, http:\/\/culturaliagz.com\/wp-content\/uploads\/2024\/05\/20230723-Sinsal-domingo-23-\u00a9-Lino-Escuris-18-1280x853.jpeg 1280w, http:\/\/culturaliagz.com\/wp-content\/uploads\/2024\/05\/20230723-Sinsal-domingo-23-\u00a9-Lino-Escuris-18-980x653.jpeg 980w, http:\/\/culturaliagz.com\/wp-content\/uploads\/2024\/05\/20230723-Sinsal-domingo-23-\u00a9-Lino-Escuris-18-480x320.jpeg 480w, http:\/\/culturaliagz.com\/wp-content\/uploads\/2024\/05\/20230723-Sinsal-domingo-23-\u00a9-Lino-Escuris-18.jpeg 1300w\" sizes=\"auto, (max-width: 1024px) 100vw, 1024px\" \/><\/a><\/figure>\n<\/div>\n\n\n<p><\/p>\n\n\n\n<p><\/p>\n\n\n\n<p><\/p>\n\n\n\n<p class=\"has-text-align-justify\"><strong>O evento, un dos festivais m\u00e1is singulares da tempada estival e cuxo cartel s\u00f3 de descubre ao desembarcar na illa de San Sim\u00f3n, activou este luns 13&nbsp;<\/strong><strong>a venda de entradas e, 24 horas despois, unicamente disp\u00f3n de billetes para o venres 26<\/strong><\/p>\n\n\n\n<p><\/p>\n\n\n\n<figure class=\"wp-block-gallery has-nested-images columns-default is-cropped wp-block-gallery-1 is-layout-flex wp-block-gallery-is-layout-flex\">\n<figure class=\"wp-block-image size-large\"><a href=\"http:\/\/culturaliagz.com\/wp-content\/uploads\/2024\/05\/20230723-Sinsal-domingo-23-\u00a9-Lino-Escuris-22.jpeg\" target=\"_blank\" rel=\"noreferrer noopener\"><img loading=\"lazy\" decoding=\"async\" width=\"1024\" height=\"683\" data-id=\"15841\" src=\"http:\/\/culturaliagz.com\/wp-content\/uploads\/2024\/05\/20230723-Sinsal-domingo-23-\u00a9-Lino-Escuris-22-1024x683.jpeg\" alt=\"\" class=\"wp-image-15841\" srcset=\"http:\/\/culturaliagz.com\/wp-content\/uploads\/2024\/05\/20230723-Sinsal-domingo-23-\u00a9-Lino-Escuris-22-1024x683.jpeg 1024w, http:\/\/culturaliagz.com\/wp-content\/uploads\/2024\/05\/20230723-Sinsal-domingo-23-\u00a9-Lino-Escuris-22-300x200.jpeg 300w, http:\/\/culturaliagz.com\/wp-content\/uploads\/2024\/05\/20230723-Sinsal-domingo-23-\u00a9-Lino-Escuris-22-768x512.jpeg 768w, http:\/\/culturaliagz.com\/wp-content\/uploads\/2024\/05\/20230723-Sinsal-domingo-23-\u00a9-Lino-Escuris-22-1080x720.jpeg 1080w, http:\/\/culturaliagz.com\/wp-content\/uploads\/2024\/05\/20230723-Sinsal-domingo-23-\u00a9-Lino-Escuris-22-1280x854.jpeg 1280w, http:\/\/culturaliagz.com\/wp-content\/uploads\/2024\/05\/20230723-Sinsal-domingo-23-\u00a9-Lino-Escuris-22-980x654.jpeg 980w, http:\/\/culturaliagz.com\/wp-content\/uploads\/2024\/05\/20230723-Sinsal-domingo-23-\u00a9-Lino-Escuris-22-480x320.jpeg 480w, http:\/\/culturaliagz.com\/wp-content\/uploads\/2024\/05\/20230723-Sinsal-domingo-23-\u00a9-Lino-Escuris-22.jpeg 1300w\" sizes=\"auto, (max-width: 1024px) 100vw, 1024px\" \/><\/a><\/figure>\n\n\n\n<figure class=\"wp-block-image size-large\"><a href=\"http:\/\/culturaliagz.com\/wp-content\/uploads\/2024\/05\/20230723-Sinsal-domingo-23-\u00a9-Lino-Escuris-12.jpeg\" target=\"_blank\" rel=\"noreferrer noopener\"><img loading=\"lazy\" decoding=\"async\" width=\"1024\" height=\"683\" data-id=\"15840\" src=\"http:\/\/culturaliagz.com\/wp-content\/uploads\/2024\/05\/20230723-Sinsal-domingo-23-\u00a9-Lino-Escuris-12-1024x683.jpeg\" alt=\"\" class=\"wp-image-15840\" srcset=\"http:\/\/culturaliagz.com\/wp-content\/uploads\/2024\/05\/20230723-Sinsal-domingo-23-\u00a9-Lino-Escuris-12-1024x683.jpeg 1024w, http:\/\/culturaliagz.com\/wp-content\/uploads\/2024\/05\/20230723-Sinsal-domingo-23-\u00a9-Lino-Escuris-12-300x200.jpeg 300w, http:\/\/culturaliagz.com\/wp-content\/uploads\/2024\/05\/20230723-Sinsal-domingo-23-\u00a9-Lino-Escuris-12-768x512.jpeg 768w, http:\/\/culturaliagz.com\/wp-content\/uploads\/2024\/05\/20230723-Sinsal-domingo-23-\u00a9-Lino-Escuris-12-1080x720.jpeg 1080w, http:\/\/culturaliagz.com\/wp-content\/uploads\/2024\/05\/20230723-Sinsal-domingo-23-\u00a9-Lino-Escuris-12-980x653.jpeg 980w, http:\/\/culturaliagz.com\/wp-content\/uploads\/2024\/05\/20230723-Sinsal-domingo-23-\u00a9-Lino-Escuris-12-480x320.jpeg 480w, http:\/\/culturaliagz.com\/wp-content\/uploads\/2024\/05\/20230723-Sinsal-domingo-23-\u00a9-Lino-Escuris-12.jpeg 1200w\" sizes=\"auto, (max-width: 1024px) 100vw, 1024px\" \/><\/a><\/figure>\n<\/figure>\n\n\n\n<p><\/p>\n\n\n\n<p class=\"has-text-align-justify\">O p\u00fablico do Festival Sinsal SON Estrella Galicia cumpriu coa \u201ctradici\u00f3n\u201d e, un ano m\u00e1is, esgotou rapidamente as entradas para asistir a San Sim\u00f3n. En tan s\u00f3 24 horas, vend\u00e9ronse\u00a0 todos os billetes dispo\u00f1ibles para viaxar en barco desde o litoral at\u00e9 o coraz\u00f3n das R\u00edas Baixas, tanto o\u00a0s\u00e1bado 27\u00a0coma o\u00a0domingo 28\u00a0de xullo, e gozar dun cartel secreto que conforman m\u00e1is de 20 bandas e solistas de todo o mundo.\u00a0<\/p>\n\n\n\n<p class=\"has-text-align-justify\">Xa na fin de semana, o p\u00fablico tam\u00e9n esgotara, en pouco m\u00e1is de 24 horas, os abonos Sinsal 2024, e que dan acceso \u00e1s tres xornadas do festival, tanto desde o porto de Vigo coma desde o embarcadoiro de Meirande. Arestora unicamente \u00e9 posible adquirir\u00a0<strong>as \u00faltimas entradas para asistir \u00e1 xornada do venres 26<\/strong>, sa\u00edndo tanto desde a Estaci\u00f3n Mar\u00edtima da R\u00eda de Vigo coma do Centro de Interpretaci\u00f3n de Rande, en Redondela.\u00a0Os horarios dos barcos e os prezos dos tickets (reducidos para menores de 16 anos) p\u00f3dense consultar na p\u00e1xina web oficial\u00a0<a href=\"https:\/\/festival.sins.al\/\" target=\"_blank\" rel=\"noreferrer noopener\">https:\/\/festival.sins.al\/<\/a>.\u00a0<br><br><br><strong>Sinsal SON Estrella Galicia 2024<\/strong><br><\/p>\n\n\n\n<p class=\"has-text-align-justify\">Sinsal SON Estrella Galicia \u00e9 un dos encontros sonoros m\u00e1is coidados e singulares do panorama musical estatal. Cada ano, Sinsal ofrece a un p\u00fablico reducido -800 persoas por d\u00eda- a posibilidade de gozar dunha<strong>\u00a0pequena mostra da creaci\u00f3n contempor\u00e1nea m\u00e1is estimulante<\/strong>\u00a0do momento nun escenario excepcional. Un dos sinais de identidade do evento tam\u00e9n \u00e9 o seu cartel secreto, que as e os asistentes s\u00f3 descubren ao desembarcar en San Sim\u00f3n.\u00a0<br><br>A programaci\u00f3n musical caracterizarase pola\u00a0<strong>diversidade de estilos musicais e orixes das bandas e solistas<\/strong>\u00a0que convivir\u00e1n no coraz\u00f3n da R\u00eda de Vigo na \u00faltima fin de semana de xullo. Al\u00e9n das actuaci\u00f3ns, que cada d\u00eda ser\u00e1n diferentes, durante o festival sucederanse numerosas actividades paralelas divulgativas, \u00e1 fin de dar a co\u00f1ecer<strong>\u00a0a historia e o patrimonio cultural e natural de San Sim\u00f3n<\/strong>; ademais de propostas vinculadas \u00e1<strong>\u00a0sostibilidade ambiental e concienciaci\u00f3n<\/strong>, que este ano ter\u00e1n especial protagonismo;\u00a0 ou \u00e1 recuperaci\u00f3n e posta en valor dos\u00a0<strong>arquivos sonoros<\/strong>, que se traducen en iniciativas como as\u00a0<strong>Sesi\u00f3ns San Sim\u00f3n<\/strong>\u00a0ou mesmo os obradoiros\u00a0<strong>A Escola Sinsal.<\/strong><br><br>Este 2024, Sinsal SON Estrella Galicia volver\u00e1 formar parte dos\u00a0<strong>R\u00edas Baixas Fest<\/strong>, a iniciativa da Deputaci\u00f3n de Pontevedra que acolle, ao seu abeiro, aos principais festivais das R\u00edas Baixas \u00e1 fin de promover a programaci\u00f3n cultural, a contorna natural e a gastronom\u00eda deste territorio. Ademais, Sinsal tam\u00e9n conta co patrocinio da Xunta de Galicia a trav\u00e9s de<strong>\u00a0Fest Galicia<\/strong>.\u00a0<\/p>\n\n\n\n<p><\/p>\n\n\n\n<p><\/p>\n\n\n<a href=\"http:\/\/culturaliagz.com\/wp-content\/uploads\/2024\/05\/20240514-NP-GAL-Sinsal-vesgota-entradas-sabado27-domingo-28-e-abonos.pdf\" class=\"pdfemb-viewer\" style=\"\" data-width=\"max\" data-height=\"max\" data-toolbar=\"bottom\" data-toolbar-fixed=\"off\">20240514-NP-GAL-Sinsal-vesgota-entradas-sabado27-domingo-28-e-abonos<\/a>\n<p class=\"wp-block-pdfemb-pdf-embedder-viewer\"><\/p>\n","protected":false},"excerpt":{"rendered":"<p>O evento, un dos festivais m\u00e1is singulares da tempada estival e cuxo cartel s\u00f3 de descubre ao desembarcar na illa de San Sim\u00f3n, activou este luns 13&nbsp;a venda de entradas [&hellip;]<\/p>\n","protected":false},"author":1,"featured_media":0,"comment_status":"open","ping_status":"open","sticky":false,"template":"","format":"standard","meta":{"_et_pb_use_builder":"","_et_pb_old_content":"","_et_gb_content_width":"","_jetpack_memberships_contains_paid_content":false,"footnotes":""},"categories":[23,7,6,57,1],"tags":[1234,1235],"class_list":["post-15837","post","type-post","status-publish","format-standard","hentry","category-autoresas","category-creacion","category-novas","category-outras-artes","category-xeral","tag-festival-sinsal-son-estrella-galicia","tag-illa-de-san-simon"],"jetpack_featured_media_url":"","jetpack_sharing_enabled":true,"_links":{"self":[{"href":"http:\/\/culturaliagz.com\/index.php?rest_route=\/wp\/v2\/posts\/15837","targetHints":{"allow":["GET"]}}],"collection":[{"href":"http:\/\/culturaliagz.com\/index.php?rest_route=\/wp\/v2\/posts"}],"about":[{"href":"http:\/\/culturaliagz.com\/index.php?rest_route=\/wp\/v2\/types\/post"}],"author":[{"embeddable":true,"href":"http:\/\/culturaliagz.com\/index.php?rest_route=\/wp\/v2\/users\/1"}],"replies":[{"embeddable":true,"href":"http:\/\/culturaliagz.com\/index.php?rest_route=%2Fwp%2Fv2%2Fcomments&post=15837"}],"version-history":[{"count":1,"href":"http:\/\/culturaliagz.com\/index.php?rest_route=\/wp\/v2\/posts\/15837\/revisions"}],"predecessor-version":[{"id":15842,"href":"http:\/\/culturaliagz.com\/index.php?rest_route=\/wp\/v2\/posts\/15837\/revisions\/15842"}],"wp:attachment":[{"href":"http:\/\/culturaliagz.com\/index.php?rest_route=%2Fwp%2Fv2%2Fmedia&parent=15837"}],"wp:term":[{"taxonomy":"category","embeddable":true,"href":"http:\/\/culturaliagz.com\/index.php?rest_route=%2Fwp%2Fv2%2Fcategories&post=15837"},{"taxonomy":"post_tag","embeddable":true,"href":"http:\/\/culturaliagz.com\/index.php?rest_route=%2Fwp%2Fv2%2Ftags&post=15837"}],"curies":[{"name":"wp","href":"https:\/\/api.w.org\/{rel}","templated":true}]}}