{"id":15824,"date":"2024-05-14T11:55:14","date_gmt":"2024-05-14T10:55:14","guid":{"rendered":"http:\/\/culturaliagz.com\/?p=15824"},"modified":"2024-05-14T11:57:56","modified_gmt":"2024-05-14T10:57:56","slug":"a-bailarina-e-coreografa-raquel-ferradas-estrea-o-seu-espectaculo-mesura-no-festival-escora","status":"publish","type":"post","link":"http:\/\/culturaliagz.com\/?p=15824","title":{"rendered":"A bailarina e core\u00f3grafa Raquel Ferrad\u00e1s estrea o seu espect\u00e1culo \u201cMesura\u201d no Festival Escora"},"content":{"rendered":"\n<p><\/p>\n\n\n\n<p><\/p>\n\n\n<div class=\"wp-block-image\">\n<figure class=\"aligncenter size-large\"><a href=\"http:\/\/culturaliagz.com\/wp-content\/uploads\/2024\/05\/mesura-por-javier-costela-vazquez.jpeg\" target=\"_blank\" rel=\"noreferrer noopener\"><img loading=\"lazy\" decoding=\"async\" width=\"1024\" height=\"717\" src=\"http:\/\/culturaliagz.com\/wp-content\/uploads\/2024\/05\/mesura-por-javier-costela-vazquez-1024x717.jpeg\" alt=\"\" class=\"wp-image-15825\" srcset=\"http:\/\/culturaliagz.com\/wp-content\/uploads\/2024\/05\/mesura-por-javier-costela-vazquez-980x686.jpeg 980w, http:\/\/culturaliagz.com\/wp-content\/uploads\/2024\/05\/mesura-por-javier-costela-vazquez-480x336.jpeg 480w\" sizes=\"auto, (min-width: 0px) and (max-width: 480px) 480px, (min-width: 481px) and (max-width: 980px) 980px, (min-width: 981px) 1024px, 100vw\" \/><\/a><\/figure>\n<\/div>\n\n\n<p><\/p>\n\n\n\n<p><\/p>\n\n\n\n<p><\/p>\n\n\n\n<p class=\"has-text-align-justify\">O d\u00eda\u00a026 de maio\u00a0\u00a0\u00e1s 19:00h\u00a0na localidade coru\u00f1esa de Carnota, Raquel Ferrad\u00e1s estrea o seu espect\u00e1culo unipersoal <em>Mesura\u00a0<\/em>no marco do Festival Escora, organizado pola Deputaci\u00f3n da Coru\u00f1a.\u00a0<\/p>\n\n\n\n<p class=\"has-text-align-justify\"><em>\u201c<a href=\"https:\/\/www.amarelo.es\/gl\/mesura\">Mesura<\/a>\u201d<\/em>&nbsp;\u00e9 un espect\u00e1culo que foi creado coa axuda do programa Da Man, un proxecto de acompa\u00f1amento art\u00edstico a emerxentes en danza de <a href=\"https:\/\/www.amarelo.es\/gl\" target=\"_blank\" rel=\"noreferrer noopener\">AMARELO Distribuci\u00f3n Esc\u00e9nica<\/a> e Manu Lago patrocinado pola Xunta de Galicia a trav\u00e9s do Centro Coreogr\u00e1fico. Raquel foi a artista seleccionada nesta primeira edici\u00f3n tras convocatoria p\u00fablica.&nbsp;<\/p>\n\n\n\n<p><strong>Sinopse:<\/strong><\/p>\n\n\n\n<p class=\"has-text-align-justify\"><em>A vida fala e estamos en constante cambio, na b\u00fasqueda do equilibrio, sen pasarnos de m\u00e1is nin de menos.<\/em><\/p>\n\n\n\n<p class=\"has-text-align-justify\"><em>MESURA b\u00e1ilalle \u00e1 espera en diferentes momentos da vida. En xeral, \u00e1 inquietude e preocupaci\u00f3n que xenera.&nbsp;<\/em><\/p>\n\n\n\n<p><em>Soster, refuxiarse no movemento, adaptarse \u00e1s transici\u00f3ns e avanzar.<\/em><\/p>\n\n\n\n<p><em>Comenzar de cero \u00e9 sobrevivir no presente. Non hai pasado no cero.&nbsp;<\/em><\/p>\n\n\n\n<p><em>Hai que saber convivir coa espera para ver o mundo aos ollos.<\/em><\/p>\n\n\n\n<p><strong>Ficha:<\/strong><\/p>\n\n\n\n<p>Direcci\u00f3n, coreograf\u00eda e interpretaci\u00f3n:&nbsp;Raquel Ferrad\u00e1s<\/p>\n\n\n\n<p>Colabora: Media Punta Vigo<\/p>\n\n\n\n<p>V\u00eddeo e foto: Javier Costela V\u00e1zquez<\/p>\n\n\n\n<p class=\"has-text-align-justify\">Acompa\u00f1a: Da Man &#8211; AMARELO Distribuci\u00f3n Esc\u00e9nica \u2013 Manu Lago &#8211; Xunta de Galicia \u2013 Centro Coreogr\u00e1fico Galego<\/p>\n\n\n\n<p>Produce: AMARELO Distribuci\u00f3n Esc\u00e9nica&nbsp;e Raquel Ferrad\u00e1s<\/p>\n\n\n\n<p>Duraci\u00f3n: 18 minutos<\/p>\n\n\n\n<p>Tipo de p\u00fablico: Todos os p\u00fablicos<\/p>\n\n\n\n<p>V\u00eddeo promocional:<\/p>\n\n\n\n<figure class=\"wp-block-embed is-type-video is-provider-youtube wp-block-embed-youtube wp-embed-aspect-16-9 wp-has-aspect-ratio\"><div class=\"wp-block-embed__wrapper\">\n<iframe loading=\"lazy\" title=\"MESURA Teaser\" width=\"1080\" height=\"608\" src=\"https:\/\/www.youtube.com\/embed\/KKx2V_rf6OI?feature=oembed\" frameborder=\"0\" allow=\"accelerometer; autoplay; clipboard-write; encrypted-media; gyroscope; picture-in-picture; web-share\" referrerpolicy=\"strict-origin-when-cross-origin\" allowfullscreen><\/iframe>\n<\/div><\/figure>\n\n\n\n<p>&nbsp;<\/p>\n\n\n\n<p><strong>O proceso de creaci\u00f3n, por Raquel Ferrad\u00e1s:<\/strong><\/p>\n\n\n\n<p class=\"has-text-align-justify\">\u201cPart\u00edn dun reto persoal e da necesidade de contar algo que igual con palabras non sei ou non era tan sinxelo. Sent\u00edn que era o momento e o lugar para encerrarme e crear. Foi un ano complicado, con moitos cambios e ti\u00f1a a necesidade de meditar dende o movemento. Sempre foi a mi\u00f1a v\u00eda de escape.\u201d<\/p>\n\n\n\n<p class=\"has-text-align-justify\">\u201cO que quer\u00eda transmitir \u00e9 a ansiedade que produce esperar en calquer momento ou situaci\u00f3n da vida, xa sexa familiar, laboral, amorosa, etc. A espera sen respostas, a incertidume e a forma que temos de convivir con ela. No meu caso, a b\u00fasqueda da tranquilidade e paz mental dentro do caos.\u201d<\/p>\n\n\n\n<p class=\"has-text-align-justify\">\u201cEstou feliz co resultado. Creo que \u00e9 unha peza moi persoal na que traballei e seguirei traballando moito. Hai moito que moldear, que seguir investigando, moito que escoitar de ollos externos, compa\u00f1eiros\/as, amigos\/as e todo est\u00e1 para seguir crecendo, evolucionando e mellorando, por suposto. Pero xa te\u00f1o un &#8220;pentagrama&#8221; claro do que tirar e apostar despois de moitos d\u00edas de traballo.\u201d<\/p>\n\n\n\n<p class=\"has-text-align-justify\">\u201cSer a primeira artista galega seleccionada no programa Da Man supuxo unha felicidade, moit\u00edsima ilusi\u00f3n, motivaci\u00f3n e o impulso que necesitaba para confiar e seguir cara adiante coas ideas e o proxecto. Primeiro porque me axudou a por en orde ideas, movementos, imaxes, escribir moito&#8230; e despois transmitirllo ao equipo de Da Man, primeiro en forma de dossier e despois en persoa a Lilian Portela e Manu Lago. Dende o primeiro d\u00eda sentinme apoiada e acompa\u00f1ada por elas no vertixe que sup\u00f3n crear unha peza soa que dirixes e interpretas. Foi unha axuda tanto persoal, como profesional, outra perspectiva diferente ao que pod\u00eda ver cos meus ollos e tam\u00e9n un apoio a nivel econ\u00f3mico e para situarme no sector e no mercado da danza.\u201d&nbsp;<\/p>\n\n\n\n<p><\/p>\n\n\n<div class=\"wp-block-image\">\n<figure class=\"aligncenter size-large is-resized\"><a href=\"http:\/\/culturaliagz.com\/wp-content\/uploads\/2024\/05\/mesura-por-javier-costela-vazquez-2.jpeg\" target=\"_blank\" rel=\"noreferrer noopener\"><img loading=\"lazy\" decoding=\"async\" width=\"1024\" height=\"717\" src=\"http:\/\/culturaliagz.com\/wp-content\/uploads\/2024\/05\/mesura-por-javier-costela-vazquez-2-1024x717.jpeg\" alt=\"\" class=\"wp-image-15826\" style=\"width:783px;height:auto\" srcset=\"http:\/\/culturaliagz.com\/wp-content\/uploads\/2024\/05\/mesura-por-javier-costela-vazquez-2-980x686.jpeg 980w, http:\/\/culturaliagz.com\/wp-content\/uploads\/2024\/05\/mesura-por-javier-costela-vazquez-2-480x336.jpeg 480w\" sizes=\"auto, (min-width: 0px) and (max-width: 480px) 480px, (min-width: 481px) and (max-width: 980px) 980px, (min-width: 981px) 1024px, 100vw\" \/><\/a><\/figure>\n<\/div>\n\n\n<p><\/p>\n\n\n\n<p><\/p>\n\n\n\n<p><strong>Biograf\u00eda:<\/strong><\/p>\n\n\n\n<p class=\"has-text-align-justify\">Raquel Ferrad\u00e1s \u00e9 bailarina e docente de danza contempor\u00e1nea e moderna. Formada no Conservatorio Carmen Roche en Madrid (2017) e nos Conservatorios Coppelia e Mayeusis de Vigo, complementando a formaci\u00f3n con monogr\u00e1ficos de core\u00f3grafas e creadoras de primeiro nivel nacional e europeo.<\/p>\n\n\n\n<p class=\"has-text-align-justify\">Actualmente co-produce&nbsp;<em>Mesura<\/em>, un solo para r\u00faa e espazo non convencional, con AMARELO Distribuci\u00f3n Esc\u00e9nica tras o programa de acompa\u00f1amento a emerxentes Da Man, que se estrena en maio 2024.<\/p>\n\n\n\n<p class=\"has-text-align-justify\">Baila ou bailou, entre outras compa\u00f1\u00edas, para Paula Quintas C\u00eda, La Galga, Aracaladanza ou Ballet Carmen Roche.<\/p>\n\n\n\n<p class=\"has-text-align-justify\">Foi premiada no Certame Coreogr\u00e1fico Compostela 2021 coa peza&nbsp;<em>Ludo<\/em>&nbsp;de C\u00eda La Galga e ga\u00f1adora do Certamen Carmen Roche co d\u00fao&nbsp;<em>De mayor quiero ser\u2026<\/em>&nbsp;e&nbsp;<em>Los puntos suspensivos que decidas<\/em>&nbsp;con Lydia Mart\u00ednez.<\/p>\n\n\n\n<p><strong>Pr\u00f3ximas funci\u00f3ns:<\/strong><\/p>\n\n\n\n<p>26\/05\/2024&nbsp;\u2013 Carnota \u2013 Festival Escora \u2013 Estrea<\/p>\n\n\n\n<p>29\/05\/2024&nbsp;\u2013 Santiago de Compostela \u2013 Galicia Escena PRO<\/p>\n\n\n\n<p><a href=\"http:\/\/www.raquelferradas.com\/\" target=\"_blank\" rel=\"noreferrer noopener\"><strong>http:\/\/www.raquelferradas.com<\/strong><\/a><\/p>\n\n\n\n<p><a href=\"https:\/\/www.bailadaman.com\" target=\"_blank\" rel=\"noreferrer noopener\">https:\/\/www.bailadaman.com<\/a><\/p>\n","protected":false},"excerpt":{"rendered":"<p>O d\u00eda\u00a026 de maio\u00a0\u00a0\u00e1s 19:00h\u00a0na localidade coru\u00f1esa de Carnota, Raquel Ferrad\u00e1s estrea o seu espect\u00e1culo unipersoal Mesura\u00a0no marco do Festival Escora, organizado pola Deputaci\u00f3n da Coru\u00f1a.\u00a0 \u201cMesura\u201d&nbsp;\u00e9 un espect\u00e1culo que [&hellip;]<\/p>\n","protected":false},"author":1,"featured_media":0,"comment_status":"open","ping_status":"open","sticky":false,"template":"","format":"standard","meta":{"_et_pb_use_builder":"","_et_pb_old_content":"","_et_gb_content_width":"","_jetpack_memberships_contains_paid_content":false,"footnotes":""},"categories":[23,7,6,57,1],"tags":[1972,1971,988,2241,2240,2239],"class_list":["post-15824","post","type-post","status-publish","format-standard","hentry","category-autoresas","category-creacion","category-novas","category-outras-artes","category-xeral","tag-amarelo-distribucion-escenica","tag-da-man","tag-deputacion-da-coruna","tag-festival-escora","tag-mesura","tag-raquel-ferradas"],"jetpack_featured_media_url":"","jetpack_sharing_enabled":true,"_links":{"self":[{"href":"http:\/\/culturaliagz.com\/index.php?rest_route=\/wp\/v2\/posts\/15824","targetHints":{"allow":["GET"]}}],"collection":[{"href":"http:\/\/culturaliagz.com\/index.php?rest_route=\/wp\/v2\/posts"}],"about":[{"href":"http:\/\/culturaliagz.com\/index.php?rest_route=\/wp\/v2\/types\/post"}],"author":[{"embeddable":true,"href":"http:\/\/culturaliagz.com\/index.php?rest_route=\/wp\/v2\/users\/1"}],"replies":[{"embeddable":true,"href":"http:\/\/culturaliagz.com\/index.php?rest_route=%2Fwp%2Fv2%2Fcomments&post=15824"}],"version-history":[{"count":5,"href":"http:\/\/culturaliagz.com\/index.php?rest_route=\/wp\/v2\/posts\/15824\/revisions"}],"predecessor-version":[{"id":15831,"href":"http:\/\/culturaliagz.com\/index.php?rest_route=\/wp\/v2\/posts\/15824\/revisions\/15831"}],"wp:attachment":[{"href":"http:\/\/culturaliagz.com\/index.php?rest_route=%2Fwp%2Fv2%2Fmedia&parent=15824"}],"wp:term":[{"taxonomy":"category","embeddable":true,"href":"http:\/\/culturaliagz.com\/index.php?rest_route=%2Fwp%2Fv2%2Fcategories&post=15824"},{"taxonomy":"post_tag","embeddable":true,"href":"http:\/\/culturaliagz.com\/index.php?rest_route=%2Fwp%2Fv2%2Ftags&post=15824"}],"curies":[{"name":"wp","href":"https:\/\/api.w.org\/{rel}","templated":true}]}}