{"id":15803,"date":"2024-05-10T19:21:45","date_gmt":"2024-05-10T18:21:45","guid":{"rendered":"http:\/\/culturaliagz.com\/?p=15803"},"modified":"2024-05-13T16:42:36","modified_gmt":"2024-05-13T15:42:36","slug":"tres-mulleres-na-escuridade-concerto-en-verso-e-musica-no-dia-das-letras-galegas-na-biblioteca-anxel-casal","status":"publish","type":"post","link":"http:\/\/culturaliagz.com\/?p=15803","title":{"rendered":"TRES MULLERES NA ESCURIDADE, concerto en verso e m\u00fasica no D\u00eda das Letras Galegas, na Biblioteca \u00c1nxel Casal"},"content":{"rendered":"\n<p><\/p>\n\n\n\n<p><\/p>\n\n\n<div class=\"wp-block-image\">\n<figure class=\"aligncenter size-full\"><a href=\"http:\/\/culturaliagz.com\/wp-content\/uploads\/2024\/05\/mercores-15-maio-2024-1930.jpeg\" target=\"_blank\" rel=\"noreferrer noopener\"><img loading=\"lazy\" decoding=\"async\" width=\"1414\" height=\"2000\" src=\"http:\/\/culturaliagz.com\/wp-content\/uploads\/2024\/05\/mercores-15-maio-2024-1930.jpeg\" alt=\"\" class=\"wp-image-15821\" srcset=\"http:\/\/culturaliagz.com\/wp-content\/uploads\/2024\/05\/mercores-15-maio-2024-1930.jpeg 1414w, http:\/\/culturaliagz.com\/wp-content\/uploads\/2024\/05\/mercores-15-maio-2024-1930-1280x1810.jpeg 1280w, http:\/\/culturaliagz.com\/wp-content\/uploads\/2024\/05\/mercores-15-maio-2024-1930-980x1386.jpeg 980w, http:\/\/culturaliagz.com\/wp-content\/uploads\/2024\/05\/mercores-15-maio-2024-1930-480x679.jpeg 480w\" sizes=\"auto, (min-width: 0px) and (max-width: 480px) 480px, (min-width: 481px) and (max-width: 980px) 980px, (min-width: 981px) and (max-width: 1280px) 1280px, (min-width: 1281px) 1414px, 100vw\" \/><\/a><\/figure>\n<\/div>\n\n\n<p><\/p>\n\n\n\n<p><\/p>\n\n\n\n<p><\/p>\n\n\n\n<p class=\"has-text-align-center\" style=\"font-size:16px\"><strong>TRES MULLERES NA ESCURIDADE<\/strong><\/p>\n\n\n\n<p class=\"has-text-align-center\" style=\"font-size:15px\"><em>M\u00e9rcores 15- 19,30 hs- Biblioteca Anxel Casal<\/em>&#8211;&nbsp;<\/p>\n\n\n\n<p class=\"has-text-align-center\" style=\"font-size:15px\"><em>No sal\u00f3n de actos. Actividade dirixida a p\u00fablico adulto. A entrada \u00e9 libre ata completar a capacidade da sala<\/em><\/p>\n\n\n\n<p><\/p>\n\n\n\n<p class=\"has-text-align-justify\">Se o principio foi a palabra, antes dela foi o son e, despois, o entendemento e transmisi\u00f3n da s\u00faa melod\u00eda. Vela\u00ed a M\u00fasica, que brota como o r\u00edo da existencia, e a Palabra, que interpreta o seu ritmo como unha danza ritual arredor do lume da intelixencia. Vela\u00ed a Poes\u00eda, palabra mel\u00f3dica.<\/p>\n\n\n\n<p><\/p>\n\n\n<div class=\"wp-block-image\">\n<figure class=\"alignleft size-medium\"><a href=\"http:\/\/culturaliagz.com\/wp-content\/uploads\/2024\/05\/DSC1878-scaled.jpeg\" target=\"_blank\" rel=\"noreferrer noopener\"><img loading=\"lazy\" decoding=\"async\" width=\"300\" height=\"294\" src=\"http:\/\/culturaliagz.com\/wp-content\/uploads\/2024\/05\/DSC1878-300x294.jpeg\" alt=\"\" class=\"wp-image-15804\"\/><\/a><\/figure>\n<\/div>\n\n\n<p class=\"has-text-align-justify\"><a href=\"https:\/\/bibliotecas.xunta.gal\/santiago\/gl\/actualidade\/axenda\/tres-mulleres-na-escuridade\" target=\"_blank\" rel=\"noreferrer noopener\">\u201cTres mulleres na escuridade\u201d<\/a>, \u00e9 o encontro dunha poeta, escritora, dramaturga, ensa\u00edsta, feminista comprometida coa cultura e a vida, dunha violinista que reserva con gusto refinado, melod\u00edas de autores internacionais e galegos, e dunha actriz e contadora de historias que desde a m\u00e1is profunda admiraci\u00f3n e emoci\u00f3n d\u00e1 voz aos textos escollidos.<\/p>\n\n\n\n<p class=\"has-text-align-justify\">Tres mulleres pensan, senten, crean e recrean , interact\u00faan, enlazan as s\u00faas vidas.<\/p>\n\n\n\n<p class=\"has-text-align-justify\">Dende a s\u00faa obra, Luisa Villalta, do seu viol\u00edn Irina Gruia, dende o escenario a voz de Sole Felloza.<\/p>\n\n\n\n<p class=\"has-text-align-justify\">A escuridade \u00e9nchese de palabras e melod\u00edas, \u00e9 unha viaxe ao universo l\u00facido e comprometido dunha creadora singular, cada verso, texto, melod\u00eda \u00e9 un paso, un xogo que deixa atr\u00e1s as sombras.<\/p>\n\n\n\n<p class=\"has-text-align-justify\">Textos seleccionados de \u00abM\u00fasica &nbsp;Reservada\u00bb, \u00abRu\u00eddo\u00bb, \u00abRota ao interior do ollo\u00bb, \u00abConcerto para un Home s\u00f3\u00bb, \u00abEstudo das sombras\u00bb&nbsp;&nbsp;En Concreto\u201d, \u201cGrial do sol perdido\u201dentre outros.<\/p>\n\n\n\n<p class=\"has-text-align-justify\">M\u00fasica: Julia Dopico Vale, Rosendo Mato, Jules Massenet, Johann Sebastian Bach, Mozart, Chopin, Grieg, Shostakovich entre outros.<\/p>\n\n\n\n<p><em>Posta en escena: Sole Felloza<\/em><\/p>\n\n\n\n<p><em>Arreglos musicais: Irina Gruia<\/em><\/p>\n\n\n\n<p><\/p>\n\n\n\n<p><strong><a href=\"http:\/\/soledadfelloza.com\/index.php\/biografia-2\/\">Sole <\/a><a href=\"http:\/\/soledadfelloza.com\/index.php\/biografia-2\/\" target=\"_blank\" rel=\"noreferrer noopener\">Felloza<\/a>&nbsp;<\/strong><\/p>\n\n\n\n<p class=\"has-text-align-justify\">Sole Felloza \u00e9 actriz, contadora de historias, fot\u00f3grafa, escritora e dramaturga. Actual directora do Festival Internacional de Narraci\u00f3n Oral Atl\u00e1ntica, con sede en Galicia. Leva m\u00e1is de 30 anos contando en festivais de Am\u00e9rica Latina, Europa e Africa.<\/p>\n\n\n\n<p><strong>Irina Gruia<\/strong><\/p>\n\n\n\n<p class=\"has-text-align-justify\">Nada en Brasov, Romania, na co\u00f1ecida rexi\u00f3n de Transilvania. Comeza a tocar o viol\u00edn con 5 anos, sendo o inicio dunha infancia marcada pola participaci\u00f3n en diversas actuaci\u00f3ns por toda Europa, ga\u00f1ando varios premios en competici\u00f3ns musicais internacionais. Os seus estudos de Conservatorio Superior contin\u00faan nos Estados Unidos, onde estudia con Philip Setzer y Eugene Drucker, os dous violinistas do Emerson String Quartet. No ano 2003, Irina aproba a oposici\u00f3n para a \u00abReal Filharmon\u00eda de Galicia\u00bb, en Santiago de Compostela, desenvolvendo una intensa vida musical onde, adem\u00e1is das actuaci\u00f3ns coa Real Filharmon\u00eda, Irina participa en diferentes grupos de c\u00e1mara, en actos culturais e imparte clases de viol\u00edn.<\/p>\n\n\n\n<p class=\"has-text-align-justify\">Dende o ano 2018 xuntas forman parte de <em>ConcerArt<\/em> un proxecto no que participan destacados m\u00fasicos do pa\u00eds, co obxetivo de facer m\u00e1is pr\u00f3xima a m\u00fasica cl\u00e1sica a todos os p\u00fablicos..<\/p>\n\n\n\n<p>Esta actividade conta coa colaboraci\u00f3n da Secretar\u00eda Xeral de Pol\u00edtica Ling\u00fc\u00edstica da Xunta de Galicia.<\/p>\n","protected":false},"excerpt":{"rendered":"<p>TRES MULLERES NA ESCURIDADE M\u00e9rcores 15- 19,30 hs- Biblioteca Anxel Casal&#8211;&nbsp; No sal\u00f3n de actos. Actividade dirixida a p\u00fablico adulto. A entrada \u00e9 libre ata completar a capacidade da sala [&hellip;]<\/p>\n","protected":false},"author":1,"featured_media":0,"comment_status":"open","ping_status":"open","sticky":false,"template":"","format":"standard","meta":{"_et_pb_use_builder":"","_et_pb_old_content":"","_et_gb_content_width":"","_jetpack_memberships_contains_paid_content":false,"footnotes":""},"categories":[23,7,129,6,57,1],"tags":[2232,2233,2231,515,2230],"class_list":["post-15803","post","type-post","status-publish","format-standard","hentry","category-autoresas","category-creacion","category-literaria","category-novas","category-outras-artes","category-xeral","tag-biblioteca-publica-anxel-casal","tag-concerart","tag-irina-gruia","tag-soledad-felloza","tag-tres-mulleres-na-escuridade"],"jetpack_featured_media_url":"","jetpack_sharing_enabled":true,"_links":{"self":[{"href":"http:\/\/culturaliagz.com\/index.php?rest_route=\/wp\/v2\/posts\/15803","targetHints":{"allow":["GET"]}}],"collection":[{"href":"http:\/\/culturaliagz.com\/index.php?rest_route=\/wp\/v2\/posts"}],"about":[{"href":"http:\/\/culturaliagz.com\/index.php?rest_route=\/wp\/v2\/types\/post"}],"author":[{"embeddable":true,"href":"http:\/\/culturaliagz.com\/index.php?rest_route=\/wp\/v2\/users\/1"}],"replies":[{"embeddable":true,"href":"http:\/\/culturaliagz.com\/index.php?rest_route=%2Fwp%2Fv2%2Fcomments&post=15803"}],"version-history":[{"count":7,"href":"http:\/\/culturaliagz.com\/index.php?rest_route=\/wp\/v2\/posts\/15803\/revisions"}],"predecessor-version":[{"id":15823,"href":"http:\/\/culturaliagz.com\/index.php?rest_route=\/wp\/v2\/posts\/15803\/revisions\/15823"}],"wp:attachment":[{"href":"http:\/\/culturaliagz.com\/index.php?rest_route=%2Fwp%2Fv2%2Fmedia&parent=15803"}],"wp:term":[{"taxonomy":"category","embeddable":true,"href":"http:\/\/culturaliagz.com\/index.php?rest_route=%2Fwp%2Fv2%2Fcategories&post=15803"},{"taxonomy":"post_tag","embeddable":true,"href":"http:\/\/culturaliagz.com\/index.php?rest_route=%2Fwp%2Fv2%2Ftags&post=15803"}],"curies":[{"name":"wp","href":"https:\/\/api.w.org\/{rel}","templated":true}]}}